{"id":227852,"date":"2025-08-24T09:36:42","date_gmt":"2025-08-24T07:36:42","guid":{"rendered":"https:\/\/geniwal.be\/?p=227852"},"modified":"2025-12-09T19:44:17","modified_gmt":"2025-12-09T18:44:17","slug":"rhisnes-un-patrimoine-funeraire-a-travers-ses-epitaphes","status":"publish","type":"post","link":"https:\/\/geniwal.be\/de\/nos-pistes\/pistes-genealogiques-en-belgique\/cimetiere\/rhisnes-un-patrimoine-funeraire-a-travers-ses-epitaphes\/","title":{"rendered":"Rhisnes, ein Grabkulturerbe durch seine Epitaphe"},"content":{"rendered":"<p>&nbsp;<\/p>\n<div id=\"attachment_227854\" style=\"width: 209px\" class=\"wp-caption alignleft\"><img decoding=\"async\" aria-describedby=\"caption-attachment-227854\" class=\"wp-image-227854 size-medium lazyload\" data-src=\"https:\/\/geniwal.be\/wp-content\/uploads\/2025\/08\/Eglise-de-Rhisnes-199x300.jpg\" alt=\"\" width=\"199\" height=\"300\" data-srcset=\"https:\/\/geniwal.be\/wp-content\/uploads\/2025\/08\/Eglise-de-Rhisnes-199x300.jpg 199w, https:\/\/geniwal.be\/wp-content\/uploads\/2025\/08\/Eglise-de-Rhisnes-681x1024.jpg 681w, https:\/\/geniwal.be\/wp-content\/uploads\/2025\/08\/Eglise-de-Rhisnes-768x1155.jpg 768w, https:\/\/geniwal.be\/wp-content\/uploads\/2025\/08\/Eglise-de-Rhisnes-1021x1536.jpg 1021w, https:\/\/geniwal.be\/wp-content\/uploads\/2025\/08\/Eglise-de-Rhisnes-1362x2048.jpg 1362w, https:\/\/geniwal.be\/wp-content\/uploads\/2025\/08\/Eglise-de-Rhisnes-8x12.jpg 8w, https:\/\/geniwal.be\/wp-content\/uploads\/2025\/08\/Eglise-de-Rhisnes-1080x1624.jpg 1080w, https:\/\/geniwal.be\/wp-content\/uploads\/2025\/08\/Eglise-de-Rhisnes-300x451.jpg 300w, https:\/\/geniwal.be\/wp-content\/uploads\/2025\/08\/Eglise-de-Rhisnes-600x902.jpg 600w, https:\/\/geniwal.be\/wp-content\/uploads\/2025\/08\/Eglise-de-Rhisnes-40x60.jpg 40w, https:\/\/geniwal.be\/wp-content\/uploads\/2025\/08\/Eglise-de-Rhisnes-60x90.jpg 60w, https:\/\/geniwal.be\/wp-content\/uploads\/2025\/08\/Eglise-de-Rhisnes-scaled.jpg 665w\" data-sizes=\"(max-width: 199px) 100vw, 199px\" src=\"data:image\/svg+xml;base64,PHN2ZyB3aWR0aD0iMSIgaGVpZ2h0PSIxIiB4bWxucz0iaHR0cDovL3d3dy53My5vcmcvMjAwMC9zdmciPjwvc3ZnPg==\" style=\"--smush-placeholder-width: 199px; --smush-placeholder-aspect-ratio: 199\/300;\" \/><p id=\"caption-attachment-227854\" class=\"wp-caption-text\">Die Kirche Saint Dizier in Rhisnes (la Bruy\u00e8re) Namur<\/p><\/div>\n<div id=\"attachment_227859\" style=\"width: 209px\" class=\"wp-caption alignright\"><img decoding=\"async\" aria-describedby=\"caption-attachment-227859\" class=\"wp-image-227859 size-medium lazyload\" data-src=\"https:\/\/geniwal.be\/wp-content\/uploads\/2025\/08\/DSC_9544-199x300.jpg\" alt=\"\" width=\"199\" height=\"300\" data-srcset=\"https:\/\/geniwal.be\/wp-content\/uploads\/2025\/08\/DSC_9544-199x300.jpg 199w, https:\/\/geniwal.be\/wp-content\/uploads\/2025\/08\/DSC_9544-681x1024.jpg 681w, https:\/\/geniwal.be\/wp-content\/uploads\/2025\/08\/DSC_9544-768x1155.jpg 768w, https:\/\/geniwal.be\/wp-content\/uploads\/2025\/08\/DSC_9544-1021x1536.jpg 1021w, https:\/\/geniwal.be\/wp-content\/uploads\/2025\/08\/DSC_9544-1362x2048.jpg 1362w, https:\/\/geniwal.be\/wp-content\/uploads\/2025\/08\/DSC_9544-8x12.jpg 8w, https:\/\/geniwal.be\/wp-content\/uploads\/2025\/08\/DSC_9544-1080x1624.jpg 1080w, https:\/\/geniwal.be\/wp-content\/uploads\/2025\/08\/DSC_9544-300x451.jpg 300w, https:\/\/geniwal.be\/wp-content\/uploads\/2025\/08\/DSC_9544-600x902.jpg 600w, https:\/\/geniwal.be\/wp-content\/uploads\/2025\/08\/DSC_9544-40x60.jpg 40w, https:\/\/geniwal.be\/wp-content\/uploads\/2025\/08\/DSC_9544-60x90.jpg 60w, https:\/\/geniwal.be\/wp-content\/uploads\/2025\/08\/DSC_9544-scaled.jpg 665w\" data-sizes=\"(max-width: 199px) 100vw, 199px\" src=\"data:image\/svg+xml;base64,PHN2ZyB3aWR0aD0iMSIgaGVpZ2h0PSIxIiB4bWxucz0iaHR0cDovL3d3dy53My5vcmcvMjAwMC9zdmciPjwvc3ZnPg==\" style=\"--smush-placeholder-width: 199px; --smush-placeholder-aspect-ratio: 199\/300;\" \/><p id=\"caption-attachment-227859\" class=\"wp-caption-text\">Ehemaliges Grab des Friedhofs<\/p><\/div>\n<p><span style=\"font-family: arial, helvetica, sans-serif; font-size: 14pt;\">Die Aufgabe der Transkription eines Friedhofs besteht darin, die auf den Grabsteinen eingravierten Informationen zu erfassen, aufzubewahren und zu valorisieren. Jede Inschrift - sei es ein Name, ein Datum oder ein Epitaph - ist ein St\u00fcck Erinnerung, ein Zeugnis der Vergangenheit und eine wertvolle Quelle f\u00fcr historische und genealogische Forschungen.<\/span><\/p>\n<p><span style=\"font-family: arial, helvetica, sans-serif; font-size: 14pt;\">Der Prozess beginnt mit einem <strong>systematische Erhebung<\/strong> der Gr\u00e4ber: Gr\u00e4ber zu lokalisieren, Denkm\u00e4ler zu fotografieren und dann die Inschriften getreu zu transkribieren. Diese Arbeit erfordert Genauigkeit und Aufmerksamkeit, da die alten Steine manchmal durch die Zeit verwittert sind und die Texte dadurch schwer zu entziffern sind.<\/span><\/p>\n<p><span style=\"font-family: arial, helvetica, sans-serif; font-size: 14pt;\">Nach der Transkription werden diese Daten <strong>strukturiert und in unsere \u00abIsadora\u00bb-Datenbank gestellt werden\u00bb<\/strong> (Namen, Vornamen, Geburts- und Todesdaten, besondere Erw\u00e4hnungen, Berufe, Titel usw.). Diese Ordnung erm\u00f6glicht Forschern, Nachkommen und Liebhabern des Kulturerbes einen leichten Zugang zu den Informationen.<\/span><\/p>\n<p><span style=\"font-family: arial, helvetica, sans-serif; font-size: 14pt;\">\u00dcber die praktische Dimension hinaus spielt die Transkription von Friedh\u00f6fen eine Rolle <strong>Erbe und Erinnerung<\/strong> :<\/span><br \/>\n<span style=\"font-family: arial, helvetica, sans-serif; font-size: 14pt;\">Sie bewahrt Inschriften, die vom Aussterben bedroht sind.<\/span><br \/>\n<span style=\"font-family: arial, helvetica, sans-serif; font-size: 14pt;\">Sie erweckt vergangene Generationen zu neuem Leben.<br \/>\nE<\/span><span style=\"font-family: arial, helvetica, sans-serif; font-size: 14pt;\">ie beleuchtet die Entwicklung der Bestattungspraktiken, der Bestattungskunst und der lokalen Geschichte.<br \/>\n<\/span><span style=\"font-family: arial, helvetica, sans-serif; font-size: 14pt;\">So ist der Friedhof nicht mehr nur ein Ort der Besinnung, sondern auch ein <strong>Steinbuch<\/strong> wo jedes Grab eine Geschichte erz\u00e4hlt, die durch die Transkription bewahrt und weitergegeben wird.<\/span><\/p>\n<p><span style=\"font-family: arial, helvetica, sans-serif; font-size: 14pt; color: #ff0000;\"><strong data-start=\"240\" data-end=\"259\">Wichtiger Hinweis:<br \/>\n<\/strong><\/span><br data-start=\"259\" data-end=\"262\" \/><span style=\"font-family: arial, helvetica, sans-serif; font-size: 14pt; color: #ff0000;\">Die Transkription der Grabstelen auf dem Friedhof bezieht sich nur auf alte Denkm\u00e4ler, die noch vorhanden und lesbar sind.<\/span><br data-start=\"386\" data-end=\"389\" \/><span style=\"font-family: arial, helvetica, sans-serif; font-size: 14pt; color: #ff0000;\">Es konnten nur entzifferbare Eintr\u00e4ge erhoben werden. Soweit m\u00f6glich, haben wir die Informationen anhand von Geburtsurkunden \u00fcberpr\u00fcft, die \u00fcber die Website <strong data-start=\"569\" data-end=\"579\">AGATHA<\/strong>.<\/span><br data-start=\"580\" data-end=\"583\" \/><span style=\"font-family: arial, helvetica, sans-serif; font-size: 14pt; color: #ff0000;\">Es k\u00f6nnen jedoch einige Fehler auftreten, da die auf den Denkm\u00e4lern eingravierten Informationen nicht immer genau oder vollst\u00e4ndig sind.<\/span><\/p>\n<p><span style=\"color: #0000ff;\"><strong><span style=\"font-family: arial, helvetica, sans-serif;\"><a style=\"color: #0000ff;\" href=\"https:\/\/geniwal.be\/wp-content\/uploads\/2025\/08\/NOMS-DE-PERSONNES-TROUVEE-SUR-LES-MONUMENTS.pdf\">NAMEN VON PERSONEN, DIE AUF DEN DENKM\u00c4LERN GEFUNDEN WURDEN<\/a><\/span><\/strong><\/span><\/p>\n<p><span style=\"font-family: arial, helvetica, sans-serif; color: #0000ff;\"><strong><a style=\"color: #0000ff;\" href=\"https:\/\/geniwal.be\/wp-content\/uploads\/2025\/08\/MOMUMENT-FUNERAIRE-DU-CIMETIERE-DE-RHISNES-NAMUR-1-.pdf\">FUNERARY MONUMENTS OF THE CEMETERY OF RHISNES (NAMUR) 1<\/a><\/strong><\/span><\/p>\n<h2 data-start=\"505\" data-end=\"546\"><span style=\"font-size: 14pt;\">\u26ea <span style=\"font-family: arial, helvetica, sans-serif;\"><strong data-start=\"510\" data-end=\"546\">Die Kirche Saint-Didier in Rhisnes<\/strong><\/span><\/span><\/h2>\n<p data-start=\"549\" data-end=\"638\"><span style=\"font-size: 14pt;\"><span style=\"font-family: arial, helvetica, sans-serif;\"><strong data-start=\"549\" data-end=\"571\">Erste Erw\u00e4hnungen<\/strong> : bereits 1381 erw\u00e4hnt als <em data-start=\"599\" data-end=\"635\">\u00abdie Kirche St. Dezier in Rienez\u00bb<\/em>.<\/span><\/span><\/p>\n<p><span style=\"font-family: arial, helvetica, sans-serif;\"><strong data-start=\"641\" data-end=\"659\">Aktuelles Geb\u00e4ude<\/strong> :<br \/>\n<\/span><span style=\"font-family: arial, helvetica, sans-serif;\">Gebaut zwischen <\/span><strong style=\"font-family: arial, helvetica, sans-serif;\" data-start=\"684\" data-end=\"700\">1841 und 1845<\/strong><span style=\"font-family: arial, helvetica, sans-serif;\">, in einem Stil <\/span><strong style=\"font-family: arial, helvetica, sans-serif;\" data-start=\"716\" data-end=\"746\">neo-romanisch und neo-klassisch<\/strong><span style=\"font-family: arial, helvetica, sans-serif;\">.<br \/>\n<\/span><span style=\"font-family: arial, helvetica, sans-serif;\">Wiederaufgebauter Glockenturm in <\/span><strong style=\"font-family: arial, helvetica, sans-serif;\" data-start=\"777\" data-end=\"785\">1948<\/strong><span style=\"font-family: arial, helvetica, sans-serif;\"> nachdem sie w\u00e4hrend des Zweiten Weltkriegs zerst\u00f6rt worden war.<br \/>\n<\/span><strong style=\"font-family: arial, helvetica, sans-serif;\" data-start=\"850\" data-end=\"870\">Merkmale<\/strong><span style=\"font-family: arial, helvetica, sans-serif;\"> :<br \/>\n<\/span><span style=\"font-family: arial, helvetica, sans-serif;\">Schlichter basilikaler Grundriss, typisch f\u00fcr das XIX\u1d49 Jahrhundert.<br \/>\n<\/span><span style=\"font-family: arial, helvetica, sans-serif;\">Massiver Turm, der von einem modernen Pfeil gekr\u00f6nt wird.<br \/>\n<\/span><span style=\"font-family: arial, helvetica, sans-serif;\">Im Inneren: Nebenalt\u00e4re, die der Jungfrau Maria und dem heiligen Josef gewidmet sind.<\/span><\/p>\n<h2 data-start=\"60\" data-end=\"106\"><span style=\"font-family: arial, helvetica, sans-serif; font-size: 14pt;\">\u271d\ufe0f <strong data-start=\"66\" data-end=\"106\">Heiliger Didier (oder Dizier, Desiderius)<\/strong><\/span><\/h2>\n<p data-start=\"109\" data-end=\"167\"><span style=\"font-size: 12pt;\"><span style=\"font-family: arial, helvetica, sans-serif;\">Bischof von <strong data-start=\"119\" data-end=\"130\">Langres<\/strong> (in Burgund) bis <strong data-start=\"149\" data-end=\"164\">III\u1d49 Jahrhundert<\/strong>.<br \/>\n<\/span><span style=\"font-family: arial, helvetica, sans-serif;\">M\u00e4rtyrer um 355 (der Tradition nach), wurde von Eindringlingen get\u00f6tet, als er versuchte, sein Volk zu sch\u00fctzen.<br \/>\n<\/span><span style=\"font-family: arial, helvetica, sans-serif;\">Ihre Verehrung verbreitete sich im gesamten mittelalterlichen Europa, insbesondere in Frankreich und Belgien.<br \/>\n<\/span><span style=\"font-family: arial, helvetica, sans-serif;\">Wird oft als Besch\u00fctzer der Ernte und gegen die<\/span> Kalamit\u00e4ten.<\/span><br \/>\n<span style=\"font-size: 12pt; font-family: arial, helvetica, sans-serif;\">Sein Fest wird gefeiert am <strong data-start=\"485\" data-end=\"495\">23. Mai<\/strong>.<\/span><\/p>\n<p>&nbsp;<\/p>\n<ul data-start=\"547\" data-end=\"1056\">\n<li style=\"list-style-type: none;\" data-start=\"848\" data-end=\"1056\"><\/li>\n<\/ul>","protected":false},"excerpt":{"rendered":"<p>&nbsp; Le travail de transcription d\u2019un cimeti\u00e8re consiste \u00e0 relever, conserver et valoriser les informations grav\u00e9es sur les pierres tombales. Chaque inscription \u2013 qu\u2019il s\u2019agisse d\u2019un nom, d\u2019une date ou [&hellip;]<\/p>\n","protected":false},"author":2,"featured_media":227854,"comment_status":"closed","ping_status":"open","sticky":false,"template":"","format":"standard","meta":{"_et_pb_use_builder":"","_et_pb_old_content":"","_et_gb_content_width":"","footnotes":""},"categories":[75],"tags":[],"class_list":["post-227852","post","type-post","status-publish","format-standard","has-post-thumbnail","hentry","category-cimetiere","et-has-post-format-content","et_post_format-et-post-format-standard"],"aioseo_notices":[],"_links":{"self":[{"href":"https:\/\/geniwal.be\/de\/wp-json\/wp\/v2\/posts\/227852","targetHints":{"allow":["GET"]}}],"collection":[{"href":"https:\/\/geniwal.be\/de\/wp-json\/wp\/v2\/posts"}],"about":[{"href":"https:\/\/geniwal.be\/de\/wp-json\/wp\/v2\/types\/post"}],"author":[{"embeddable":true,"href":"https:\/\/geniwal.be\/de\/wp-json\/wp\/v2\/users\/2"}],"replies":[{"embeddable":true,"href":"https:\/\/geniwal.be\/de\/wp-json\/wp\/v2\/comments?post=227852"}],"version-history":[{"count":23,"href":"https:\/\/geniwal.be\/de\/wp-json\/wp\/v2\/posts\/227852\/revisions"}],"predecessor-version":[{"id":227883,"href":"https:\/\/geniwal.be\/de\/wp-json\/wp\/v2\/posts\/227852\/revisions\/227883"}],"wp:featuredmedia":[{"embeddable":true,"href":"https:\/\/geniwal.be\/de\/wp-json\/wp\/v2\/media\/227854"}],"wp:attachment":[{"href":"https:\/\/geniwal.be\/de\/wp-json\/wp\/v2\/media?parent=227852"}],"wp:term":[{"taxonomy":"category","embeddable":true,"href":"https:\/\/geniwal.be\/de\/wp-json\/wp\/v2\/categories?post=227852"},{"taxonomy":"post_tag","embeddable":true,"href":"https:\/\/geniwal.be\/de\/wp-json\/wp\/v2\/tags?post=227852"}],"curies":[{"name":"wp","href":"https:\/\/api.w.org\/{rel}","templated":true}]}}