{"id":227912,"date":"2025-12-09T11:28:57","date_gmt":"2025-12-09T10:28:57","guid":{"rendered":"https:\/\/geniwal.be\/?p=227912"},"modified":"2025-12-17T20:39:33","modified_gmt":"2025-12-17T19:39:33","slug":"solvay-ernest-gaston-joseph","status":"publish","type":"post","link":"https:\/\/geniwal.be\/de\/nos-pistes\/personnalites-belges\/solvay-ernest-gaston-joseph\/","title":{"rendered":"SOLVAY Ernest Gaston Joseph"},"content":{"rendered":"<p><img decoding=\"async\" class=\"wp-image-227932 alignleft lazyload\" data-src=\"https:\/\/geniwal.be\/wp-content\/uploads\/2025\/12\/image_getborder_hard_V05-227x300.jpeg\" alt=\"\" width=\"400\" height=\"528\" data-srcset=\"https:\/\/geniwal.be\/wp-content\/uploads\/2025\/12\/image_getborder_hard_V05-227x300.jpeg 227w, https:\/\/geniwal.be\/wp-content\/uploads\/2025\/12\/image_getborder_hard_V05-776x1024.jpeg 776w, https:\/\/geniwal.be\/wp-content\/uploads\/2025\/12\/image_getborder_hard_V05-768x1013.jpeg 768w, https:\/\/geniwal.be\/wp-content\/uploads\/2025\/12\/image_getborder_hard_V05-9x12.jpeg 9w, https:\/\/geniwal.be\/wp-content\/uploads\/2025\/12\/image_getborder_hard_V05-300x396.jpeg 300w, https:\/\/geniwal.be\/wp-content\/uploads\/2025\/12\/image_getborder_hard_V05-600x792.jpeg 600w, https:\/\/geniwal.be\/wp-content\/uploads\/2025\/12\/image_getborder_hard_V05-45x60.jpeg 45w, https:\/\/geniwal.be\/wp-content\/uploads\/2025\/12\/image_getborder_hard_V05-68x90.jpeg 68w, https:\/\/geniwal.be\/wp-content\/uploads\/2025\/12\/image_getborder_hard_V05-scaled.jpeg 758w\" data-sizes=\"(max-width: 400px) 100vw, 400px\" src=\"data:image\/svg+xml;base64,PHN2ZyB3aWR0aD0iMSIgaGVpZ2h0PSIxIiB4bWxucz0iaHR0cDovL3d3dy53My5vcmcvMjAwMC9zdmciPjwvc3ZnPg==\" style=\"--smush-placeholder-width: 400px; --smush-placeholder-aspect-ratio: 400\/528;\" \/><\/p>\n<p>&nbsp;<\/p>\n<p>&nbsp;<\/p>\n<p>&nbsp;<\/p>\n<p>&nbsp;<\/p>\n<p>&nbsp;<\/p>\n<p>&nbsp;<\/p>\n<p>&nbsp;<\/p>\n<p>&nbsp;<\/p>\n<p>&nbsp;<\/p>\n<p>&nbsp;<\/p>\n<p>&nbsp;<\/p>\n<p>&nbsp;<\/p>\n<p>&nbsp;<\/p>\n<p>&nbsp;<\/p>\n<p><span style=\"font-family: arial, helvetica, sans-serif; font-size: 18pt;\"><strong>Ernest Solvay - Leben &amp; Leistungen<\/strong><\/span><\/p>\n<p><span style=\"font-family: arial, helvetica, sans-serif; font-size: 14pt;\"><strong>Vollst\u00e4ndiger Name<\/strong> : Ernest Gaston Joseph Solvay<\/span><br \/>\n<span style=\"font-family: arial, helvetica, sans-serif; font-size: 14pt;\"><strong>Geboren<\/strong> : 16. April 1838 in Rebecq, Belgien\u00a0<\/span><br \/>\n<span style=\"font-family: arial, helvetica, sans-serif; font-size: 14pt;\"><strong>Gestorben<\/strong> : 26. Mai 1922 in Ixelles, Br\u00fcssel, Belgien\u00a0<\/span><\/p>\n<p><span style=\"font-family: arial, helvetica, sans-serif; font-size: 14pt;\"><strong>Jugend &amp; Bildung<\/strong><\/span><\/p>\n<ul>\n<li><span style=\"font-family: arial, helvetica, sans-serif; font-size: 14pt;\">Er ist der Sohn eines Steinbruchmeisters (quarry master) in Rebecq.\u00a0<\/span><\/li>\n<li><span style=\"font-family: arial, helvetica, sans-serif; font-size: 14pt;\">Aufgrund einer Pleuritis (Lungenkrankheit) konnte er keine regul\u00e4re Universit\u00e4tsausbildung absolvieren.\u00a0<\/span><\/li>\n<li><span style=\"font-family: arial, helvetica, sans-serif; font-size: 14pt;\">Ab dem Alter von 21 Jahren arbeitete er in der Gasfabrik seines Onkels, wo er ein besonderes Interesse an der Chemie entwickelte, insbesondere an der Nutzung von Ammoniak, das als Nebenprodukt bei der Kohlevergasung anf\u00e4llt.\u00a0<\/span><\/li>\n<\/ul>\n<p><span style=\"font-family: arial, helvetica, sans-serif; font-size: 14pt;\"><strong>Erfindung des Solvay-Verfahrens &amp; Gr\u00fcndung des Unternehmens<\/strong><\/span><\/p>\n<ul>\n<li><span style=\"font-family: arial, helvetica, sans-serif; font-size: 14pt;\">1861 entwickelte er zusammen mit seinem Bruder Alfred Solvay eine Methode zur Herstellung von Natriumkarbonat (Soda) aus Sole und Kalkstein, bekannt unter dem Namen <strong>Solvay-Verfahren<\/strong> (auch Ammoniak-Natron-Verfahren genannt).\u00a0<\/span><\/li>\n<li><span style=\"font-family: arial, helvetica, sans-serif; font-size: 14pt;\">1863 gr\u00fcndete er die <strong>Solvay &amp; Cie<\/strong> und errichtet seine erste Fabrik in Couillet (in der N\u00e4he von Charleroi, Belgien), um Soda nach diesem Verfahren herzustellen.\u00a0<\/span><\/li>\n<li><span style=\"font-family: arial, helvetica, sans-serif; font-size: 14pt;\">Er perfektionierte das Verfahren schrittweise und leitete 1872 den Patentschutz f\u00fcr die industriellen Schritte ein.\u00a0<\/span><\/li>\n<li><span style=\"font-family: arial, helvetica, sans-serif; font-size: 14pt;\">Das Verfahren war wirtschaftlicher und sauberer als das alte Verfahren von Leblanc und erm\u00f6glichte es Solvay, sich international durchzusetzen.\u00a0<\/span><\/li>\n<li><span style=\"font-family: arial, helvetica, sans-serif; font-size: 14pt;\">Solvay-Fabriken wurden in mehreren L\u00e4ndern errichtet: im Vereinigten K\u00f6nigreich, in den USA, in Deutschland, Russland und anderen L\u00e4ndern.\u00a0<\/span><\/li>\n<\/ul>\n<p><span style=\"font-family: arial, helvetica, sans-serif; font-size: 14pt;\"><strong>Wissenschaftliches &amp; philanthropisches Engagement<\/strong><\/span><\/p>\n<ul>\n<li><span style=\"font-family: arial, helvetica, sans-serif; font-size: 14pt;\">Solvay nutzte einen Teil seines Verm\u00f6gens, um Wissenschaft und Bildung zu unterst\u00fctzen.\u00a0<\/span><\/li>\n<li><span style=\"font-family: arial, helvetica, sans-serif; font-size: 14pt;\">1894 gr\u00fcndete er die\u2019<strong>Institut f\u00fcr Sozialwissenschaften<\/strong> (ISS) an der Freien Universit\u00e4t Br\u00fcssel (ULB).\u00a0<\/span><\/li>\n<li><span style=\"font-family: arial, helvetica, sans-serif; font-size: 14pt;\">1903 gr\u00fcndete er die <strong>Solvay Business School<\/strong>, die noch der ULB angegliedert ist.\u00a0<\/span><\/li>\n<li><span style=\"font-family: arial, helvetica, sans-serif; font-size: 14pt;\">1911 organisiert er die erste <strong>Solvay-Konferenz f\u00fcr Physik<\/strong>, In der ersten H\u00e4lfte des 20. Jahrhunderts wurde eine Reihe von Vortr\u00e4gen gehalten, in denen die gro\u00dfen Namen der damaligen Physik (Planck, Curie, Einstein usw.) zusammenkamen.\u00a0<\/span><\/li>\n<li><span style=\"font-family: arial, helvetica, sans-serif;\"><span style=\"font-size: 14pt;\">Au\u00dferdem wird er eine sp\u00e4tere Reihe von Chemievorlesungen initiieren und die Gr\u00fcndung von Forschungsinstituten f\u00fcr Physik und Chemie unterst\u00fctzen.<\/span><br \/>\n<\/span><span style=\"font-family: arial, helvetica, sans-serif;\"><br \/>\n<img decoding=\"async\" class=\"alignleft wp-image-227933 lazyload\" data-src=\"https:\/\/geniwal.be\/wp-content\/uploads\/2025\/12\/1280px-1911_Solvay_conference-scaled.jpg\" alt=\"\" width=\"611\" height=\"433\" data-srcset=\"https:\/\/geniwal.be\/wp-content\/uploads\/2025\/12\/1280px-1911_Solvay_conference-scaled.jpg 1200w, https:\/\/geniwal.be\/wp-content\/uploads\/2025\/12\/1280px-1911_Solvay_conference-300x213.jpg 300w, https:\/\/geniwal.be\/wp-content\/uploads\/2025\/12\/1280px-1911_Solvay_conference-1024x726.jpg 1024w, https:\/\/geniwal.be\/wp-content\/uploads\/2025\/12\/1280px-1911_Solvay_conference-768x545.jpg 768w, https:\/\/geniwal.be\/wp-content\/uploads\/2025\/12\/1280px-1911_Solvay_conference-18x12.jpg 18w, https:\/\/geniwal.be\/wp-content\/uploads\/2025\/12\/1280px-1911_Solvay_conference-400x284.jpg 400w, https:\/\/geniwal.be\/wp-content\/uploads\/2025\/12\/1280px-1911_Solvay_conference-1080x766.jpg 1080w, https:\/\/geniwal.be\/wp-content\/uploads\/2025\/12\/1280px-1911_Solvay_conference-600x426.jpg 600w, https:\/\/geniwal.be\/wp-content\/uploads\/2025\/12\/1280px-1911_Solvay_conference-85x60.jpg 85w, https:\/\/geniwal.be\/wp-content\/uploads\/2025\/12\/1280px-1911_Solvay_conference-127x90.jpg 127w\" data-sizes=\"(max-width: 611px) 100vw, 611px\" src=\"data:image\/svg+xml;base64,PHN2ZyB3aWR0aD0iMSIgaGVpZ2h0PSIxIiB4bWxucz0iaHR0cDovL3d3dy53My5vcmcvMjAwMC9zdmciPjwvc3ZnPg==\" style=\"--smush-placeholder-width: 611px; --smush-placeholder-aspect-ratio: 611\/433;\" \/><br \/>\n<\/span><\/li>\n<\/ul>\n<p>&nbsp;<\/p>\n<p>&nbsp;<\/p>\n<p>&nbsp;<\/p>\n<p>&nbsp;<\/p>\n<p>&nbsp;<\/p>\n<p>&nbsp;<\/p>\n<p>&nbsp;<\/p>\n<p>&nbsp;<\/p>\n<p>&nbsp;<\/p>\n<p>&nbsp;<\/p>\n<p>&nbsp;<\/p>\n<h1 class=\"aASRQG64Toz8QEKNOJE_\" data-testid=\"title\"><span style=\"font-size: 18pt; font-family: arial, helvetica, sans-serif;\"><span style=\"font-size: 24pt;\">Der 1. Solvay-Kongress vom 3. November 1911<\/span><br \/>\n<span style=\"font-size: 14pt;\">Teilnehmer\u00a0<\/span><\/span><\/h1>\n<div class=\"JfkF3bGO6MbVk1LBirVv\" data-testid=\"caption\"><span style=\"font-family: arial, helvetica, sans-serif; font-size: 14pt;\">Walther Nernst, Hendrik Antoon Lorentz, Ernest Solvay, Marcel Brillouin, Emil Warburg, Jean Baptiste Perrin, Wilhelm Wien,<\/span><span style=\"font-family: arial, helvetica, sans-serif; font-size: 14pt;\">Marie Sk?odowska-Curie, Henri Poincar\u00e9, Robert Goldschmidt, Max Planck, Heinrich Rubens, Arnold Sommerfeld, Frederick Lindemann, <\/span><br \/>\n<span style=\"font-family: arial, helvetica, sans-serif; font-size: 14pt;\">Maurice de Broglie, Martin Knudsen, Friedrich Hasen\u00f6hrl, Georges Hostelet, \u00c9douard Herzen, James Jeans, Ernest Rutherford, Heike Kamerlingh Onnes, <\/span><span style=\"font-family: arial, helvetica, sans-serif; font-size: 14pt;\">Albert Einstein und Paul Langevin\u00a0<\/span><\/div>\n<div data-testid=\"caption\"><\/div>\n<p><span style=\"font-family: arial, helvetica, sans-serif; font-size: 18pt;\"><strong>Politische Karriere &amp; Anerkennung<\/strong><\/span><\/p>\n<ul>\n<li><span style=\"font-family: arial, helvetica, sans-serif; font-size: 14pt;\">Er wurde als Twice f\u00fcr die Liberale Partei in den belgischen Senat gew\u00e4hlt.\u00a0<\/span><\/li>\n<li><span style=\"font-family: arial, helvetica, sans-serif; font-size: 14pt;\">Am Ende seines Lebens wurde ihm der Ehrentitel eines <strong>Staatsministerin<\/strong>.\u00a0<\/span><\/li>\n<li><span style=\"font-family: arial, helvetica, sans-serif; font-size: 14pt;\">Er erhielt auch Ehrenauszeichnungen, darunter den Grand Cordon de l'Ordre de L\u00e9opold (Belgien) und den Grand Cordon de la L\u00e9gion d'honneur (Frankreich).\u00a0<\/span><\/li>\n<\/ul>\n<p><span style=\"font-family: arial, helvetica, sans-serif; font-size: 18pt;\"><strong>Tod &amp; Verm\u00e4chtnis<\/strong><\/span><\/p>\n<ul>\n<li><span style=\"font-family: arial, helvetica, sans-serif; font-size: 14pt;\">Ernest Solvay starb am 26. Mai 1922 im Alter von 84 Jahren in Ixelles.\u00a0<\/span><\/li>\n<li><span style=\"font-family: arial, helvetica, sans-serif; font-size: 14pt;\">Er wurde auf dem Friedhof von Ixelles beerdigt.\u00a0<\/span><\/li>\n<li><span style=\"font-family: arial, helvetica, sans-serif; font-size: 14pt;\">Die Stadt <strong>Solvay (New York)<\/strong> und <strong>Rosignano Solvay<\/strong> (Italien) sind nach ihm benannt, in Anlehnung an die in diesen Regionen gegr\u00fcndeten Fabriken.\u00a0<\/span><\/li>\n<\/ul>\n<p><span style=\"font-family: arial, helvetica, sans-serif; font-size: 14pt;\">Hier ist eine <strong>historische Chronologie von Solvay<\/strong>\u00a0<\/span><\/p>\n<ul>\n<li><span style=\"font-family: arial, helvetica, sans-serif; font-size: 14pt;\"><strong>1838<\/strong> - Geburt von\u2019<strong>Ernest Solvay<\/strong> in Rebecq (Belgien).\u00a0<\/span><\/li>\n<li><span style=\"font-family: arial, helvetica, sans-serif; font-size: 14pt;\"><strong>1861<\/strong> - Ernest und Alfred Solvay entwickeln das <strong>Ammoniak-Natron-Verfahren<\/strong> (Solvay-Verfahren).\u00a0<\/span><\/li>\n<li><span style=\"font-family: arial, helvetica, sans-serif; font-size: 14pt;\"><strong>1863<\/strong> - Stiftung von <strong>Solvay &amp; Cie<\/strong> ; erste Fabrik in <strong>Couillet<\/strong> (Charleroi).\u00a0<\/span><\/li>\n<li><span style=\"font-family: arial, helvetica, sans-serif; font-size: 14pt;\"><strong>1872<\/strong> - Patentierung und industrielle Verbesserung des Solvay-Verfahrens.\u00a0<\/span><\/li>\n<li><span style=\"font-family: arial, helvetica, sans-serif; font-size: 14pt;\"><strong>Jahre 1870-1880<\/strong> - Beginn der\u2019<strong>internationale Expansion<\/strong> (Frankreich, Gro\u00dfbritannien, Deutschland, Russland, USA).\u00a0<\/span><\/li>\n<li><span style=\"font-family: arial, helvetica, sans-serif; font-size: 14pt;\"><strong>1881<\/strong> - Ansiedlung zu <strong>Vereinigte Staaten<\/strong> (Syracuse, NY); die Stadt wird <strong>Solvay (NY)<\/strong>.\u00a0<\/span><\/li>\n<li><span style=\"font-family: arial, helvetica, sans-serif; font-size: 14pt;\"><strong>1894<\/strong> - Gr\u00fcndung der\u2019<strong>Institut f\u00fcr Sozialwissenschaften<\/strong> an der ULB von Ernest Solvay.\u00a0<\/span><\/li>\n<li><span style=\"font-family: arial, helvetica, sans-serif; font-size: 14pt;\"><strong>1903<\/strong> - Stiftung der <strong>Solvay Business School<\/strong> (ULB).\u00a0<\/span><\/li>\n<li><span style=\"font-family: arial, helvetica, sans-serif; font-size: 14pt;\"><strong>1911<\/strong> - 1\u02b3\u1d49 <strong>Solvay-Konferenz<\/strong> (Physik) in Br\u00fcssel; Geburtsstunde einer Reihe wichtiger wissenschaftlicher Konferenzen.\u00a0<\/span><\/li>\n<li><span style=\"font-family: arial, helvetica, sans-serif; font-size: 14pt;\"><strong>1912-1914<\/strong> - Erstellung des <strong>Standort Rosignano<\/strong> (Toskana, Italien) und Aufnahme der Sodaproduktion.\u00a0<\/span><\/li>\n<li><span style=\"font-family: arial, helvetica, sans-serif; font-size: 14pt;\"><strong>1917<\/strong> \u2014 <strong>Einziehung<\/strong> der Verm\u00f6genswerte von Solvay in Russland nach der Oktoberrevolution.\u00a0<\/span><\/li>\n<li><span style=\"font-family: arial, helvetica, sans-serif; font-size: 14pt;\"><strong>1922<\/strong> - Tod von Ernest Solvay in Ixelles (Br\u00fcssel).\u00a0<\/span><\/li>\n<li><span style=\"font-family: arial, helvetica, sans-serif; font-size: 14pt;\"><strong>Nach 1945<\/strong> \u2014 <strong>Verstaatlichungen<\/strong> von 15 Solvay-Standorten in Osteuropa (Rum\u00e4nien, Ungarn, DDR, Jugoslawien, Tschechoslowakei, Polen).\u00a0<\/span><\/li>\n<li><span style=\"font-family: arial, helvetica, sans-serif; font-size: 14pt;\"><strong>2011<\/strong> \u2014 <strong>\u00dcbernahme von Rhodia<\/strong> von Solvay (\u2248 4,8 Mrd. $ angek\u00fcndigt).\u00a0<\/span><\/li>\n<li><span style=\"font-family: arial, helvetica, sans-serif; font-size: 14pt;\"><strong>2015<\/strong> \u2014 <strong>\u00dcbernahme von Cytec Industries<\/strong> (fortschrittliche Materialien) f\u00fcr <strong>5,5 Mrd. $<\/strong> (Unternehmenswert 6,4 Mrd. $).<\/span><\/li>\n<li><span style=\"font-family: arial, helvetica, sans-serif; font-size: 14pt;\"><strong>11. Dez. 2023<\/strong> \u2014 <strong>Abspaltung<\/strong> der Gruppe :<\/span>\n<ul>\n<li><span style=\"font-family: arial, helvetica, sans-serif; font-size: 14pt;\"><strong>Solvay<\/strong> konzentriert sich auf die <strong>essentielle Chemie<\/strong> (Soda, Peroxid, Siliziumdioxid usw.).<\/span><\/li>\n<li><span style=\"font-family: arial, helvetica, sans-serif; font-size: 14pt;\"><strong>Syensqo<\/strong> vereint die <strong>Spezialit\u00e4tenaktivit\u00e4ten<\/strong> und fortgeschrittene Technologien.<\/span><\/li>\n<\/ul>\n<\/li>\n<\/ul>\n<p>&nbsp;<\/p>\n<p><strong><span style=\"font-family: arial, helvetica, sans-serif;\"><span style=\"font-size: 18pt;\">Genealogie SOLVAY Ernest Gaston Joseph<\/span> :<br \/>\n<\/span> <span style=\"color: #0000ff; font-size: 18pt; font-family: arial, helvetica, sans-serif;\">https:\/\/geniwal.be\/wp-content\/uploads\/2025\/12\/Genealogie-SOLVAY-Ernest-Gaston-Joseph.docx<br \/>\n<span style=\"font-size: 14pt; color: #ff0000;\">Um die Genealogie zu sehen kopieren Sie den obigen Link in Ihren Browser.<\/span><\/span><\/strong><\/p>\n<p>&nbsp;<\/p>","protected":false},"excerpt":{"rendered":"<p>&nbsp; &nbsp; &nbsp; &nbsp; &nbsp; &nbsp; &nbsp; &nbsp; &nbsp; &nbsp; &nbsp; &nbsp; &nbsp; &nbsp; Ernest Solvay \u2014 Vie &amp; r\u00e9alisations Nom complet : Ernest Gaston Joseph Solvay N\u00e9 : 16 [&hellip;]<\/p>\n","protected":false},"author":2,"featured_media":227932,"comment_status":"closed","ping_status":"open","sticky":true,"template":"","format":"standard","meta":{"_et_pb_use_builder":"","_et_pb_old_content":"","_et_gb_content_width":"","footnotes":""},"categories":[93,89],"tags":[],"class_list":["post-227912","post","type-post","status-publish","format-standard","has-post-thumbnail","hentry","category-nos-pistes","category-personnalites-belges","et-has-post-format-content","et_post_format-et-post-format-standard"],"aioseo_notices":[],"_links":{"self":[{"href":"https:\/\/geniwal.be\/de\/wp-json\/wp\/v2\/posts\/227912","targetHints":{"allow":["GET"]}}],"collection":[{"href":"https:\/\/geniwal.be\/de\/wp-json\/wp\/v2\/posts"}],"about":[{"href":"https:\/\/geniwal.be\/de\/wp-json\/wp\/v2\/types\/post"}],"author":[{"embeddable":true,"href":"https:\/\/geniwal.be\/de\/wp-json\/wp\/v2\/users\/2"}],"replies":[{"embeddable":true,"href":"https:\/\/geniwal.be\/de\/wp-json\/wp\/v2\/comments?post=227912"}],"version-history":[{"count":16,"href":"https:\/\/geniwal.be\/de\/wp-json\/wp\/v2\/posts\/227912\/revisions"}],"predecessor-version":[{"id":227940,"href":"https:\/\/geniwal.be\/de\/wp-json\/wp\/v2\/posts\/227912\/revisions\/227940"}],"wp:featuredmedia":[{"embeddable":true,"href":"https:\/\/geniwal.be\/de\/wp-json\/wp\/v2\/media\/227932"}],"wp:attachment":[{"href":"https:\/\/geniwal.be\/de\/wp-json\/wp\/v2\/media?parent=227912"}],"wp:term":[{"taxonomy":"category","embeddable":true,"href":"https:\/\/geniwal.be\/de\/wp-json\/wp\/v2\/categories?post=227912"},{"taxonomy":"post_tag","embeddable":true,"href":"https:\/\/geniwal.be\/de\/wp-json\/wp\/v2\/tags?post=227912"}],"curies":[{"name":"wp","href":"https:\/\/api.w.org\/{rel}","templated":true}]}}