{"id":228071,"date":"2025-12-30T16:15:21","date_gmt":"2025-12-30T15:15:21","guid":{"rendered":"https:\/\/geniwal.be\/?p=228071"},"modified":"2025-12-30T16:15:21","modified_gmt":"2025-12-30T15:15:21","slug":"correspondance-des-mois-du-calendrier-republicain-2","status":"publish","type":"post","link":"https:\/\/geniwal.be\/de\/nos-pistes\/non-classe\/correspondance-des-mois-du-calendrier-republicain-2\/","title":{"rendered":"Entsprechung der Monate im republikanischen Kalender"},"content":{"rendered":"<p><img decoding=\"async\" class=\"aligncenter wp-image-228069 size-full lazyload\" data-src=\"https:\/\/geniwal.be\/wp-content\/uploads\/2025\/12\/calrep.jpg\" alt=\"\" width=\"1092\" height=\"626\" data-srcset=\"https:\/\/geniwal.be\/wp-content\/uploads\/2025\/12\/calrep.jpg 1092w, https:\/\/geniwal.be\/wp-content\/uploads\/2025\/12\/calrep-300x172.jpg 300w, https:\/\/geniwal.be\/wp-content\/uploads\/2025\/12\/calrep-1024x587.jpg 1024w, https:\/\/geniwal.be\/wp-content\/uploads\/2025\/12\/calrep-768x440.jpg 768w, https:\/\/geniwal.be\/wp-content\/uploads\/2025\/12\/calrep-18x10.jpg 18w, https:\/\/geniwal.be\/wp-content\/uploads\/2025\/12\/calrep-1080x619.jpg 1080w, https:\/\/geniwal.be\/wp-content\/uploads\/2025\/12\/calrep-600x344.jpg 600w, https:\/\/geniwal.be\/wp-content\/uploads\/2025\/12\/calrep-105x60.jpg 105w, https:\/\/geniwal.be\/wp-content\/uploads\/2025\/12\/calrep-157x90.jpg 157w\" data-sizes=\"(max-width: 1092px) 100vw, 1092px\" src=\"data:image\/svg+xml;base64,PHN2ZyB3aWR0aD0iMSIgaGVpZ2h0PSIxIiB4bWxucz0iaHR0cDovL3d3dy53My5vcmcvMjAwMC9zdmciPjwvc3ZnPg==\" style=\"--smush-placeholder-width: 1092px; --smush-placeholder-aspect-ratio: 1092\/626;\" \/><\/p>\n<p>&nbsp;<\/p>\n<p><strong><span style=\"font-family: arial, helvetica, sans-serif; font-size: 18pt;\">\u00dcbersichtliche Umrechnungstabelle, mit der du von einem Datum des republikanischen Kalenders auf ein \u201cnormales\u201d (gregorianisches) Datum umrechnen kannst.<\/span><\/strong><\/p>\n<p><strong><span style=\"font-size: 16pt; font-family: arial, helvetica, sans-serif;\"><span style=\"color: #993366;\">Republikanischer Monat Ungef\u00e4hre gregorianische Periode<\/span><br \/>\n<\/span><\/strong><br \/>\n<span style=\"font-size: 16pt; font-family: arial, helvetica, sans-serif;\">Vend\u00e9miaire 22. September \u2192 21. Oktober<\/span><br \/>\n<span style=\"font-size: 16pt; font-family: arial, helvetica, sans-serif;\">Brumaire 22. Oktober \u2192 20. November<\/span><br \/>\n<span style=\"font-size: 16pt; font-family: arial, helvetica, sans-serif;\">Frimaire 21. November \u2192 20. Dezember<\/span><br \/>\n<span style=\"font-size: 16pt; font-family: arial, helvetica, sans-serif;\">Niv\u00f4se 21. Dezember \u2192 19. Januar<\/span><br \/>\n<span style=\"font-size: 16pt; font-family: arial, helvetica, sans-serif;\">Pluviose 20. Januar \u2192 18. Februar<\/span><br \/>\n<span style=\"font-size: 16pt; font-family: arial, helvetica, sans-serif;\">Ventose 19. Februar \u2192 20. M\u00e4rz<\/span><br \/>\n<span style=\"font-size: 16pt; font-family: arial, helvetica, sans-serif;\">Germinal 21. M\u00e4rz \u2192 19. April<\/span><br \/>\n<span style=\"font-size: 16pt; font-family: arial, helvetica, sans-serif;\">Flor\u00e9al 20. April \u2192 19. Mai<\/span><br \/>\n<span style=\"font-size: 16pt; font-family: arial, helvetica, sans-serif;\">Prairial 20. Mai \u2192 18. Juni<\/span><br \/>\n<span style=\"font-size: 16pt; font-family: arial, helvetica, sans-serif;\">Messidor 19. Juni \u2192 18. Juli<\/span><br \/>\n<span style=\"font-size: 16pt; font-family: arial, helvetica, sans-serif;\">Thermidor 19. Juli \u2192 17. August<\/span><br \/>\n<span style=\"font-size: 16pt; font-family: arial, helvetica, sans-serif;\">Fructidor 18. August \u2192 16. September<\/span><br \/>\n<span style=\"font-size: 16pt; font-family: arial, helvetica, sans-serif;\">Sansculottides 17 \u2192 21. September (5 oder 6 Tage)<br \/>\n<\/span><br \/>\n<strong><span style=\"font-size: 18pt;\"><span style=\"font-family: arial, helvetica, sans-serif; color: #993366;\">Entsprechung der Jahre a<\/span><span style=\"font-family: arial, helvetica, sans-serif;\"><span style=\"color: #993366;\">n republikanisches Jahr im gregorianischen Jahr<\/span><br \/>\n<\/span><\/span><\/strong><br \/>\n<span style=\"font-size: 16pt; font-family: arial, helvetica, sans-serif;\">Jahr I 1792-1793<\/span><br \/>\n<span style=\"font-size: 16pt; font-family: arial, helvetica, sans-serif;\">Jahr II 1793-1794<\/span><br \/>\n<span style=\"font-size: 16pt; font-family: arial, helvetica, sans-serif;\">Jahr III 1794-1795<\/span><br \/>\n<span style=\"font-size: 16pt; font-family: arial, helvetica, sans-serif;\">Jahr IV 1795-1796<\/span><br \/>\n<span style=\"font-size: 16pt; font-family: arial, helvetica, sans-serif;\">Jahr V 1796-1797<\/span><br \/>\n<span style=\"font-size: 16pt; font-family: arial, helvetica, sans-serif;\">Jahr VI 1797-1798<\/span><br \/>\n<span style=\"font-size: 16pt; font-family: arial, helvetica, sans-serif;\">Jahr VII 1798-1799<\/span><br \/>\n<span style=\"font-size: 16pt; font-family: arial, helvetica, sans-serif;\">Jahr VIII 1799-1800<\/span><br \/>\n<span style=\"font-size: 16pt; font-family: arial, helvetica, sans-serif;\">Jahr IX 1800-1801<\/span><br \/>\n<span style=\"font-size: 16pt; font-family: arial, helvetica, sans-serif;\">Jahr X 1801-1802<\/span><br \/>\n<span style=\"font-size: 16pt; font-family: arial, helvetica, sans-serif;\">Jahr XI 1802-1803<\/span><br \/>\n<span style=\"font-size: 16pt; font-family: arial, helvetica, sans-serif;\">Jahr XII 1803-1804<\/span><br \/>\n<span style=\"font-size: 16pt; font-family: arial, helvetica, sans-serif;\">Jahr XIII 1804-1805<\/span><br \/>\n<span style=\"font-size: 16pt; font-family: arial, helvetica, sans-serif;\">Jahr XIV 1805 (unvollst\u00e4ndig)<\/span><\/p>","protected":false},"excerpt":{"rendered":"<p>&nbsp; Tableau clair de conversion qui te permet de passer d\u2019une date du calendrier r\u00e9publicain \u00e0 une date \u201cnormale\u201d (gr\u00e9gorienne). Mois r\u00e9publicain P\u00e9riode gr\u00e9gorienne approximative Vend\u00e9miaire 22 septembre \u2192 21 [&hellip;]<\/p>\n","protected":false},"author":2,"featured_media":9022,"comment_status":"closed","ping_status":"open","sticky":false,"template":"","format":"standard","meta":{"_et_pb_use_builder":"","_et_pb_old_content":"","_et_gb_content_width":"","footnotes":""},"categories":[1],"tags":[],"class_list":["post-228071","post","type-post","status-publish","format-standard","has-post-thumbnail","hentry","category-non-classe","et-has-post-format-content","et_post_format-et-post-format-standard"],"aioseo_notices":[],"_links":{"self":[{"href":"https:\/\/geniwal.be\/de\/wp-json\/wp\/v2\/posts\/228071","targetHints":{"allow":["GET"]}}],"collection":[{"href":"https:\/\/geniwal.be\/de\/wp-json\/wp\/v2\/posts"}],"about":[{"href":"https:\/\/geniwal.be\/de\/wp-json\/wp\/v2\/types\/post"}],"author":[{"embeddable":true,"href":"https:\/\/geniwal.be\/de\/wp-json\/wp\/v2\/users\/2"}],"replies":[{"embeddable":true,"href":"https:\/\/geniwal.be\/de\/wp-json\/wp\/v2\/comments?post=228071"}],"version-history":[{"count":1,"href":"https:\/\/geniwal.be\/de\/wp-json\/wp\/v2\/posts\/228071\/revisions"}],"predecessor-version":[{"id":228072,"href":"https:\/\/geniwal.be\/de\/wp-json\/wp\/v2\/posts\/228071\/revisions\/228072"}],"wp:featuredmedia":[{"embeddable":true,"href":"https:\/\/geniwal.be\/de\/wp-json\/wp\/v2\/media\/9022"}],"wp:attachment":[{"href":"https:\/\/geniwal.be\/de\/wp-json\/wp\/v2\/media?parent=228071"}],"wp:term":[{"taxonomy":"category","embeddable":true,"href":"https:\/\/geniwal.be\/de\/wp-json\/wp\/v2\/categories?post=228071"},{"taxonomy":"post_tag","embeddable":true,"href":"https:\/\/geniwal.be\/de\/wp-json\/wp\/v2\/tags?post=228071"}],"curies":[{"name":"wp","href":"https:\/\/api.w.org\/{rel}","templated":true}]}}