{"id":3082,"date":"2019-04-10T20:55:04","date_gmt":"2019-04-10T18:55:04","guid":{"rendered":"https:\/\/geniwal.be\/?p=3082"},"modified":"2023-04-10T01:54:59","modified_gmt":"2023-04-09T23:54:59","slug":"registres-de-la-population","status":"publish","type":"post","link":"https:\/\/geniwal.be\/de\/nos-pistes\/pistes-genealogiques-en-belgique\/archive-en-belgique\/registres-de-la-population\/","title":{"rendered":"Bev\u00f6lkerungsregister"},"content":{"rendered":"<p><span style=\"font-family: arial,helvetica,sans-serif;\">Ver\u00f6ffentlicht am: 2014-01-17<\/span><br \/>\n<span style=\"font-family: arial,helvetica,sans-serif;\">F\u00d6DERALER \u00d6FFENTLICHER DIENST IM INNEREN\u00a0<\/span><\/p>\n<p><span style=\"font-family: arial,helvetica,sans-serif;\">5. JANUAR 2014. - K\u00f6niglicher Erlass zur \u00c4nderung des K\u00f6niglichen Erlasses vom 16. Juli 1992 \u00fcber die Mitteilung von Informationen, die in den Bev\u00f6lkerungsregistern und im Ausl\u00e4nderregister enthalten sind\u00a0<\/span><\/p>\n<p><span style=\"font-family: arial,helvetica,sans-serif;\">BERICHT AN DEN K\u00d6NIG<\/span><br \/>\n<span style=\"font-family: arial,helvetica,sans-serif;\"><br \/>\nSire,<br \/>\n<\/span><br \/>\n<span style=\"font-family: arial,helvetica,sans-serif;\">Der K\u00f6nigliche Erlass vom 16. Juli 1992 \u00fcber die Mitteilung der in den Bev\u00f6lkerungsregistern und im Ausl\u00e4nderregister enthaltenen Informationen wurde in Ausf\u00fchrung des Gesetzes vom 19. Juli 1991 \u00fcber die Bev\u00f6lkerungsregister, die Personalausweise, die Ausl\u00e4nderausweise und die Aufenthaltsdokumente und zur \u00c4nderung des Gesetzes vom 8. August 1983 zur Organisation eines Nationalregisters der nat\u00fcrlichen Personen verabschiedet.<\/span><br \/>\n<span style=\"font-family: arial,helvetica,sans-serif;\">Der vorliegende Entwurf eines K\u00f6niglichen Erlasses schafft eine neue Nutzungsm\u00f6glichkeit, n\u00e4mlich den Erhalt von Informationen aus den Bev\u00f6lkerungsregistern (entweder durch Ausz\u00fcge oder Bescheinigungen, durch Personenlisten oder durch Einsichtnahme) f\u00fcr genealogische oder historische Zwecke oder f\u00fcr andere wissenschaftliche Zwecke. Die Nachfrage von Forschern aus verschiedenen Disziplinen nach Einsichtnahme in diese Register zur Untersuchung sozialer Prozesse, wirtschaftlicher Ver\u00e4nderungen und demografischer \u00dcberg\u00e4nge wird immer gr\u00f6\u00dfer.<\/span><br \/>\n<span style=\"font-family: arial,helvetica,sans-serif;\">Zun\u00e4chst ist zu erw\u00e4hnen, dass es zwei Formen von Bev\u00f6lkerungsregistern gibt:<\/span><br \/>\n<span style=\"font-family: arial,helvetica,sans-serif;\">- die \"Papierbev\u00f6lkerungsregister\": Diese wurden bis 1992 gef\u00fchrt;<\/span><br \/>\n<span style=\"font-family: arial,helvetica,sans-serif;\">Diese wurden nach jeder zehnj\u00e4hrigen Volksz\u00e4hlung geschlossen.<\/span><br \/>\n<span style=\"font-family: arial,helvetica,sans-serif;\">- elektronische Bev\u00f6lkerungsregister\": ab 1992.<\/span><br \/>\n<span style=\"font-family: arial,helvetica,sans-serif;\">Diese werden ab 1992 kontinuierlich aktualisiert. Das bedeutet, dass die Register ab diesem Datum nicht mehr alle 10 Jahre geschlossen werden d\u00fcrfen, sondern st\u00e4ndig aktualisiert werden m\u00fcssen. Die Frist von 120 Jahren wird zum Zeitpunkt des Antrags auf Erhalt von Informationen aus den Registern berechnet.<\/span><br \/>\n<span style=\"font-family: arial,helvetica,sans-serif;\">Au\u00dferdem wird die \u00dcbertragung dieser Register auf einen elektronischen Datentr\u00e4ger erm\u00f6glicht: In Papierform gef\u00fchrte Register k\u00f6nnen n\u00e4mlich verloren gehen oder besch\u00e4digt werden, entweder durch einen Zwischenfall, durch schlechte Aufbewahrungsbedingungen oder durch unn\u00f6tige Manipulation. Forscher k\u00f6nnen von nun an elektronische Kopien verwenden. Der eingef\u00fcgte Artikel 5ter soll die Gemeinden dazu ermutigen, die Digitalisierung nach den geltenden Standards und \"best practices\" durchf\u00fchren zu lassen, die die langfristige Nutzung der elektronischen Dateien gew\u00e4hrleisten.<\/span><br \/>\n<span style=\"font-family: arial,helvetica,sans-serif;\">Bei der Digitalisierung werden die folgenden Empfehlungen beachtet. Das gesamte Digitalisierungsprojekt muss ab dem Projektstart dokumentiert werden und umfasst die Logistik, die materielle Bearbeitung der Dokumente \u00fcber die Digitalisierung bis hin zur Speicherung der elektronischen Dateien. Die Digitalisierung muss den technischen Mindestqualit\u00e4tsanforderungen gen\u00fcgen und die Wahl des Speicherformats muss den Anforderungen der langfristigen Aufbewahrung entsprechen.<\/span><br \/>\n<span style=\"font-family: arial,helvetica,sans-serif;\">W\u00e4hrend der Digitalisierung m\u00fcssen die technischen, administrativen und beschreibenden Metadaten erfasst werden. W\u00e4hrend des gesamten Projekts ist eine regelm\u00e4\u00dfige Qualit\u00e4tskontrolle erforderlich. Nach Abschluss des Digitalisierungsprojekts sollte ein Verfahren f\u00fcr die regelm\u00e4\u00dfige \u00dcberpr\u00fcfung der elektronischen Archive festgelegt werden.<\/span><br \/>\n<span style=\"font-family: arial,helvetica,sans-serif;\">Bereits am 30. April 1997 gab die Kommission f\u00fcr den Schutz des Privatlebens eine Stellungnahme zur Zug\u00e4nglichkeit von Bev\u00f6lkerungsregistern f\u00fcr Genealogen ab.<\/span><br \/>\n<span style=\"font-family: arial,helvetica,sans-serif;\">Die Kommission war der Ansicht, dass die Einsichtnahme in Bev\u00f6lkerungsregister durch Genealogen erlaubt sein sollte, sofern die Realit\u00e4t der genealogischen Forschung nachgewiesen wird. Dar\u00fcber hinaus unterliegt die Einsichtnahme in die Register bestimmten Modalit\u00e4ten (1).<\/span><br \/>\n<span style=\"font-family: arial,helvetica,sans-serif;\">Der vorliegende Entwurf eines K\u00f6niglichen Erlasses sieht diese Modalit\u00e4ten im Folgenden vor.<\/span><br \/>\n<span style=\"font-family: arial,helvetica,sans-serif;\">Da seit der oben genannten Stellungnahme der Kommission f\u00fcr den Schutz des Privatlebens einige Zeit vergangen war, wurde der Entwurf erneut der genannten Kommission vorgelegt.<\/span><br \/>\n<span style=\"font-family: arial,helvetica,sans-serif;\">Die Kommission f\u00fcr den Schutz des Privatlebens gab am 2. Mai 2012 ihre Stellungnahme Nr. 14\/2012 ab.<\/span><br \/>\n<span style=\"font-family: arial,helvetica,sans-serif;\">Darin macht die Kommission eine Vorbemerkung zum Archivgesetz vom 24. Juni 1955 und dessen Anwendung auf Bev\u00f6lkerungsregister.<\/span><br \/>\n<span style=\"font-family: arial,helvetica,sans-serif;\">Die Kommission bat um eine Klarstellung, welche Vorschriften f\u00fcr die Bev\u00f6lkerungsregister gelten, die im Staatsarchiv hinterlegt werden: der vorliegende K\u00f6nigliche Erlass vom 16. Juli 1992 oder das Archivgesetz.<\/span><br \/>\n<span style=\"font-family: arial,helvetica,sans-serif;\">Das Archivgesetz bezieht sich auf die Dokumente bestimmter \u00f6ffentlicher Einrichtungen. Es besagt, dass Dokumente, die \u00e4lter als drei\u00dfig Jahre sind, im Staatsarchiv hinterlegt werden.<\/span><br \/>\n<span style=\"font-family: arial,helvetica,sans-serif;\">Durch eine Gesetzes\u00e4nderung vom 6. Mai 2009 wurde die Frist von 100 auf 30 Jahre verk\u00fcrzt, um den W\u00fcnschen von Historikern und B\u00fcrgern nach Forschung \u00fcber die j\u00fcngste Geschichte oder Genealogie zu entsprechen.<\/span><br \/>\n<span style=\"font-family: arial,helvetica,sans-serif;\">Es handelt sich um die folgenden Dokumente:<\/span><br \/>\n<span style=\"font-family: arial,helvetica,sans-serif;\">- diejenigen, die von den Gerichten aufbewahrt werden;<\/span><br \/>\n<span style=\"font-family: arial,helvetica,sans-serif;\">- diejenigen, die vom Staatsrat aufbewahrt werden;<\/span><br \/>\n<span style=\"font-family: arial,helvetica,sans-serif;\">- die staatlichen Verwaltungen;<\/span><br \/>\n<span style=\"font-family: arial,helvetica,sans-serif;\">- Provinzen und \u00f6ffentliche Einrichtungen, die ihrer Kontrolle oder Verwaltungsaufsicht unterliegen.<\/span><br \/>\n<span style=\"font-family: arial,helvetica,sans-serif;\">In Bezug auf die Gemeinden besagt das Gesetz, dass Dokumente, die \u00e4lter als 30 Jahre sind und von den Gemeinden und den \u00f6ffentlichen Einrichtungen, die ihrer Kontrolle oder Verwaltungsaufsicht unterliegen, aufbewahrt werden, in den Staatsarchiven hinterlegt werden k\u00f6nnen (vgl. Artikel 1, Absatz 2 des Gesetzes vom 24. Juni 1955). Diese Dokumente bleiben jedoch Eigentum der Gemeinde.<\/span><br \/>\n<span style=\"font-family: arial,helvetica,sans-serif;\">Ihre eventuelle Ver\u00f6ffentlichung unterliegt jedoch weiterhin dem Gesetz vom 19. Juli 1991 \u00fcber Bev\u00f6lkerungsregister, Personalausweise, Ausl\u00e4nderausweise und Aufenthaltsdokumente und zur Ab\u00e4nderung des Gesetzes vom 8. August 1983 zur Organisation eines Nationalregisters der nat\u00fcrlichen Personen und seiner Ausf\u00fchrungserlasse.<\/span><br \/>\n<span style=\"font-family: arial,helvetica,sans-serif;\">Dieser K\u00f6nigliche Erlass vom 16. Juli 1992 gilt daher f\u00fcr Bev\u00f6lkerungsregister, die im Staatsarchiv hinterlegt sind.<\/span><br \/>\n<span style=\"font-family: arial,helvetica,sans-serif;\">Au\u00dferdem ist zu erw\u00e4hnen, dass die Gemeinden immer noch Eigent\u00fcmer ihrer Bev\u00f6lkerungsregister sind, auch wenn diese dem Generalarchiv des K\u00f6nigreichs anvertraut wurden.<\/span><br \/>\n<span style=\"font-family: arial,helvetica,sans-serif;\">Der Staatsrat formulierte seine Stellungnahme am 23. Oktober 2013. Die Vorschl\u00e4ge des Rates wurden befolgt.<\/span><br \/>\n<span style=\"font-family: arial,helvetica,sans-serif;\">Kommentar zu den Artikeln<\/span><br \/>\n<span style=\"font-family: arial,helvetica,sans-serif;\"><br \/>\nArtikel 1<\/span><br \/>\n<span style=\"font-family: arial,helvetica,sans-serif;\"><br \/>\nArtikel 3 des aktuellen K\u00f6niglichen Erlasses vom 16. Juli 1992 \u00fcber die Mitteilung der in den Bev\u00f6lkerungsregistern und im Ausl\u00e4nderregister enthaltenen Informationen legt derzeit fest, in welchen F\u00e4llen eine Person oder Einrichtung einen Auszug oder eine Bescheinigung erhalten kann, der\/die mithilfe dieser Register ausgestellt wurde.<\/span><br \/>\n<span style=\"font-family: arial,helvetica,sans-serif;\">Der vorliegende Artikel f\u00fcgt die M\u00f6glichkeit hinzu, Ausz\u00fcge und Bescheinigungen zu genealogischen, historischen oder anderen wissenschaftlichen Zwecken zu erhalten. Der letzte Absatz von Artikel 4 des Entwurfs, wonach das Gemeindekollegium - College des Bourgmestre et Echevins beim Antragsteller alle zus\u00e4tzlichen Informationen zur Untermauerung des Antrags einholen kann, entspricht der Bemerkung des Ausschusses f\u00fcr den Schutz des Privatlebens und der Finanzinspektion, dass es sich hierbei um eine blo\u00dfe Stilformel handelt.<\/span><br \/>\n<span style=\"font-family: arial,helvetica,sans-serif;\">Die Ausstellung ist frei, wenn es sich um Informationen aus Bev\u00f6lkerungsregistern handelt, die vor mehr als 120 Jahren geschlossen wurden. Auf Antrag kann auch die aufsteigende Abstammung angegeben werden: Ohne diese ist n\u00e4mlich keine genealogische Forschung m\u00f6glich.<\/span><br \/>\n<span style=\"font-family: arial,helvetica,sans-serif;\">In der Praxis ist die Chance, dass sich die Ausz\u00fcge oder Bescheinigungen auf noch lebende Personen beziehen, \u00e4u\u00dferst gering: Die Register wurden nach jeder zehnj\u00e4hrigen Volksz\u00e4hlung geschlossen. Es handelt sich somit um Personen, die vor mehr als 120 Jahren geboren wurden.<\/span><br \/>\n<span style=\"font-family: arial,helvetica,sans-serif;\">F\u00fcr die Ausstellung von Ausz\u00fcgen und Bescheinigungen, die Informationen aus Melderegistern enthalten, die vor weniger als 120 Jahren geschlossen wurden, gelten strengere Regeln. Der Schutz der Privatsph\u00e4re spielt hier eine gr\u00f6\u00dfere Rolle und erfordert die Zustimmung der betroffenen Person oder ihrer Nachkommen f\u00fcr die Ausstellung der beantragten personenbezogenen Daten. Hier ist zu betonen, dass es Sache des Antragstellers und somit nicht der Gemeinde ist, diese Zustimmung einzuholen.\u00a0<\/span><br \/>\n<span style=\"font-family: arial,helvetica,sans-serif;\">Um Streitigkeiten zu vermeiden, wurde eine Hierarchie der Personen eingef\u00fcgt, die ihre Zustimmung geben k\u00f6nnen:<\/span><br \/>\n<span style=\"font-family: arial,helvetica,sans-serif;\">- Die erste ist nat\u00fcrlich die Person selbst, sofern sie noch am Leben und geistig gesund ist. Sie ist n\u00e4mlich Herr \u00fcber ihre Informationen.\u00a0<\/span><br \/>\n<span style=\"font-family: arial,helvetica,sans-serif;\">- Wenn die betroffene Person gestorben oder nicht mehr bei klarem Verstand ist (z. B. bei Demenz), muss diese Zustimmung vom \u00fcberlebenden Ehegatten oder vom \u00fcberlebenden gesetzlichen Lebensgef\u00e4hrten erteilt werden.<\/span><br \/>\n<span style=\"font-family: arial,helvetica,sans-serif;\">- Ist dieser ebenfalls verstorben oder nicht mehr in der Lage, seinen Willen zu \u00e4u\u00dfern, muss diese Zustimmung von mindestens einem der Abk\u00f6mmlinge ersten Grades der betroffenen Person erteilt werden. Dies bedeutet also nicht, dass alle Abk\u00f6mmlinge ersten Grades (in diesem Fall die Kinder) ihre Zustimmung geben m\u00fcssen. Wenn alle Nachkommen ihre Zustimmung geben m\u00fcssten, w\u00fcrde dies die Arbeit der Forscher erheblich erschweren. In diesem Artikel wird die Terminologie von Artikel 901 des Zivilgesetzbuchs verwendet, um die Zustimmungsunf\u00e4higkeit auszudr\u00fccken. Artikel 901 des Zivilgesetzbuchs befasst sich mit der F\u00e4higkeit, eine Schenkung unter Lebenden oder ein Testament zu machen: Zu diesem Zweck \"muss man geistig gesund sein\".<\/span><br \/>\n<span style=\"font-family: arial,helvetica,sans-serif;\">Wenn es keine Nachkommen ersten Grades gibt, die ihre Zustimmung geben k\u00f6nnen, kann diese vom Gemeindekollegium oder vom Kollegium der B\u00fcrgermeister und Sch\u00f6ffen erteilt werden. Diese M\u00f6glichkeit wurde gew\u00e4hlt, um Diskussionen innerhalb der Familien zu vermeiden. Das Gemeindekollegium oder das Kollegium der B\u00fcrgermeister und Sch\u00f6ffen ist n\u00e4mlich f\u00fcr die F\u00fchrung der Bev\u00f6lkerungsregister verantwortlich.<\/span><br \/>\n<span style=\"font-family: arial,helvetica,sans-serif;\">Die oben genannte Zustimmung muss vom Antragsteller eingereicht werden. Die Zustimmung kann auch die Erlaubnis enthalten, die Abstammung in aufsteigender Linie zu erw\u00e4hnen.<\/span><br \/>\n<span style=\"font-family: arial,helvetica,sans-serif;\">Die Gemeinde kann diese Ausz\u00fcge und Bescheinigungen zum Selbstkostenpreis ausstellen. Dies erscheint angemessen, weil sie ja ihr Personal f\u00fcr die Suche und Ausstellung des Dokuments besch\u00e4ftigen muss. Auch die Investitionskosten (z. B. f\u00fcr die Digitalisierung) k\u00f6nnen ber\u00fccksichtigt werden.<\/span><br \/>\n<span style=\"font-family: arial,helvetica,sans-serif;\">Aus Gr\u00fcnden des Schutzes der Privatsph\u00e4re der betroffenen Person, ihres \u00fcberlebenden Ehepartners oder ihres \u00fcberlebenden gesetzlichen Lebenspartners und ihrer Nachkommen wurde ein System entwickelt, das es erm\u00f6glicht, dem Antragsteller seine Adresse nicht mitzuteilen. Der Antragsteller kann seinem Antrag ein an die betroffene Person gerichtetes Schreiben beif\u00fcgen. Die Gemeinde leitet dieses Schreiben an den Empf\u00e4nger weiter, der dann selbst entscheidet, ob er dem Antrag des Antragstellers stattgibt oder nicht. Die Gemeinde darf dem Antragsteller die Adresse des Empf\u00e4ngers unter keinen Umst\u00e4nden direkt mitteilen.<\/span><br \/>\n<span style=\"font-family: arial,helvetica,sans-serif;\"><br \/>\nArtikel 2<br \/>\n<\/span><br \/>\n<span style=\"font-family: arial,helvetica,sans-serif;\">Artikel 2 betrifft die Einsichtnahme in Bev\u00f6lkerungsregister. Register, die vor mehr als 120 Jahren geschlossen wurden, k\u00f6nnen frei eingesehen werden, wenn es sich um genealogische und historische oder andere wissenschaftliche Zwecke handelt. Die Art und Weise, wie diese eingesehen werden k\u00f6nnen, wird vom Gemeindekollegium oder vom Kollegium der B\u00fcrgermeister und Sch\u00f6ffen festgelegt. Dabei handelt es sich um praktische Aspekte wie \u00d6ffnungszeiten, Antragsfrist usw. Die Gemeinde kann diese Details f\u00fcr Archive, die sich noch in ihrem Besitz befinden, in der Tat allein regeln.<\/span><br \/>\n<span style=\"font-family: arial,helvetica,sans-serif;\">Au\u00dferdem ist die M\u00f6glichkeit vorgesehen, die besagten Register zu digitalisieren, was zu ihrer dauerhaften Erhaltung beitr\u00e4gt. Es ist auch m\u00f6glich, die Vervielf\u00e4ltigung dieser Register, die seit mehr als 120 Jahren geschlossen sind, Dritten zum Selbstkostenpreis zur Verf\u00fcgung zu stellen, sofern diese f\u00fcr genealogische, historische oder andere wissenschaftliche Zwecke bestimmt sind. Diese Dritten d\u00fcrfen die Register nicht verbreiten. Es sollte vermieden werden, dass diese Verzeichnisse als solche im Internet zu finden sind.<\/span><br \/>\n<span style=\"font-family: arial,helvetica,sans-serif;\">Was die Personen betrifft, die diese Register einsehen k\u00f6nnen, wird es sich in der Praxis nat\u00fcrlich immer um eine nat\u00fcrliche Person handeln.<\/span><br \/>\n<span style=\"font-family: arial,helvetica,sans-serif;\">Dies schlie\u00dft nicht aus, dass diese Person dies als Mitglied eines Geschichts- und Genealogievereins, als Partner einer auf Familienforschung spezialisierten Gesellschaft usw. tut.<\/span><br \/>\n<span style=\"font-family: arial,helvetica,sans-serif;\"><br \/>\nArtikel 3<br \/>\n<\/span><br \/>\n<span style=\"font-family: arial,helvetica,sans-serif;\">Artikel 3, 2\u00b0 erlaubt die Weitergabe von Listen an Forscher, die ausdr\u00fccklich ihr historisches oder jedes andere wissenschaftliche Interesse begr\u00fcnden. In diesem Fall kann die Liste auch die aufsteigende Abstammung erw\u00e4hnen.<\/span><\/p>\n<p><span style=\"font-family: arial,helvetica,sans-serif;\">Artikel 4<\/span><\/p>\n<p><span style=\"font-family: arial,helvetica,sans-serif;\">Artikel 4 legt die Bedingungen fest, die ein Antrag auf Erhalt von Informationen aus dem Melderegister erf\u00fcllen muss:<\/span><br \/>\n<span style=\"font-family: arial,helvetica,sans-serif;\">- bei Bev\u00f6lkerungsregistern, die vor weniger als 120 Jahren geschlossen wurden, muss dieser Antrag durch einen begr\u00fcndeten Antrag und mit der Erkl\u00e4rung gestellt werden, dass die Informationen nur f\u00fcr genealogische, historische oder andere wissenschaftliche Zwecke verwendet werden, unter Angabe etwaiger Ver\u00f6ffentlichungen, f\u00fcr die die Daten verwendet werden sollen. Dies gilt sowohl f\u00fcr Antr\u00e4ge auf Ausz\u00fcge und Bescheinigungen als auch f\u00fcr Antr\u00e4ge auf Personenlisten.<\/span><br \/>\n<span style=\"font-family: arial,helvetica,sans-serif;\">- f\u00fcr Bev\u00f6lkerungsregister, die vor mehr als 120 Jahren geschlossen wurden, ist keine Meldung erforderlich. Dies wird durch die \"Verwaltung des Lesesaals\" in den Gemeindearchiven ausgeglichen (wer registriert, wer welches Dokument eingesehen hat).<\/span><br \/>\n<span style=\"font-family: arial,helvetica,sans-serif;\">Wenn die betroffene Person, ihr \u00fcberlebender Ehegatte oder ihr \u00fcberlebender gesetzlicher Lebensgef\u00e4hrte oder einer ihrer Abk\u00f6mmlinge ersten Grades der Ausstellung eines Auszugs, einer Bescheinigung oder einer Personenliste zustimmt, kann das Gemeindekollegium oder das Kollegium der B\u00fcrgermeister und Sch\u00f6ffen keinen Einspruch mehr erheben.<\/span><br \/>\n<span style=\"font-family: arial,helvetica,sans-serif;\"><br \/>\nArtikel 5<br \/>\n<\/span><br \/>\n<span style=\"font-family: arial,helvetica,sans-serif;\">Zu Artikel 5 ist kein Kommentar erforderlich.\u00a0<\/span><\/p>\n<p>Artikel 6<br \/>\n<span style=\"font-family: arial,helvetica,sans-serif;\">Gem\u00e4\u00df Artikel 10 des Gesetzes vom 8. August 1983 zur Organisation eines Nationalregisters f\u00fcr nat\u00fcrliche Personen muss die Gemeinde (unabh\u00e4ngig davon, ob es sich um ihr Personal handelt oder nicht) einen Berater f\u00fcr Informationssicherheit und Schutz des Privatlebens ernennen. Dieser Sicherheitsberater ist unter anderem daf\u00fcr zust\u00e4ndig, die Abfragen des Einwohnermelderegisters der Gemeinde zu \u00fcberwachen. Unter der Aufsicht des Sicherheitsberaters wird ein Logbuch \u00fcber die Abfragen der Einwohnermelde\u00e4mter gef\u00fchrt. Dieses Logging ist ein Hilfsmittel f\u00fcr die Gemeinden bei eventuellen Streitigkeiten.<\/span><br \/>\n<span style=\"font-family: arial,helvetica,sans-serif;\">Ich habe die Ehre, zu sein,<\/span><br \/>\n<span style=\"font-family: arial,helvetica,sans-serif;\">Sire,<\/span><br \/>\n<span style=\"font-family: arial,helvetica,sans-serif;\">von Eurer Majest\u00e4t,<\/span><br \/>\n<span style=\"font-family: arial,helvetica,sans-serif;\">der sehr respektvolle<\/span><br \/>\n<span style=\"font-family: arial,helvetica,sans-serif;\">und der sehr treue Diener,<\/span><br \/>\n<span style=\"font-family: arial,helvetica,sans-serif;\">Die Ministerin f\u00fcr Inneres,<\/span><br \/>\n<span style=\"font-family: arial,helvetica,sans-serif;\">Frau J. MILQUET<\/span><br \/>\n<span style=\"font-family: arial,helvetica,sans-serif;\">(1) Stellungnahme Nr. 11\/97 vom 30. April 1997.\u00a0<\/span><\/p>\n<p><span style=\"font-family: arial,helvetica,sans-serif;\">5. JANUAR 2014. - K\u00f6niglicher Erlass zur \u00c4nderung des K\u00f6niglichen Erlasses vom 16. Juli 1992 \u00fcber die Mitteilung von Informationen, die in den Bev\u00f6lkerungsregistern und im Ausl\u00e4nderregister enthalten sind<\/span><br \/>\n<span style=\"font-family: arial,helvetica,sans-serif;\">PHILIPPE, K\u00f6nig der Belgier,<\/span><br \/>\n<span style=\"font-family: arial,helvetica,sans-serif;\">An alle, Anwesende und Zuk\u00fcnftige, Heil.<\/span><br \/>\n<span style=\"font-family: arial,helvetica,sans-serif;\">Vu la loi du 19 juillet 1991 relative aux registres de la population, aux cartes d'identit\u00e9, aux cartes d'\u00e9tranger et aux documents de s\u00e9jour et modifiant la loi du 8 ao\u00fbt 1983 organisant un Registre national des personnes physiques, article 2, alin\u00e9a 3;<\/span><br \/>\n<span style=\"font-family: arial,helvetica,sans-serif;\">Gest\u00fctzt auf den K\u00f6niglichen Erlass vom 16. Juli 1992 \u00fcber die Mitteilung von Informationen, die in den Bev\u00f6lkerungsregistern und im Ausl\u00e4nderregister enthalten sind;<\/span><br \/>\n<span style=\"font-family: arial,helvetica,sans-serif;\">In Anbetracht der Stellungnahme Nr. 14\/2012 der Kommission f\u00fcr den Schutz des Privatlebens, die am 2. Mai 2012 abgegeben wurde;<\/span><br \/>\n<span style=\"font-family: arial,helvetica,sans-serif;\">In Anbetracht der Stellungnahme der Finanzinspektion, die am 11. Januar 2013 abgegeben wurde;<\/span><br \/>\n<span style=\"font-family: arial,helvetica,sans-serif;\">In Anbetracht der Stellungnahme des Staatsrats, Nr. 54.077\/2, die am 23. Oktober 2013 abgegeben wurde;<\/span><br \/>\n<span style=\"font-family: arial,helvetica,sans-serif;\">Auf Vorschlag unseres Innenministers,<\/span><br \/>\n<span style=\"font-family: arial,helvetica,sans-serif;\">Wir haben aufgeh\u00f6rt und h\u00f6ren auf :<\/span><br \/>\n<span style=\"font-family: arial,helvetica,sans-serif;\">Artikel 1. Artikel 3 des K\u00f6niglichen Erlasses vom 16. Juli 1992 \u00fcber die Mitteilung von Informationen, die in den Bev\u00f6lkerungsregistern und im Ausl\u00e4nderregister enthalten sind, wird durch folgende Abs\u00e4tze erg\u00e4nzt, die wie folgt lauten:<\/span><br \/>\n<span style=\"font-family: arial,helvetica,sans-serif;\">\"Die Beschr\u00e4nkungen f\u00fcr die Ausstellung von Ausz\u00fcgen und Bescheinigungen aus den Registern an Dritte gelten nicht, wenn diese f\u00fcr Zwecke der genealogischen oder historischen Forschung oder f\u00fcr andere wissenschaftliche Zwecke bestimmt sind und sofern die Register vor mehr als 120 Jahren geschlossen wurden. Abweichend von Artikel 4 kann in dem so erhaltenen Auszug oder der so erhaltenen Bescheinigung auch die Abstammung in aufsteigender Linie angegeben werden.<\/span><br \/>\n<span style=\"font-family: arial,helvetica,sans-serif;\">Die Ausstellung von Ausz\u00fcgen und Bescheinigungen aus Registern, die vor weniger als 120 Jahren geschlossen wurden, an Dritte zu genealogischen, historischen oder anderen wissenschaftlichen Zwecken ist mit der schriftlichen Zustimmung der betroffenen Person zul\u00e4ssig. In der Genehmigung sind die Zwecke anzugeben.<\/span><br \/>\n<span style=\"font-family: arial,helvetica,sans-serif;\">Wenn die betroffene Person gestorben oder nicht mehr zurechnungsf\u00e4hig ist, muss diese Zustimmung vom \u00fcberlebenden Ehegatten oder dem \u00fcberlebenden gesetzlichen Lebensgef\u00e4hrten erteilt werden. Bei Minderj\u00e4hrigen wird die Zustimmung von den Eltern oder dem Vormund erteilt.<\/span><br \/>\n<span style=\"font-family: arial,helvetica,sans-serif;\">Wenn die betroffene Person gestorben ist und keinen \u00fcberlebenden Ehegatten oder \u00fcberlebenden gesetzlichen Lebenspartner hinterlassen hat oder dieser nicht mehr zurechnungsf\u00e4hig ist, muss die Zustimmung von mindestens einem der Abk\u00f6mmlinge ersten Grades der betroffenen Person erteilt werden.<\/span><br \/>\n<span style=\"font-family: arial,helvetica,sans-serif;\">Wenn es keine Nachkommen ersten Grades gibt oder wenn diese nicht zurechnungsf\u00e4hig oder verstorben sind, obliegt es dem Kollegium der B\u00fcrgermeister und Sch\u00f6ffen\/Gemeinde, \u00fcber die Ausstellung von Ausz\u00fcgen oder Bescheinigungen zu entscheiden.<\/span><br \/>\n<span style=\"font-family: arial,helvetica,sans-serif;\">Die oben genannte Zustimmung muss vom Antragsteller vorgelegt werden. Die Zustimmung kann auch die Erlaubnis enthalten, die Abstammung in aufsteigender Linie zu erw\u00e4hnen.<\/span><br \/>\n<span style=\"font-family: arial,helvetica,sans-serif;\">Wenn der Antragsteller die Adresse der Person, die die Zustimmung erteilen soll, nicht kennt, kann dem Antrag ein Schreiben an die Person, deren Zustimmung erforderlich ist, beigef\u00fcgt werden, um die Zustimmung einzuholen. Die Gemeinde schickt das Schreiben dann an den Empf\u00e4nger, der dann entscheidet, ob er dem Antrag des Antragstellers stattgibt oder nicht. Die Gemeinde teilt dem Antragsteller die Adresse des Empf\u00e4ngers nicht mit.<\/span><br \/>\n<span style=\"font-family: arial,helvetica,sans-serif;\">Die Gemeinden k\u00f6nnen die Ausz\u00fcge und Bescheinigungen zum Selbstkostenpreis ausstellen.\"\u00a0<\/span><br \/>\n<span style=\"font-family: arial,helvetica,sans-serif;\">Art. 2 In denselben Erlass werden die Artikel 5bis und 5ter mit folgendem Wortlaut eingef\u00fcgt:<\/span><br \/>\n<span style=\"font-family: arial,helvetica,sans-serif;\">\" Art. 5a. Die Einsichtnahme durch Dritte in Register, die vor mehr als 120 Jahren geschlossen wurden, ist zu genealogischen, historischen oder anderen wissenschaftlichen Zwecken zul\u00e4ssig, unabh\u00e4ngig davon, ob es sich um Papierregister oder um Register handelt, die zum Zweck der dauerhaften Aufbewahrung auf einen anderen Informationstr\u00e4ger \u00fcbertragen wurden.<\/span><br \/>\n<span style=\"font-family: arial,helvetica,sans-serif;\">Die Modalit\u00e4ten dieser Konsultation werden vom Gemeindekollegium oder vom Kollegium der B\u00fcrgermeister und Sch\u00f6ffen festgelegt.<\/span><br \/>\n<span style=\"font-family: arial,helvetica,sans-serif;\">Art. 5ter. Die Gemeinden k\u00f6nnen ihre Register auf einen anderen Informationstr\u00e4ger \u00fcbertragen, und zwar im Hinblick auf eine dauerhafte Aufbewahrung.<\/span><br \/>\n<span style=\"font-family: arial,helvetica,sans-serif;\">Die Gemeinden k\u00f6nnen Reproduktionen von Registern, die vor mehr als 120 Jahren abgeschlossen wurden, Dritten zum Selbstkostenpreis zur Verf\u00fcgung stellen, wenn diese f\u00fcr genealogische, historische oder andere wissenschaftliche Zwecke bestimmt sind.<\/span><br \/>\n<span style=\"font-family: arial,helvetica,sans-serif;\">Diese Dritten d\u00fcrfen die erhaltenen Vervielf\u00e4ltigungen jedoch nicht verbreiten.\"<\/span><br \/>\n<span style=\"font-family: arial,helvetica,sans-serif;\">Art. 3 Artikel 7 desselben Erlasses wird durch eine Bestimmung in Buchstabe e) erg\u00e4nzt, die wie folgt lautet:<\/span><br \/>\n<span style=\"font-family: arial,helvetica,sans-serif;\">e) Forscher, die ausdr\u00fccklich ein klares historisches oder sonstiges wissenschaftliches Interesse nachweisen k\u00f6nnen. In diesem Fall kann die Liste abweichend von Absatz 1 auch die Abstammung in aufsteigender Linie enthalten.<\/span><br \/>\n<span style=\"font-family: arial,helvetica,sans-serif;\">Art. 4 In denselben Erlass wird ein Artikel 10a mit folgendem Wortlaut eingef\u00fcgt:<\/span><br \/>\n<span style=\"font-family: arial,helvetica,sans-serif;\">\"Art. 10bis. Der Antrag auf Informationen aus Registern, die vor weniger als 120 Jahren geschlossen wurden, zu genealogischen, historischen oder anderen wissenschaftlichen Zwecken, entweder mittels Ausz\u00fcgen oder Bescheinigungen oder mittels Personenlisten, muss an das Gemeindekollegium oder das Kollegium der B\u00fcrgermeister und Sch\u00f6ffen gerichtet werden, und zwar mittels eines begr\u00fcndeten Antrags.<\/span><br \/>\n<span style=\"font-family: arial,helvetica,sans-serif;\">Dieser Antrag enth\u00e4lt auch die Verpflichtung des Antragstellers, die erhaltenen Informationen nur f\u00fcr genealogische oder historische Zwecke oder f\u00fcr andere wissenschaftliche Zwecke zu verwenden, unter Angabe etwaiger Ver\u00f6ffentlichungen, f\u00fcr die die Informationen verwendet werden sollen.<\/span><br \/>\n<span style=\"font-family: arial,helvetica,sans-serif;\">Bevor das Gemeindekollegium oder das Kollegium der B\u00fcrgermeister und Sch\u00f6ffen seine Zustimmung erteilt, kann es, bevor es die beantragten Informationen aus den Bev\u00f6lkerungsregistern mitteilt, beim Antragsteller alle zus\u00e4tzlichen Ausk\u00fcnfte einholen, die dazu bestimmt sind, die Begr\u00fcndetheit des Antrags zu untermauern.<\/span><br \/>\n<span style=\"font-family: arial,helvetica,sans-serif;\">Art. 5 Zwischen Artikel 10 und Artikel 10bis desselben Erlasses werden die Worte \"Kapitel V - Verschiedene Bestimmungen\" eingef\u00fcgt.<\/span><br \/>\n<span style=\"font-family: arial,helvetica,sans-serif;\">Art. 6 In denselben Erlass wird ein Artikel 12bis eingef\u00fcgt, der wie folgt lautet:<\/span><br \/>\n<span style=\"font-family: arial,helvetica,sans-serif;\">\" Art. 12bis. Der in Artikel 10 des Gesetzes vom 8. August 1983 zur Organisation eines Nationalregisters der nat\u00fcrlichen Personen genannte Berater in Sachen Informationssicherheit und Schutz des Privatlebens, der von der Gemeinde ernannt wird, ist mit der Kontrolle der Abfragen der Bev\u00f6lkerungsregister der Gemeinde beauftragt.<\/span><br \/>\n<span style=\"font-family: arial,helvetica,sans-serif;\">Ein Logging der Abfragen der Bev\u00f6lkerungsregister wird ebenfalls unter der Aufsicht des oben genannten Sicherheitsberaters gef\u00fchrt.\"<\/span><br \/>\n<span style=\"font-family: arial,helvetica,sans-serif;\">Art. 7 Unsere Innenministerin ist mit der Ausf\u00fchrung dieses Erlasses beauftragt.<\/span><br \/>\n<span style=\"font-family: arial,helvetica,sans-serif;\">Gegeben in Br\u00fcssel am 5. Januar 2014.<\/span><br \/>\n<span style=\"font-family: arial,helvetica,sans-serif;\">PHILIPPE<\/span><br \/>\n<span style=\"font-family: arial,helvetica,sans-serif;\">Beim K\u00f6nig :<\/span><br \/>\n<span style=\"font-family: arial,helvetica,sans-serif;\">Die Ministerin f\u00fcr Inneres,<\/span><br \/>\n<span style=\"font-family: arial,helvetica,sans-serif;\">Frau J. MILQUET<\/span><\/p>","protected":false},"excerpt":{"rendered":"<p>Publi\u00e9 le : 2014-01-17 SERVICE PUBLIC FEDERAL INTERIEUR\u00a0 5 JANVIER 2014. &#8211; Arr\u00eat\u00e9 royal modifiant l&rsquo;arr\u00eat\u00e9 royal du 16 juillet 1992 relatif \u00e0 la communication des informations contenues dans les [&hellip;]<\/p>\n","protected":false},"author":2,"featured_media":3083,"comment_status":"open","ping_status":"open","sticky":false,"template":"","format":"standard","meta":{"_et_pb_use_builder":"","_et_pb_old_content":"","_et_gb_content_width":"","footnotes":""},"categories":[74,85],"tags":[],"class_list":["post-3082","post","type-post","status-publish","format-standard","has-post-thumbnail","hentry","category-archive-en-belgique","category-archives-modernes-1796-1918","et-has-post-format-content","et_post_format-et-post-format-standard"],"aioseo_notices":[],"_links":{"self":[{"href":"https:\/\/geniwal.be\/de\/wp-json\/wp\/v2\/posts\/3082","targetHints":{"allow":["GET"]}}],"collection":[{"href":"https:\/\/geniwal.be\/de\/wp-json\/wp\/v2\/posts"}],"about":[{"href":"https:\/\/geniwal.be\/de\/wp-json\/wp\/v2\/types\/post"}],"author":[{"embeddable":true,"href":"https:\/\/geniwal.be\/de\/wp-json\/wp\/v2\/users\/2"}],"replies":[{"embeddable":true,"href":"https:\/\/geniwal.be\/de\/wp-json\/wp\/v2\/comments?post=3082"}],"version-history":[{"count":0,"href":"https:\/\/geniwal.be\/de\/wp-json\/wp\/v2\/posts\/3082\/revisions"}],"wp:featuredmedia":[{"embeddable":true,"href":"https:\/\/geniwal.be\/de\/wp-json\/wp\/v2\/media\/3083"}],"wp:attachment":[{"href":"https:\/\/geniwal.be\/de\/wp-json\/wp\/v2\/media?parent=3082"}],"wp:term":[{"taxonomy":"category","embeddable":true,"href":"https:\/\/geniwal.be\/de\/wp-json\/wp\/v2\/categories?post=3082"},{"taxonomy":"post_tag","embeddable":true,"href":"https:\/\/geniwal.be\/de\/wp-json\/wp\/v2\/tags?post=3082"}],"curies":[{"name":"wp","href":"https:\/\/api.w.org\/{rel}","templated":true}]}}