{"id":3094,"date":"2019-04-10T21:28:08","date_gmt":"2019-04-10T19:28:08","guid":{"rendered":"https:\/\/geniwal.be\/?p=3094"},"modified":"2023-04-10T01:49:33","modified_gmt":"2023-04-09T23:49:33","slug":"letat-civil","status":"publish","type":"post","link":"https:\/\/geniwal.be\/de\/nos-pistes\/pistes-genealogiques-en-belgique\/archive-en-belgique\/letat-civil\/","title":{"rendered":"Der Zivilstand"},"content":{"rendered":"<p><span style=\"font-family: arial,helvetica,sans-serif;\"><b>Der Zivilstand eine beliebte Quelle f\u00fcr Genealogen<\/b><\/span><\/p>\n<p>Wurde durch ein Dekret der gesetzgebenden Versammlung des Nationalkonvents vom 20. September 1792 eingef\u00fchrt. Unser Land steht unter franz\u00f6sischer Besatzung, die auf den R\u00fcckzug der Preu\u00dfen nach ihrer Niederlage bei Valmy folgt.<br \/>\n<span style=\"font-family: arial,helvetica,sans-serif;\">Diese Konvention ordnet an, dass die Kirchenb\u00fccher innerhalb von acht Wochen geschlossen und inventarisiert werden. Sie werden in den Gemeindeh\u00e4usern hinterlegt, wo sie aufbewahrt werden.<\/span><br \/>\n<span style=\"font-family: arial,helvetica,sans-serif;\">Die Urkunden wurden nicht mehr vom Klerus verfasst (der Klerus f\u00fchrte nach dem Konkordat weiterhin seine eigenen Register, die jedoch keine Rechtsg\u00fcltigkeit hatten), sondern vom Standesbeamten der Gemeinde, meist vom B\u00fcrgermeister oder einem seiner Stellvertreter. Es werden alle Einwohner (B\u00fcrger) einer Gemeinde eingetragen, unabh\u00e4ngig von ihrer Religion.<\/span><br \/>\n<span style=\"font-family: arial,helvetica,sans-serif;\">Die drei wichtigsten Akte im Leben eines Menschen sind: Geburt, Heirat und Tod.<\/span><\/p>\n<p><span style=\"font-family: arial,helvetica,sans-serif;\"><img decoding=\"async\" class=\"aligncenter lazyload\" data-src=\"http:\/\/www.geniwal.eu\/upload\/photo_496_menu_377.jpg\" alt=\"\" width=\"170\" height=\"114\" border=\"5\" src=\"data:image\/svg+xml;base64,PHN2ZyB3aWR0aD0iMSIgaGVpZ2h0PSIxIiB4bWxucz0iaHR0cDovL3d3dy53My5vcmcvMjAwMC9zdmciPjwvc3ZnPg==\" style=\"--smush-placeholder-width: 170px; --smush-placeholder-aspect-ratio: 170\/114;\" \/><img decoding=\"async\" class=\"aligncenter lazyload\" data-src=\"http:\/\/www.geniwal.eu\/upload\/photo_499_menu_377.jpg\" alt=\"\" width=\"170\" height=\"241\" border=\"5\" src=\"data:image\/svg+xml;base64,PHN2ZyB3aWR0aD0iMSIgaGVpZ2h0PSIxIiB4bWxucz0iaHR0cDovL3d3dy53My5vcmcvMjAwMC9zdmciPjwvc3ZnPg==\" style=\"--smush-placeholder-width: 170px; --smush-placeholder-aspect-ratio: 170\/241;\" \/><img decoding=\"async\" class=\"aligncenter lazyload\" data-src=\"http:\/\/www.geniwal.eu\/upload\/photo_498_menu_377.jpg\" alt=\"\" width=\"170\" height=\"129\" border=\"5\" src=\"data:image\/svg+xml;base64,PHN2ZyB3aWR0aD0iMSIgaGVpZ2h0PSIxIiB4bWxucz0iaHR0cDovL3d3dy53My5vcmcvMjAwMC9zdmciPjwvc3ZnPg==\" style=\"--smush-placeholder-width: 170px; --smush-placeholder-aspect-ratio: 170\/129;\" \/><\/span><br \/>\n<span style=\"font-family: arial,helvetica,sans-serif;\">\u00a0<\/span><\/p>\n<p><span style=\"font-family: arial,helvetica,sans-serif;\"><b>NB. : Durch das Gesetz vom 13. Fructitor Jahr IV ( 30. August 1798 )<\/b>\u00a0werden Ehen geschlossen\u00a0<b>in der Kantonshauptstadt<\/b>\u00a0und nur die Dekadi.<\/span><br \/>\n<span style=\"font-family: arial,helvetica,sans-serif;\">Die Durchf\u00fchrung von Eheschlie\u00dfungen in den Gemeinden wird wieder eingef\u00fchrt am\u00a0<b>7 Thermidor an VIII ( 26. Juli 1800 )<\/b>.\u00a0<\/span><\/p>\n<p><span style=\"font-family: arial,helvetica,sans-serif;\">* Es ist m\u00f6glich, eine Urkunde \u00fcber unseren Verein zu erhalten<\/span><\/p>\n<p><span style=\"font-family: arial,helvetica,sans-serif;\"><b>Quellen:<\/b><\/span><br \/>\n<span style=\"font-family: arial,helvetica,sans-serif;\"><b>L\u00e9on Roy<\/b>,\u00a0<i>Handbuch der Genealogie, Atelier de G\u00e9n\u00e9alogie du Cercle d'histoire de Rixensart (Genealogie-Workshop des Geschichtskreises von Rixensart)<\/i>, 2000, p 85.<\/span><br \/>\n<span style=\"font-family: arial,helvetica,sans-serif;\"><b>Tony Neulat<\/b>,\u00a0<i>der Zivilstand<\/i>Ihre Genealogie Nr. 34, S. 40-41.<\/span><br \/>\n<span style=\"font-family: arial,helvetica,sans-serif;\"><b>Fotografisches Dokument<\/b>\u00a0: G\u00e9niWal asbl\u00a0<span style=\"font-size: 12pt;\">\u00a9<\/span>\u00a0alle Rechte vorbehalten<\/span><\/p>","protected":false},"excerpt":{"rendered":"<p>L&rsquo;\u00e9tat civil une source de pr\u00e9dilection du g\u00e9n\u00e9alogiste A \u00e9t\u00e9 instaur\u00e9 par d\u00e9cret de l&rsquo;assembl\u00e9e l\u00e9gislative la convention nationale du 20 septembre 1792. Notre pays est sous l&rsquo;occupation Fran\u00e7aise qui [&hellip;]<\/p>\n","protected":false},"author":2,"featured_media":3095,"comment_status":"open","ping_status":"open","sticky":false,"template":"","format":"standard","meta":{"_et_pb_use_builder":"","_et_pb_old_content":"","_et_gb_content_width":"","footnotes":""},"categories":[74,85],"tags":[],"class_list":["post-3094","post","type-post","status-publish","format-standard","has-post-thumbnail","hentry","category-archive-en-belgique","category-archives-modernes-1796-1918","et-has-post-format-content","et_post_format-et-post-format-standard"],"aioseo_notices":[],"_links":{"self":[{"href":"https:\/\/geniwal.be\/de\/wp-json\/wp\/v2\/posts\/3094","targetHints":{"allow":["GET"]}}],"collection":[{"href":"https:\/\/geniwal.be\/de\/wp-json\/wp\/v2\/posts"}],"about":[{"href":"https:\/\/geniwal.be\/de\/wp-json\/wp\/v2\/types\/post"}],"author":[{"embeddable":true,"href":"https:\/\/geniwal.be\/de\/wp-json\/wp\/v2\/users\/2"}],"replies":[{"embeddable":true,"href":"https:\/\/geniwal.be\/de\/wp-json\/wp\/v2\/comments?post=3094"}],"version-history":[{"count":0,"href":"https:\/\/geniwal.be\/de\/wp-json\/wp\/v2\/posts\/3094\/revisions"}],"wp:featuredmedia":[{"embeddable":true,"href":"https:\/\/geniwal.be\/de\/wp-json\/wp\/v2\/media\/3095"}],"wp:attachment":[{"href":"https:\/\/geniwal.be\/de\/wp-json\/wp\/v2\/media?parent=3094"}],"wp:term":[{"taxonomy":"category","embeddable":true,"href":"https:\/\/geniwal.be\/de\/wp-json\/wp\/v2\/categories?post=3094"},{"taxonomy":"post_tag","embeddable":true,"href":"https:\/\/geniwal.be\/de\/wp-json\/wp\/v2\/tags?post=3094"}],"curies":[{"name":"wp","href":"https:\/\/api.w.org\/{rel}","templated":true}]}}