{"id":3249,"date":"2019-04-17T13:54:50","date_gmt":"2019-04-17T11:54:50","guid":{"rendered":"https:\/\/geniwal.be\/?p=3249"},"modified":"2023-04-10T01:34:36","modified_gmt":"2023-04-09T23:34:36","slug":"la-revolution-belge-de-1830","status":"publish","type":"post","link":"https:\/\/geniwal.be\/de\/nos-pistes\/pistes-genealogiques-en-belgique\/recherche-1830\/la-revolution-belge-de-1830\/","title":{"rendered":"Die belgische Revolution von 1830"},"content":{"rendered":"<p><span style=\"font-family: arial,helvetica,sans-serif;\">Anl\u00e4sslich des 58. Geburtstags des K\u00f6nigs <a href=\"https:\/\/fr.wikipedia.org\/wiki\/Guillaume_Ier_(roi_des_Pays-Bas)\">Wilhelm I. (Wilhelm-Friedrich <strong>von ORANGE-NASSAU<\/strong><\/a> (1772-1843) K\u00f6nig der Niederlande<\/span><span style=\"font-family: arial,helvetica,sans-serif;\">s-Bas und souver\u00e4ner Prinz der Niederlande (1813-1815 Ehefrau von <a href=\"https:\/\/fr.wikipedia.org\/wiki\/Henriette_d%27Oultremont\"><strong>Henriette Adrienne Louise Fleur d'OULTREMONT de WEGIMONT und de WARFUSEE <\/strong><\/a>(1792-1864) Sohn von <strong>Wilhelm V. von ORANGE-NASSAU <\/strong>und Wilhelmine <strong>von PRUSSEN<\/strong> (1774-1837).<\/span><span style=\"font-family: arial,helvetica,sans-serif;\">.<\/span><span style=\"font-family: arial,helvetica,sans-serif;\">\u00a0 \u00a0 <\/span><span style=\"font-family: arial,helvetica,sans-serif;\">\u00a0 \u00a0\u00a0<\/span><\/p>\n\n\t\t<style type=\"text\/css\">\n\t\t\t#gallery-1 {\n\t\t\t\tmargin: auto;\n\t\t\t}\n\t\t\t#gallery-1 .gallery-item {\n\t\t\t\tfloat: left;\n\t\t\t\tmargin-top: 10px;\n\t\t\t\ttext-align: center;\n\t\t\t\twidth: 25%;\n\t\t\t}\n\t\t\t#gallery-1 img {\n\t\t\t\tborder: 2px solid #cfcfcf;\n\t\t\t}\n\t\t\t#gallery-1 .gallery-caption {\n\t\t\t\tmargin-left: 0;\n\t\t\t}\n\t\t\t\/* see gallery_shortcode() in wp-includes\/media.php *\/\n\t\t<\/style>\n\t\t<div id='gallery-1' class='gallery galleryid-3249 gallery-columns-4 gallery-size-medium'><dl class='gallery-item'>\n\t\t\t<dt class='gallery-icon portrait'>\n\t\t\t\t<a href='https:\/\/geniwal.be\/de\/nos-pistes\/pistes-genealogiques-en-belgique\/recherche-1830\/la-revolution-belge-de-1830\/attachment\/800px-willem_i_in_kroningsmantel\/'><img decoding=\"async\" width=\"203\" height=\"300\" data-src=\"https:\/\/geniwal.be\/wp-content\/uploads\/2019\/04\/800px-Willem_I_in_kroningsmantel-203x300.jpg\" class=\"attachment-medium size-medium lazyload\" alt=\"\" aria-describedby=\"gallery-1-3265\" data-srcset=\"https:\/\/geniwal.be\/wp-content\/uploads\/2019\/04\/800px-Willem_I_in_kroningsmantel-203x300.jpg 203w, https:\/\/geniwal.be\/wp-content\/uploads\/2019\/04\/800px-Willem_I_in_kroningsmantel-300x443.jpg 300w, https:\/\/geniwal.be\/wp-content\/uploads\/2019\/04\/800px-Willem_I_in_kroningsmantel-600x886.jpg 600w, https:\/\/geniwal.be\/wp-content\/uploads\/2019\/04\/800px-Willem_I_in_kroningsmantel-768x1134.jpg 768w, https:\/\/geniwal.be\/wp-content\/uploads\/2019\/04\/800px-Willem_I_in_kroningsmantel-694x1024.jpg 694w, https:\/\/geniwal.be\/wp-content\/uploads\/2019\/04\/800px-Willem_I_in_kroningsmantel.jpg 677w\" data-sizes=\"(max-width: 203px) 100vw, 203px\" src=\"data:image\/svg+xml;base64,PHN2ZyB3aWR0aD0iMSIgaGVpZ2h0PSIxIiB4bWxucz0iaHR0cDovL3d3dy53My5vcmcvMjAwMC9zdmciPjwvc3ZnPg==\" style=\"--smush-placeholder-width: 203px; --smush-placeholder-aspect-ratio: 203\/300;\" \/><\/a>\n\t\t\t<\/dt>\n\t\t\t\t<dd class='wp-caption-text gallery-caption' id='gallery-1-3265'>\n\t\t\t\tWilhelm I. (Wilhelm Friedrich von ORANGE-NASSAU \n\t\t\t\t<\/dd><\/dl><dl class='gallery-item'>\n\t\t\t<dt class='gallery-icon portrait'>\n\t\t\t\t<a href='https:\/\/geniwal.be\/de\/nos-pistes\/pistes-genealogiques-en-belgique\/recherche-1830\/la-revolution-belge-de-1830\/attachment\/henriette-doultremont-copie\/'><img decoding=\"async\" width=\"222\" height=\"300\" data-src=\"https:\/\/geniwal.be\/wp-content\/uploads\/2019\/04\/Henriette-dOultremont-copie-222x300.jpg\" class=\"attachment-medium size-medium lazyload\" alt=\"\" aria-describedby=\"gallery-1-3289\" data-srcset=\"https:\/\/geniwal.be\/wp-content\/uploads\/2019\/04\/Henriette-dOultremont-copie-222x300.jpg 222w, https:\/\/geniwal.be\/wp-content\/uploads\/2019\/04\/Henriette-dOultremont-copie-300x406.jpg 300w, https:\/\/geniwal.be\/wp-content\/uploads\/2019\/04\/Henriette-dOultremont-copie.jpg 400w\" data-sizes=\"(max-width: 222px) 100vw, 222px\" src=\"data:image\/svg+xml;base64,PHN2ZyB3aWR0aD0iMSIgaGVpZ2h0PSIxIiB4bWxucz0iaHR0cDovL3d3dy53My5vcmcvMjAwMC9zdmciPjwvc3ZnPg==\" style=\"--smush-placeholder-width: 222px; --smush-placeholder-aspect-ratio: 222\/300;\" \/><\/a>\n\t\t\t<\/dt>\n\t\t\t\t<dd class='wp-caption-text gallery-caption' id='gallery-1-3289'>\n\t\t\t\tHenriette Adrienne Louise Fleur d'OULTREMONT de WEGIMONT und de WARFUSEE \n\t\t\t\t<\/dd><\/dl><dl class='gallery-item'>\n\t\t\t<dt class='gallery-icon portrait'>\n\t\t\t\t<a href='https:\/\/geniwal.be\/de\/nos-pistes\/pistes-genealogiques-en-belgique\/recherche-1830\/la-revolution-belge-de-1830\/attachment\/800px-willem_v_1748-1806_prins_van_oranje-nassau_rijksmuseum_sk-a-882\/'><img decoding=\"async\" width=\"239\" height=\"300\" data-src=\"https:\/\/geniwal.be\/wp-content\/uploads\/2019\/04\/800px-Willem_V_1748-1806_prins_van_Oranje-Nassau_Rijksmuseum_SK-A-882-239x300.jpeg\" class=\"attachment-medium size-medium lazyload\" alt=\"\" aria-describedby=\"gallery-1-3273\" data-srcset=\"https:\/\/geniwal.be\/wp-content\/uploads\/2019\/04\/800px-Willem_V_1748-1806_prins_van_Oranje-Nassau_Rijksmuseum_SK-A-882-239x300.jpeg 239w, https:\/\/geniwal.be\/wp-content\/uploads\/2019\/04\/800px-Willem_V_1748-1806_prins_van_Oranje-Nassau_Rijksmuseum_SK-A-882-300x377.jpeg 300w, https:\/\/geniwal.be\/wp-content\/uploads\/2019\/04\/800px-Willem_V_1748-1806_prins_van_Oranje-Nassau_Rijksmuseum_SK-A-882-600x753.jpeg 600w, https:\/\/geniwal.be\/wp-content\/uploads\/2019\/04\/800px-Willem_V_1748-1806_prins_van_Oranje-Nassau_Rijksmuseum_SK-A-882-768x964.jpeg 768w, https:\/\/geniwal.be\/wp-content\/uploads\/2019\/04\/800px-Willem_V_1748-1806_prins_van_Oranje-Nassau_Rijksmuseum_SK-A-882.jpeg 797w\" data-sizes=\"(max-width: 239px) 100vw, 239px\" src=\"data:image\/svg+xml;base64,PHN2ZyB3aWR0aD0iMSIgaGVpZ2h0PSIxIiB4bWxucz0iaHR0cDovL3d3dy53My5vcmcvMjAwMC9zdmciPjwvc3ZnPg==\" style=\"--smush-placeholder-width: 239px; --smush-placeholder-aspect-ratio: 239\/300;\" \/><\/a>\n\t\t\t<\/dt>\n\t\t\t\t<dd class='wp-caption-text gallery-caption' id='gallery-1-3273'>\n\t\t\t\tWilhelm V. von ORANGE-NASSAU\n\t\t\t\t<\/dd><\/dl><dl class='gallery-item'>\n\t\t\t<dt class='gallery-icon portrait'>\n\t\t\t\t<a href='https:\/\/geniwal.be\/de\/nos-pistes\/pistes-genealogiques-en-belgique\/recherche-1830\/la-revolution-belge-de-1830\/attachment\/wilhelmina_van_pruisen_koningin_der_nederlanden\/'><img decoding=\"async\" width=\"197\" height=\"300\" data-src=\"https:\/\/geniwal.be\/wp-content\/uploads\/2019\/04\/Wilhelmina_van_Pruisen_koningin_der_Nederlanden-197x300.jpg\" class=\"attachment-medium size-medium lazyload\" alt=\"\" aria-describedby=\"gallery-1-3269\" data-srcset=\"https:\/\/geniwal.be\/wp-content\/uploads\/2019\/04\/Wilhelmina_van_Pruisen_koningin_der_Nederlanden-197x300.jpg 197w, https:\/\/geniwal.be\/wp-content\/uploads\/2019\/04\/Wilhelmina_van_Pruisen_koningin_der_Nederlanden-300x458.jpg 300w, https:\/\/geniwal.be\/wp-content\/uploads\/2019\/04\/Wilhelmina_van_Pruisen_koningin_der_Nederlanden-600x916.jpg 600w, https:\/\/geniwal.be\/wp-content\/uploads\/2019\/04\/Wilhelmina_van_Pruisen_koningin_der_Nederlanden-768x1172.jpg 768w, https:\/\/geniwal.be\/wp-content\/uploads\/2019\/04\/Wilhelmina_van_Pruisen_koningin_der_Nederlanden-671x1024.jpg 671w, https:\/\/geniwal.be\/wp-content\/uploads\/2019\/04\/Wilhelmina_van_Pruisen_koningin_der_Nederlanden.jpg 655w\" data-sizes=\"(max-width: 197px) 100vw, 197px\" src=\"data:image\/svg+xml;base64,PHN2ZyB3aWR0aD0iMSIgaGVpZ2h0PSIxIiB4bWxucz0iaHR0cDovL3d3dy53My5vcmcvMjAwMC9zdmciPjwvc3ZnPg==\" style=\"--smush-placeholder-width: 197px; --smush-placeholder-aspect-ratio: 197\/300;\" \/><\/a>\n\t\t\t<\/dt>\n\t\t\t\t<dd class='wp-caption-text gallery-caption' id='gallery-1-3269'>\n\t\t\t\tWilhelmine von PRUSSEN\n\t\t\t\t<\/dd><\/dl><br style=\"clear: both\" \/>\n\t\t<\/div>\n\n<p><span style=\"font-family: arial,helvetica,sans-serif;\">Am 25. August 1830 in Br\u00fcssel anl\u00e4sslich des Geburtstags des K\u00f6nigs. Es wird eine Oper in 5 Akten gesungen \"la muette de Portici de <a href=\"http:\/\/www.musicologie.org\/Biographies\/auber_daniel.html\">Daniel Esprit Fran\u00e7ois <strong>AUBERT<\/strong><\/a> (1782-1871), nach den Worten von <a href=\"http:\/\/marthe-peyroux2.azurewebsites.net\/\/Scribe.htm\">Eugene <strong>SCRIBE<\/strong><\/a> (1791-1861) und <a href=\"https:\/\/data.bnf.fr\/fr\/12268158\/germain_delavigne\/\">Louis Marie Germain <strong>DE LA VIGNE oder DELAVIGNE<\/strong> (1790-1868<\/a>) . Dieses Werk wird zum Ausl\u00f6ser der Belgischen Revolution. Es beschreibt auf der B\u00fchne eine Revolte, die im 17. Jahrhundert in Portici bei Neapel gegen die spanische Herrschaft gef\u00fchrt wurde. Diese Situation war auch dem belgischen Volk zu dieser Zeit bekannt. Im 3. Akt nach Szene 4, gespielt vom Tenor <a href=\"https:\/\/www.lamonnaiebelge.be\/inspiration\/le-blog-de-maarten\/154-muette-de-portici\">Jean Fran\u00e7ois <strong>LAFEUILLADE<\/strong><\/a> rief dieser \"Zu den Waffen, zu den Waffen\". Der begeisterte Saal erhob sich und stimmte \"National, national! \" . Innerhalb weniger Tage kam es zur totalen Anarchie. Br\u00fcssel wurde gepl\u00fcndert und niedergebrannt. Die Menschen in den verschiedenen Regionen\u00a0<span style=\"text-align: left; color: #333333; text-transform: none; text-indent: 0px; letter-spacing: normal; font-size: 16px; font-style: normal; font-variant: normal; font-weight: 400; text-decoration: none; word-spacing: 0px; display: inline !important; white-space: normal; cursor: text; orphans: 2; float: none; -webkit-text-stroke-width: 0px; background-color: transparent;\">organisiert sich<\/span>nt. Die belgische Revolution f\u00fchrt nach den K\u00e4mpfen zur Unabh\u00e4ngigkeit.<\/span><\/p>\n\n\t\t<style type=\"text\/css\">\n\t\t\t#gallery-2 {\n\t\t\t\tmargin: auto;\n\t\t\t}\n\t\t\t#gallery-2 .gallery-item {\n\t\t\t\tfloat: left;\n\t\t\t\tmargin-top: 10px;\n\t\t\t\ttext-align: center;\n\t\t\t\twidth: 25%;\n\t\t\t}\n\t\t\t#gallery-2 img {\n\t\t\t\tborder: 2px solid #cfcfcf;\n\t\t\t}\n\t\t\t#gallery-2 .gallery-caption {\n\t\t\t\tmargin-left: 0;\n\t\t\t}\n\t\t\t\/* see gallery_shortcode() in wp-includes\/media.php *\/\n\t\t<\/style>\n\t\t<div id='gallery-2' class='gallery galleryid-3249 gallery-columns-4 gallery-size-medium'><dl class='gallery-item'>\n\t\t\t<dt class='gallery-icon portrait'>\n\t\t\t\t<a href='https:\/\/geniwal.be\/de\/nos-pistes\/pistes-genealogiques-en-belgique\/recherche-1830\/la-revolution-belge-de-1830\/attachment\/auber-3\/'><img decoding=\"async\" width=\"264\" height=\"300\" data-src=\"https:\/\/geniwal.be\/wp-content\/uploads\/2019\/04\/auber-3-264x300.jpg\" class=\"attachment-medium size-medium lazyload\" alt=\"\" aria-describedby=\"gallery-2-3251\" data-srcset=\"https:\/\/geniwal.be\/wp-content\/uploads\/2019\/04\/auber-3-264x300.jpg 264w, https:\/\/geniwal.be\/wp-content\/uploads\/2019\/04\/auber-3-300x340.jpg 300w, https:\/\/geniwal.be\/wp-content\/uploads\/2019\/04\/auber-3-600x681.jpg 600w, https:\/\/geniwal.be\/wp-content\/uploads\/2019\/04\/auber-3-768x871.jpg 768w, https:\/\/geniwal.be\/wp-content\/uploads\/2019\/04\/auber-3-903x1024.jpg 903w, https:\/\/geniwal.be\/wp-content\/uploads\/2019\/04\/auber-3.jpg 881w\" data-sizes=\"(max-width: 264px) 100vw, 264px\" src=\"data:image\/svg+xml;base64,PHN2ZyB3aWR0aD0iMSIgaGVpZ2h0PSIxIiB4bWxucz0iaHR0cDovL3d3dy53My5vcmcvMjAwMC9zdmciPjwvc3ZnPg==\" style=\"--smush-placeholder-width: 264px; --smush-placeholder-aspect-ratio: 264\/300;\" \/><\/a>\n\t\t\t<\/dt>\n\t\t\t\t<dd class='wp-caption-text gallery-caption' id='gallery-2-3251'>\n\t\t\t\tDaniel Esprit Fran\u00e7ois AUBERT\n\t\t\t\t<\/dd><\/dl><dl class='gallery-item'>\n\t\t\t<dt class='gallery-icon portrait'>\n\t\t\t\t<a href='https:\/\/geniwal.be\/de\/nos-pistes\/pistes-genealogiques-en-belgique\/recherche-1830\/la-revolution-belge-de-1830\/attachment\/260px-eugene_scribe_par_nadar\/'><img decoding=\"async\" width=\"219\" height=\"300\" data-src=\"https:\/\/geniwal.be\/wp-content\/uploads\/2019\/04\/260px-Eug\u00e8ne_Scribe_par_Nadar-219x300.png\" class=\"attachment-medium size-medium lazyload\" alt=\"\" aria-describedby=\"gallery-2-3252\" data-srcset=\"https:\/\/geniwal.be\/wp-content\/uploads\/2019\/04\/260px-Eug\u00e8ne_Scribe_par_Nadar-219x300.png 219w, https:\/\/geniwal.be\/wp-content\/uploads\/2019\/04\/260px-Eug\u00e8ne_Scribe_par_Nadar-e1555520242780.png 250w\" data-sizes=\"(max-width: 219px) 100vw, 219px\" src=\"data:image\/svg+xml;base64,PHN2ZyB3aWR0aD0iMSIgaGVpZ2h0PSIxIiB4bWxucz0iaHR0cDovL3d3dy53My5vcmcvMjAwMC9zdmciPjwvc3ZnPg==\" style=\"--smush-placeholder-width: 219px; --smush-placeholder-aspect-ratio: 219\/300;\" \/><\/a>\n\t\t\t<\/dt>\n\t\t\t\t<dd class='wp-caption-text gallery-caption' id='gallery-2-3252'>\n\t\t\t\tEugene SCRIBE\n\t\t\t\t<\/dd><\/dl><dl class='gallery-item'>\n\t\t\t<dt class='gallery-icon portrait'>\n\t\t\t\t<a href='https:\/\/geniwal.be\/de\/nos-pistes\/pistes-genealogiques-en-belgique\/recherche-1830\/la-revolution-belge-de-1830\/attachment\/delavigne-4\/'><img decoding=\"async\" width=\"223\" height=\"300\" data-src=\"https:\/\/geniwal.be\/wp-content\/uploads\/2019\/04\/DELAVIGNE-2-223x300.jpg\" class=\"attachment-medium size-medium lazyload\" alt=\"\" aria-describedby=\"gallery-2-3292\" data-srcset=\"https:\/\/geniwal.be\/wp-content\/uploads\/2019\/04\/DELAVIGNE-2-223x300.jpg 223w, https:\/\/geniwal.be\/wp-content\/uploads\/2019\/04\/DELAVIGNE-2.jpg 300w\" data-sizes=\"(max-width: 223px) 100vw, 223px\" src=\"data:image\/svg+xml;base64,PHN2ZyB3aWR0aD0iMSIgaGVpZ2h0PSIxIiB4bWxucz0iaHR0cDovL3d3dy53My5vcmcvMjAwMC9zdmciPjwvc3ZnPg==\" style=\"--smush-placeholder-width: 223px; --smush-placeholder-aspect-ratio: 223\/300;\" \/><\/a>\n\t\t\t<\/dt>\n\t\t\t\t<dd class='wp-caption-text gallery-caption' id='gallery-2-3292'>\n\t\t\t\tLouis Marie Germain DE LA VIGNE (DELAVIGNE)\n\t\t\t\t<\/dd><\/dl><dl class='gallery-item'>\n\t\t\t<dt class='gallery-icon portrait'>\n\t\t\t\t<a href='https:\/\/geniwal.be\/de\/nos-pistes\/pistes-genealogiques-en-belgique\/recherche-1830\/la-revolution-belge-de-1830\/attachment\/lafeuillade\/'><img decoding=\"async\" width=\"218\" height=\"300\" data-src=\"https:\/\/geniwal.be\/wp-content\/uploads\/2019\/04\/LAFEUILLADE-218x300.jpg\" class=\"attachment-medium size-medium lazyload\" alt=\"\" aria-describedby=\"gallery-2-3261\" data-srcset=\"https:\/\/geniwal.be\/wp-content\/uploads\/2019\/04\/LAFEUILLADE-218x300.jpg 218w, https:\/\/geniwal.be\/wp-content\/uploads\/2019\/04\/LAFEUILLADE-300x414.jpg 300w, https:\/\/geniwal.be\/wp-content\/uploads\/2019\/04\/LAFEUILLADE.jpg 354w\" data-sizes=\"(max-width: 218px) 100vw, 218px\" src=\"data:image\/svg+xml;base64,PHN2ZyB3aWR0aD0iMSIgaGVpZ2h0PSIxIiB4bWxucz0iaHR0cDovL3d3dy53My5vcmcvMjAwMC9zdmciPjwvc3ZnPg==\" style=\"--smush-placeholder-width: 218px; --smush-placeholder-aspect-ratio: 218\/300;\" \/><\/a>\n\t\t\t<\/dt>\n\t\t\t\t<dd class='wp-caption-text gallery-caption' id='gallery-2-3261'>\n\t\t\t\tJean Fran\u00e7ois LAFEUILLADE\n\t\t\t\t<\/dd><\/dl><br style=\"clear: both\" \/>\n\t\t<\/div>\n\n<p><span style=\"font-family: arial,helvetica,sans-serif;\"><br \/>\nMehrere Seiten unserer Revolution sind den Helden unserer Unabh\u00e4ngigkeit gewidmet. <\/span><span style=\"font-family: arial,helvetica,sans-serif;\">Indem Sie unsere Datenbank durchsuchen <a href=\"https:\/\/geniwal.be\/de\/isadora\/\">New Isadora<\/a> finden Sie die Akteure dieser Revolution wieder.<\/span><\/p>\n<p><strong><span style=\"font-family: arial,helvetica,sans-serif; font-size: 10pt;\">Einige Quellen :<br \/>\n<\/span><\/strong><span style=\"font-family: arial,helvetica,sans-serif; font-size: 8pt;\"><a href=\"http:\/\/www.arquebusiers.be\/lamuette.htm\">http:\/\/www.arquebusiers.be\/lamuette.htm<\/a><br \/>\n<a href=\"https:\/\/unionisme.be\/white_chapitre_04.htm\">https:\/\/unionisme.be\/white_chapitre_04.htm<\/a><\/span><br \/>\n<span style=\"font-family: arial,helvetica,sans-serif; font-size: 8pt;\"><a href=\"https:\/\/www.google.com\/search?sa=X&amp;rlz=1C1CHBF_frBE844BE844&amp;q=la+r%C3%A9volution+belge+de+1830+racont%C3%A9e+par+les+affiches&amp;tbm=isch&amp;source=univ&amp;ved=2ahUKEwixyMap7NbhAhVE6KQKHSAtCbAQsAR6BAgJEAE&amp;biw=1280&amp;bih=913\">https:\/\/www.google.com\/search?sa=X&amp;rlz=1C1CHBF_frBE844BE844&amp;q=la+r%C3%A9volution+belge+de+1830+racont%C3%A9e+par+les+affiches&amp;tbm=isch&amp;source=univ&amp;ved=2ahUKEwixyMap7NbhAhVE6KQKHSAtCbAQsAR6BAgJEAE&amp;biw=1280&amp;bih=913<\/a><\/span><br \/>\n<span style=\"font-size: 8pt;\"><a href=\"http:\/\/be1830.be\/onewebmedia\/la%20revolution%20belge%20de%201830%20racont%C3%A9%20par%20le%20affiches.pdf\"><span style=\"font-family: arial,helvetica,sans-serif;\">http:\/\/be1830.be\/onewebmedia\/la%20revolution%20belge%20de%201830%20racont%C3%A9%20par%20le%20affiches.pdf<\/span><\/a><\/span><br \/>\n<span style=\"font-family: arial,helvetica,sans-serif; font-size: 10pt;\"><a href=\"https:\/\/www.lamonnaiebelge.be\/inspiration\/le-blog-de-maarten\/154-muette-de-portici\"><span style=\"font-size: 8pt;\">https:\/\/www.lamonnaiebelge.be\/inspiration\/le-blog-de-maarten\/154-muette-de-portici<\/span><\/a><br \/>\n<a href=\"https:\/\/fr.wikipedia.org\/wiki\/Wilhelmine_de_Prusse_(1774-1837)#\/media\/File:Wilhelmina_van_Pruisen,_koningin_der_Nederlanden.jpg\"><span style=\"font-size: 8pt;\">https:\/\/fr.wikipedia.org\/wiki\/Wilhelmine_de_Prusse_(1774-1837)#\/media\/File:Wilhelmina_van_Pruisen,_koningin_der_Nederlanden.jpg<\/span><\/a><br \/>\n<\/span><\/p>","protected":false},"excerpt":{"rendered":"<p>A l&rsquo;occasion des 58 ans du Roi Guillaume 1er (Guillaume-Fr\u00e9d\u00e9ric d&rsquo;ORANGE-NASSAU (1772-1843) roi des Pays-Bas et prince souverain des Pays-Bas (1813-1815 \u00e9poux de Henriette Adrienne Louise Fleur d&rsquo;OULTREMONT de WEGIMONT [&hellip;]<\/p>\n","protected":false},"author":2,"featured_media":3263,"comment_status":"open","ping_status":"open","sticky":false,"template":"","format":"standard","meta":{"_et_pb_use_builder":"","_et_pb_old_content":"","_et_gb_content_width":"","footnotes":""},"categories":[80],"tags":[],"class_list":["post-3249","post","type-post","status-publish","format-standard","has-post-thumbnail","hentry","category-recherche-1830","et-has-post-format-content","et_post_format-et-post-format-standard"],"aioseo_notices":[],"_links":{"self":[{"href":"https:\/\/geniwal.be\/de\/wp-json\/wp\/v2\/posts\/3249","targetHints":{"allow":["GET"]}}],"collection":[{"href":"https:\/\/geniwal.be\/de\/wp-json\/wp\/v2\/posts"}],"about":[{"href":"https:\/\/geniwal.be\/de\/wp-json\/wp\/v2\/types\/post"}],"author":[{"embeddable":true,"href":"https:\/\/geniwal.be\/de\/wp-json\/wp\/v2\/users\/2"}],"replies":[{"embeddable":true,"href":"https:\/\/geniwal.be\/de\/wp-json\/wp\/v2\/comments?post=3249"}],"version-history":[{"count":0,"href":"https:\/\/geniwal.be\/de\/wp-json\/wp\/v2\/posts\/3249\/revisions"}],"wp:featuredmedia":[{"embeddable":true,"href":"https:\/\/geniwal.be\/de\/wp-json\/wp\/v2\/media\/3263"}],"wp:attachment":[{"href":"https:\/\/geniwal.be\/de\/wp-json\/wp\/v2\/media?parent=3249"}],"wp:term":[{"taxonomy":"category","embeddable":true,"href":"https:\/\/geniwal.be\/de\/wp-json\/wp\/v2\/categories?post=3249"},{"taxonomy":"post_tag","embeddable":true,"href":"https:\/\/geniwal.be\/de\/wp-json\/wp\/v2\/tags?post=3249"}],"curies":[{"name":"wp","href":"https:\/\/api.w.org\/{rel}","templated":true}]}}