{"id":3845,"date":"2019-08-02T22:02:25","date_gmt":"2019-08-02T20:02:25","guid":{"rendered":"https:\/\/geniwal.be\/?p=3845"},"modified":"2023-04-09T21:05:33","modified_gmt":"2023-04-09T19:05:33","slug":"les-belges-dans-la-guerre-civil-en-amerique","status":"publish","type":"post","link":"https:\/\/geniwal.be\/de\/nos-pistes\/pistes-genealogiques-en-belgique\/emigration\/les-belges-dans-la-guerre-civil-en-amerique\/","title":{"rendered":"Belgier im B\u00fcrgerkrieg in Amerika (Union)"},"content":{"rendered":"<p><strong><span style=\"font-family: arial, helvetica, sans-serif; font-size: 18pt;\">DIE SOLDATEN DES B\u00dcRGERKRIEGS :<\/span><\/strong><br \/>\n<span style=\"font-family: arial, helvetica, sans-serif; font-size: 18pt;\"><a href=\"http:\/\/freepages.rootsweb.com\/~belgintheamcivwar\/history\/general_cw.htm\">Amerikanische Freiwillige nach Bundesstaat<\/a><\/span><br \/>\n<a href=\"http:\/\/freepages.rootsweb.com\/~belgintheamcivwar\/history\/US%20Army\/USAMedals.htm\"><span style=\"font-family: arial, helvetica, sans-serif; font-size: 18pt;\">Ehrenmedaillen<\/span><\/a><br \/>\n<a href=\"http:\/\/freepages.rootsweb.com\/~belgintheamcivwar\/history\/US%20Army\/USAStaff.htm\"><span style=\"font-family: arial, helvetica, sans-serif; font-size: 18pt;\">Generalstab und Sondereinheiten<\/span><\/a><br \/>\n<a href=\"http:\/\/freepages.rootsweb.com\/~belgintheamcivwar\/history\/US%20Army\/USARegulars.htm\"><span style=\"font-family: arial, helvetica, sans-serif; font-size: 18pt;\">Liste der Personen, die als Belgier in den regul\u00e4ren Streitkr\u00e4ften registriert sind<\/span><\/a><br \/>\n<a href=\"http:\/\/freepages.rootsweb.com\/~belgintheamcivwar\/history\/US%20Army\/USANavy.htm\"><span style=\"font-family: arial, helvetica, sans-serif; font-size: 18pt;\">In der Marine<\/span><\/a><br \/>\n<a href=\"http:\/\/freepages.rootsweb.com\/~belgintheamcivwar\/history\/US%20Army\/USAHome.htm\"><span style=\"font-family: arial, helvetica, sans-serif; font-size: 18pt;\">Wohnorte von Bundeswehrsoldaten<\/span><\/a><br \/>\n<a href=\"http:\/\/freepages.rootsweb.com\/~belgintheamcivwar\/history\/US%20Army\/USADraft.htm\"><span style=\"font-size: 18pt; font-family: arial, helvetica, sans-serif;\">Register der provisorischen Eintragungen des B\u00fcrgerkriegs, 1863-1865<\/span><\/a><\/p>\n<p><span style=\"font-family: arial, helvetica, sans-serif; font-size: 18pt;\">Mehr \u00fcber Ihre belgischen Vorfahren, die am Sitzungskrieg teilgenommen haben, hier ein Link<br \/>\nmit dem Sie sich \u00fcber diesen Krieg informieren k\u00f6nnen:\u00a0<\/span><span style=\"font-family: arial, helvetica, sans-serif; font-size: 18pt;\"><a href=\"http:\/\/freepages.rootsweb.com\/~belgintheamcivwar\/history\/index.htm\">http:\/\/freepages.rootsweb.com\/~belgintheamcivwar\/history\/index.htm<\/a><\/span><\/p>\n<p><span style=\"font-size: 18pt;\">Bild:<\/span><br \/>\n<span style=\"font-size: 14pt;\"><a href=\"https:\/\/www.pinterest.com\/pin\/480126010256001485\/\">https:\/\/www.pinterest.com\/pin\/480126010256001485\/<\/a><br \/>\nhttps:\/\/fr.dhgate.com\/product\/dhl-free-size-90x150cm-two-printed-flag-confederate\/444294327.html<\/span><\/p>","protected":false},"excerpt":{"rendered":"<p>LES SOLDATS DE LA GUERRE CIVILE : Volontaires am\u00e9ricains par \u00e9tat M\u00e9dailles d&rsquo;honneur \u00c9tat-major et unit\u00e9s sp\u00e9ciales Liste des personnes enregistr\u00e9es comme belge dans les forces r\u00e9guli\u00e8res Dans la marine [&hellip;]<\/p>\n","protected":false},"author":2,"featured_media":3846,"comment_status":"open","ping_status":"open","sticky":false,"template":"","format":"standard","meta":{"_et_pb_use_builder":"","_et_pb_old_content":"","_et_gb_content_width":"","footnotes":""},"categories":[77,93],"tags":[],"class_list":["post-3845","post","type-post","status-publish","format-standard","has-post-thumbnail","hentry","category-emigration","category-nos-pistes","et-has-post-format-content","et_post_format-et-post-format-standard"],"aioseo_notices":[],"_links":{"self":[{"href":"https:\/\/geniwal.be\/de\/wp-json\/wp\/v2\/posts\/3845","targetHints":{"allow":["GET"]}}],"collection":[{"href":"https:\/\/geniwal.be\/de\/wp-json\/wp\/v2\/posts"}],"about":[{"href":"https:\/\/geniwal.be\/de\/wp-json\/wp\/v2\/types\/post"}],"author":[{"embeddable":true,"href":"https:\/\/geniwal.be\/de\/wp-json\/wp\/v2\/users\/2"}],"replies":[{"embeddable":true,"href":"https:\/\/geniwal.be\/de\/wp-json\/wp\/v2\/comments?post=3845"}],"version-history":[{"count":0,"href":"https:\/\/geniwal.be\/de\/wp-json\/wp\/v2\/posts\/3845\/revisions"}],"wp:featuredmedia":[{"embeddable":true,"href":"https:\/\/geniwal.be\/de\/wp-json\/wp\/v2\/media\/3846"}],"wp:attachment":[{"href":"https:\/\/geniwal.be\/de\/wp-json\/wp\/v2\/media?parent=3845"}],"wp:term":[{"taxonomy":"category","embeddable":true,"href":"https:\/\/geniwal.be\/de\/wp-json\/wp\/v2\/categories?post=3845"},{"taxonomy":"post_tag","embeddable":true,"href":"https:\/\/geniwal.be\/de\/wp-json\/wp\/v2\/tags?post=3845"}],"curies":[{"name":"wp","href":"https:\/\/api.w.org\/{rel}","templated":true}]}}