{"id":3926,"date":"2019-08-05T22:35:33","date_gmt":"2019-08-05T20:35:33","guid":{"rendered":"https:\/\/geniwal.be\/?p=3926"},"modified":"2023-04-05T17:18:55","modified_gmt":"2023-04-05T15:18:55","slug":"poelaert-joseph","status":"publish","type":"post","link":"https:\/\/geniwal.be\/de\/nos-pistes\/personnalites-belges\/poelaert-joseph\/","title":{"rendered":"POELAERT Joseph"},"content":{"rendered":"<p><span style=\"font-size: 12pt;\"><span style=\"font-family: arial, helvetica, sans-serif;\">Joseph<b> POELAERT <\/b>Sohn von Philipp\u00a0<b>POELAERT <\/b>und von Isabelle Marie Th\u00e9r\u00e8se Marie<b> STAS\u00a0<\/b>wurde am 21. M\u00e4rz 1817 in Br\u00fcssel geboren, Er wohnte in der Rue du March\u00e9 au Charbon.\u00a0<abbr class=\"abbr\" title=\"Nummer\">n<sup>o<\/sup><\/abbr>\u00a01028. Verheiratet mit <strong>TOUSSAINT<\/strong> Leonie Marie. Renommierter Architekt, der von K\u00f6nig Leopold I. gesch\u00e4tzt wurde<sup>er<\/sup><br \/>\nW\u00e4hrend die Gro\u00dfm\u00e4chte also damit rechneten, dass das neue K\u00f6nigreich Belgien schnell wieder verschwinden w\u00fcrde, stattete Joseph Poelaert sein Heimatland rasch mit architektonischen Symbolen aus, die dazu bestimmt waren, in den K\u00f6pfen der Betrachter den Eindruck von Alter, Dauer, Macht und Existenz des Staates zu erwecken, indem sie seine Institutionen wie in den alten europ\u00e4ischen L\u00e4ndern in Stein sichtbar machten und den Besuchern ihren Stempel und ein Gef\u00fchl der Bewunderung und des Respekts aufdr\u00fcckten. O<\/span><span style=\"font-family: arial, helvetica, sans-serif;\">nsbesondere das M\u00fcnztheater, die Katharinenkirche, die K\u00f6nigliche Kirche von Laeken, die Kongresss\u00e4ule, das M\u00fcnztheater und vor allem der Justizpalast gehen auf sein Konto. Offizier des Leopoldordens, Ritter der Ehrenlegion, au\u00dferordentliches Mitglied der K\u00f6niglichen Akademie der Sch\u00f6nen K\u00fcnste in Antwerpen.\u00a0<\/span><span style=\"font-family: arial, helvetica, sans-serif;\">Er stirbt am\u00a0<time class=\"nowrap date-lien dday\" datetime=\"1879-11-03\" data-sort-value=\"1879-11-03\">3. November 1879 in Br\u00fcssel im Alter von 62 Jahren bei voller Arbeit um f\u00fcnf Uhr morgens in seinem Haus am Boulevard de Waterloo\u00a0<abbr class=\"abbr\" title=\"Nummer\">n<sup>o<\/sup><\/abbr>\u00a013 an den Folgen eines Schlaganfalls.\u00a0<\/time><\/span><span style=\"font-family: arial, helvetica, sans-serif;\">Er ist auf dem Friedhof von Laeken (Rasen 30 &amp; Grabgalerie, Stelle 1789-1704) begraben.<\/span><\/span><\/p>\n<div class=\"mod\" lang=\"fr-BE\" data-md=\"50\" data-hveid=\"CA8QAA\" data-ved=\"2ahUKEwjSz6fiyezjAhVP_qQKHXjSA2AQkCkwFXoECA8QAA\">\n<div class=\"PZPZlf hb8SAc kno-fb-ctx\" data-attrid=\"description\" data-hveid=\"CA8QAQ\" data-ved=\"2ahUKEwjSz6fiyezjAhVP_qQKHXjSA2AQziAoADAVegQIDxAB\">\n<div class=\"r-iIeB4da1XihM\">\n<div class=\"kno-rdesc r-i3NwVHbayZj0\" data-rtid=\"i3NwVHbayZj0\">\n<p><span style=\"font-size: 12pt; font-family: arial, helvetica, sans-serif;\">N.B.: Seit kurzem sind die vergessenen Pl\u00e4ne des Justizpalastes dank der Nachforschungen von 6 Studenten des Executive Master in Heritage der Freien Universit\u00e4t Br\u00fcssel unter der Leitung des Architekten Francis Metzenger wieder aufgetaucht.<\/span><\/p>\n<\/div>\n<\/div>\n<\/div>\n<\/div>\n<div id=\"attachment_3943\" style=\"width: 1060px\" class=\"wp-caption alignnone\"><img decoding=\"async\" aria-describedby=\"caption-attachment-3943\" class=\"wp-image-3943 lazyload\" data-src=\"https:\/\/geniwal.be\/wp-content\/uploads\/2019\/08\/ACTES-NAISSANCES_POELAERT-1024x376.jpg\" alt=\"\" width=\"1050\" height=\"385\" data-srcset=\"https:\/\/geniwal.be\/wp-content\/uploads\/2019\/08\/ACTES-NAISSANCES_POELAERT-1024x376.jpg 1024w, https:\/\/geniwal.be\/wp-content\/uploads\/2019\/08\/ACTES-NAISSANCES_POELAERT-300x110.jpg 300w, https:\/\/geniwal.be\/wp-content\/uploads\/2019\/08\/ACTES-NAISSANCES_POELAERT-600x220.jpg 600w, https:\/\/geniwal.be\/wp-content\/uploads\/2019\/08\/ACTES-NAISSANCES_POELAERT-768x282.jpg 768w, https:\/\/geniwal.be\/wp-content\/uploads\/2019\/08\/ACTES-NAISSANCES_POELAERT.jpg 1200w\" data-sizes=\"(max-width: 1050px) 100vw, 1050px\" src=\"data:image\/svg+xml;base64,PHN2ZyB3aWR0aD0iMSIgaGVpZ2h0PSIxIiB4bWxucz0iaHR0cDovL3d3dy53My5vcmcvMjAwMC9zdmciPjwvc3ZnPg==\" style=\"--smush-placeholder-width: 1050px; --smush-placeholder-aspect-ratio: 1050\/385;\" \/><p id=\"caption-attachment-3943\" class=\"wp-caption-text\"><span style=\"font-size: 12pt;\">Geburtsurkunden von Joseph Philippe POELAERT<\/span><\/p><\/div>\n<div id=\"attachment_3950\" style=\"width: 1080px\" class=\"wp-caption alignright\"><img decoding=\"async\" aria-describedby=\"caption-attachment-3950\" class=\"wp-image-3950 lazyload\" data-src=\"https:\/\/geniwal.be\/wp-content\/uploads\/2019\/08\/Actes-de-d\u00e8c\u00e8s-de-poelaert-1024x334.jpg\" alt=\"\" width=\"1070\" height=\"349\" data-srcset=\"https:\/\/geniwal.be\/wp-content\/uploads\/2019\/08\/Actes-de-d\u00e8c\u00e8s-de-poelaert-1024x334.jpg 1024w, https:\/\/geniwal.be\/wp-content\/uploads\/2019\/08\/Actes-de-d\u00e8c\u00e8s-de-poelaert-300x98.jpg 300w, https:\/\/geniwal.be\/wp-content\/uploads\/2019\/08\/Actes-de-d\u00e8c\u00e8s-de-poelaert-600x196.jpg 600w, https:\/\/geniwal.be\/wp-content\/uploads\/2019\/08\/Actes-de-d\u00e8c\u00e8s-de-poelaert-768x251.jpg 768w, https:\/\/geniwal.be\/wp-content\/uploads\/2019\/08\/Actes-de-d\u00e8c\u00e8s-de-poelaert.jpg 1168w\" data-sizes=\"(max-width: 1070px) 100vw, 1070px\" src=\"data:image\/svg+xml;base64,PHN2ZyB3aWR0aD0iMSIgaGVpZ2h0PSIxIiB4bWxucz0iaHR0cDovL3d3dy53My5vcmcvMjAwMC9zdmciPjwvc3ZnPg==\" style=\"--smush-placeholder-width: 1070px; --smush-placeholder-aspect-ratio: 1070\/349;\" \/><p id=\"caption-attachment-3950\" class=\"wp-caption-text\"><span style=\"font-size: 12pt;\">Sterbeurkunden von Joseph Philippe POELAERT<\/span><\/p><\/div>\n<div id=\"attachment_3934\" style=\"width: 510px\" class=\"wp-caption alignnone\"><img decoding=\"async\" aria-describedby=\"caption-attachment-3934\" class=\"wp-image-3934 lazyload\" data-src=\"https:\/\/geniwal.be\/wp-content\/uploads\/2019\/08\/le-soir-05082019a.jpg\" alt=\":\" width=\"500\" height=\"349\" data-srcset=\"https:\/\/geniwal.be\/wp-content\/uploads\/2019\/08\/le-soir-05082019a.jpg 639w, https:\/\/geniwal.be\/wp-content\/uploads\/2019\/08\/le-soir-05082019a-300x209.jpg 300w, https:\/\/geniwal.be\/wp-content\/uploads\/2019\/08\/le-soir-05082019a-600x419.jpg 600w\" data-sizes=\"(max-width: 500px) 100vw, 500px\" src=\"data:image\/svg+xml;base64,PHN2ZyB3aWR0aD0iMSIgaGVpZ2h0PSIxIiB4bWxucz0iaHR0cDovL3d3dy53My5vcmcvMjAwMC9zdmciPjwvc3ZnPg==\" style=\"--smush-placeholder-width: 500px; --smush-placeholder-aspect-ratio: 500\/349;\" \/><p id=\"caption-attachment-3934\" class=\"wp-caption-text\"><span style=\"font-size: 12pt;\">Bildquelle:Palastarchiv Br\u00fcssel (am Abend des 05.08.2019<\/span><\/p><\/div>\n<p>&nbsp;<\/p>\n<div class=\"mod\" lang=\"fr-BE\" data-md=\"50\" data-hveid=\"CA8QAA\" data-ved=\"2ahUKEwjSz6fiyezjAhVP_qQKHXjSA2AQkCkwFXoECA8QAA\">\n<div class=\"PZPZlf hb8SAc kno-fb-ctx\" data-attrid=\"description\" data-hveid=\"CA8QAQ\" data-ved=\"2ahUKEwjSz6fiyezjAhVP_qQKHXjSA2AQziAoADAVegQIDxAB\">\n<div class=\"r-iIeB4da1XihM\">\n<div class=\"kno-rdesc r-i3NwVHbayZj0\" data-rtid=\"i3NwVHbayZj0\">\n<div>\n<p><span style=\"font-size: 12pt; font-family: arial, helvetica, sans-serif;\"><strong>Quellen<\/strong> :<\/span><br \/>\n<span style=\"font-size: 12pt; font-family: arial, helvetica, sans-serif;\">Thierry Luthers, dernier domicile connus, guide des tombes des personnalit\u00e9s belges, tome II: R\u00e9gion bruxelloise et communes \u00e0 facilit\u00e9, \u00c9dition Luc pire, 2018, p\u00a0<\/span><\/p>\n<\/div>\n<\/div>\n<\/div>\n<\/div>\n<\/div>\n<div class=\"mod\" lang=\"fr-BE\" data-attrid=\"kc:\/people\/deceased_person:died\" data-md=\"1001\" data-hveid=\"CA8QCA\" data-ved=\"2ahUKEwjSz6fiyezjAhVP_qQKHXjSA2AQkCkwGHoECA8QCA\">\n<div class=\"Z1hOCe\">\n<div class=\"zloOqf PZPZlf kno-fb-ctx\" data-ved=\"2ahUKEwjSz6fiyezjAhVP_qQKHXjSA2AQyxMoADAYegQIDxAJ\"><span style=\"font-size: 12pt; font-family: arial, helvetica, sans-serif;\">https:\/\/fr.wikipedia.org\/wiki\/Joseph_Poelaert<\/span><br \/>\n<span style=\"font-size: 12pt; font-family: arial, helvetica, sans-serif;\">https:\/\/www.universalis.fr\/encyclopedie\/joseph-poelaert\/<\/span><\/div>\n<div data-ved=\"2ahUKEwjSz6fiyezjAhVP_qQKHXjSA2AQyxMoADAYegQIDxAJ\">\n<p><span style=\"font-size: 12pt;\"><span style=\"font-family: arial, helvetica, sans-serif;\"><strong><br \/>\nKontextuelle Biografie :<br \/>\n<\/strong><\/span><span style=\"font-family: arial, helvetica, sans-serif;\">G\u00e9niwal versucht nicht, die vollst\u00e4ndige Biografie dieser Person nachzuzeichnen. Dies w\u00fcrde sich mit einer Vielzahl anderer, weitaus detaillierterer und genauerer Websites \u00fcberschneiden, die jeder leicht konsultieren kann. Wir beschr\u00e4nken uns hier darauf, ihn summarisch, chronologisch und geografisch zu verorten.<\/span><\/span><\/p>\n<\/div>\n<\/div>\n<\/div>","protected":false},"excerpt":{"rendered":"<p>Joseph POELAERT fils de Philippe\u00a0POELAERT et de Isabelle Marie Th\u00e9r\u00e8se Marie STAS\u00a0est n\u00e9 Le 21 mars 1817 \u00e0 Bruxelles, Il habitait rue du March\u00e9 au Charbon\u00a0no\u00a01028. Mari\u00e9 \u00e0 TOUSSAINT L\u00e9onie [&hellip;]<\/p>\n","protected":false},"author":2,"featured_media":3929,"comment_status":"open","ping_status":"open","sticky":false,"template":"","format":"standard","meta":{"_et_pb_use_builder":"","_et_pb_old_content":"","_et_gb_content_width":"","footnotes":""},"categories":[93,89],"tags":[],"class_list":["post-3926","post","type-post","status-publish","format-standard","has-post-thumbnail","hentry","category-nos-pistes","category-personnalites-belges","et-has-post-format-content","et_post_format-et-post-format-standard"],"aioseo_notices":[],"_links":{"self":[{"href":"https:\/\/geniwal.be\/de\/wp-json\/wp\/v2\/posts\/3926","targetHints":{"allow":["GET"]}}],"collection":[{"href":"https:\/\/geniwal.be\/de\/wp-json\/wp\/v2\/posts"}],"about":[{"href":"https:\/\/geniwal.be\/de\/wp-json\/wp\/v2\/types\/post"}],"author":[{"embeddable":true,"href":"https:\/\/geniwal.be\/de\/wp-json\/wp\/v2\/users\/2"}],"replies":[{"embeddable":true,"href":"https:\/\/geniwal.be\/de\/wp-json\/wp\/v2\/comments?post=3926"}],"version-history":[{"count":0,"href":"https:\/\/geniwal.be\/de\/wp-json\/wp\/v2\/posts\/3926\/revisions"}],"wp:featuredmedia":[{"embeddable":true,"href":"https:\/\/geniwal.be\/de\/wp-json\/wp\/v2\/media\/3929"}],"wp:attachment":[{"href":"https:\/\/geniwal.be\/de\/wp-json\/wp\/v2\/media?parent=3926"}],"wp:term":[{"taxonomy":"category","embeddable":true,"href":"https:\/\/geniwal.be\/de\/wp-json\/wp\/v2\/categories?post=3926"},{"taxonomy":"post_tag","embeddable":true,"href":"https:\/\/geniwal.be\/de\/wp-json\/wp\/v2\/tags?post=3926"}],"curies":[{"name":"wp","href":"https:\/\/api.w.org\/{rel}","templated":true}]}}