{"id":4009,"date":"2019-08-31T17:20:35","date_gmt":"2019-08-31T15:20:35","guid":{"rendered":"https:\/\/geniwal.be\/?p=4009"},"modified":"2023-04-09T20:44:50","modified_gmt":"2023-04-09T18:44:50","slug":"abbe-de-labbaye-de-villers-la-ville-de-1200-a-1788","status":"publish","type":"post","link":"https:\/\/geniwal.be\/de\/nos-pistes\/pistes-genealogiques-en-belgique\/archive-en-belgique\/archives-diverses\/abbe-de-labbaye-de-villers-la-ville-de-1200-a-1788\/","title":{"rendered":"Abt der Abtei von Villers-la Ville von 1200 bis 1788"},"content":{"rendered":"<p>&nbsp;<\/p>\n<table width=\"1013\">\n<tbody>\n<tr>\n<td width=\"128\">DE BOMAL<\/td>\n<td width=\"62\">Jacques<\/td>\n<td width=\"71\">1276-1283<\/td>\n<td width=\"259\">Abdanken<\/td>\n<td width=\"413\"><\/td>\n<td width=\"80\"><\/td>\n<\/tr>\n<tr>\n<td>VON BLOCKIERUNG<\/td>\n<td>Robert<\/td>\n<td>1283-1302<\/td>\n<td>Abdanken<\/td>\n<td>Ende des Abatiats im Dezember 1283<\/td>\n<td><\/td>\n<\/tr>\n<tr>\n<td>DE GEEST<\/td>\n<td>Nicolas<\/td>\n<td>1303-1307<\/td>\n<td>Abdanken<\/td>\n<td><\/td>\n<td><\/td>\n<\/tr>\n<tr>\n<td>VON MALINES<\/td>\n<td>Radouard<\/td>\n<td>1308-1310<\/td>\n<td>Stirbt in C\u00eeteaux<\/td>\n<td>14. September 1311.<\/td>\n<td><\/td>\n<\/tr>\n<tr>\n<td>VON PLANCENOIT<\/td>\n<td>Jacques<\/td>\n<td>1310-1315<\/td>\n<td>Abdanken<\/td>\n<td>Erstabbatiat<\/td>\n<td><\/td>\n<\/tr>\n<tr>\n<td>DE MALRE<\/td>\n<td>Jean<\/td>\n<td>1315-1317<\/td>\n<td>Stirbt in Rom<\/td>\n<td><\/td>\n<td><\/td>\n<\/tr>\n<tr>\n<td>VON PLANCENOIT<\/td>\n<td>Jacques<\/td>\n<td>1317-1329<\/td>\n<td>Abdankt erneut<\/td>\n<td>Zweites Abbatiat<\/td>\n<td><\/td>\n<\/tr>\n<tr>\n<td>DE MOUSTY<\/td>\n<td>G\u00e9rard<\/td>\n<td>1329-1330<\/td>\n<td>Abdanken<\/td>\n<td><\/td>\n<td><\/td>\n<\/tr>\n<tr>\n<td>VON FALSCHEN<\/td>\n<td>Henri<\/td>\n<td>1330<\/td>\n<td>Abdanken<\/td>\n<td><\/td>\n<td><\/td>\n<\/tr>\n<tr>\n<td>VON BRIGODE<\/td>\n<td>D\u00e9sir\u00e9<\/td>\n<td>1330-1333<\/td>\n<td>Stirbt in Villers<\/td>\n<td>Das Abatiat endet am 07.09.1333<\/td>\n<td><\/td>\n<\/tr>\n<tr>\n<td>VON BRUXELLES<\/td>\n<td>Jean<\/td>\n<td>1333-1336<\/td>\n<td>Stirbt in Villers<\/td>\n<td>Beginn des Abbotentums im Juni 1333<\/td>\n<td><\/td>\n<\/tr>\n<tr>\n<td>DE STEENBERGHE<\/td>\n<td>Jean<\/td>\n<td><\/td>\n<td><\/td>\n<td>Unbekanntes Abbatiat.<\/td>\n<td><\/td>\n<\/tr>\n<tr>\n<td>VON GENAPPE<\/td>\n<td>Alb\u00e9ric<\/td>\n<td>????-1347<\/td>\n<td>Stirbt in Villers<\/td>\n<td>Im Juni 1347<\/td>\n<td><\/td>\n<\/tr>\n<tr>\n<td>VON FRASNES<\/td>\n<td>Jean<\/td>\n<td>1347-1358<\/td>\n<td>Stirbt in Villers<\/td>\n<td><\/td>\n<td><\/td>\n<\/tr>\n<tr>\n<td>VON BRIGODE<\/td>\n<td>Nicolas<\/td>\n<td>1358-1370<\/td>\n<td>Stirbt in Villers<\/td>\n<td><\/td>\n<td><\/td>\n<\/tr>\n<tr>\n<td>DE HUY<\/td>\n<td>Martin<\/td>\n<td>1370-1382<\/td>\n<td>Stirbt in Villers,<\/td>\n<td>Ende des Abatiats am 04\/06\/1333<\/td>\n<td><\/td>\n<\/tr>\n<tr>\n<td>DE HOLERS<\/td>\n<td>Jean<\/td>\n<td>1382-1393<\/td>\n<td>Ort des Todes unbekannt<\/td>\n<td><\/td>\n<td><\/td>\n<\/tr>\n<tr>\n<td>DE DORMAEL<\/td>\n<td>Otton<\/td>\n<td>1393-1424<\/td>\n<td>Stirbt in Villers<\/td>\n<td>Ende des Abatiats am 01.12.1424<\/td>\n<td><\/td>\n<\/tr>\n<tr>\n<td>KEYENOEGHE<\/td>\n<td>Gilles<\/td>\n<td>1424-1433<\/td>\n<td>Abdanken<\/td>\n<td><\/td>\n<td><\/td>\n<\/tr>\n<tr>\n<td>DE ROTSELAER<\/td>\n<td>G\u00e9rard<\/td>\n<td>1433-1446<\/td>\n<td>Abdanken<\/td>\n<td><\/td>\n<td><\/td>\n<\/tr>\n<tr>\n<td>VOIRTMAN<\/td>\n<td>Walter<\/td>\n<td>1446-1459<\/td>\n<td>Stirbt in Parc-les-Dames<\/td>\n<td><\/td>\n<td><\/td>\n<\/tr>\n<tr>\n<td>CALABER<\/td>\n<td>Francon<\/td>\n<td>1459-1485<\/td>\n<td>Stirbt in L\u00f6wen<\/td>\n<td>Ende des Abbotentums in ??\/11\/1485<\/td>\n<td><\/td>\n<\/tr>\n<tr>\n<td>CAMPERNOELS<\/td>\n<td>Jean<\/td>\n<td>1485-1502<\/td>\n<td>Abdankt und stirbt in Wilderen am 28.06.1503<\/td>\n<td><\/td>\n<td><\/td>\n<\/tr>\n<tr>\n<td>REGNAULT<\/td>\n<td>Jean<\/td>\n<td>1503-1524<\/td>\n<td>Stirbt 1526 in Frankreich<\/td>\n<td><\/td>\n<td><\/td>\n<\/tr>\n<tr>\n<td>NAT\u00dcRLICH<\/td>\n<td>Philibert<\/td>\n<td>1524-1529<\/td>\n<td>Stirbt in Mechelen am 22. Juli 1529<\/td>\n<td>Kommendatarischer Abt<\/td>\n<td><\/td>\n<\/tr>\n<tr>\n<td>VAN ZEVERDONCK<\/td>\n<td>Denis<\/td>\n<td>1524-1545<\/td>\n<td>Stirbt in L\u00f6wen um den 20. Februar 1545<\/td>\n<td><\/td>\n<td><\/td>\n<\/tr>\n<tr>\n<td>A SPINA<\/td>\n<td>Denis<\/td>\n<td>1545-1554<\/td>\n<td>Stirbt in Villers<\/td>\n<td>Ende des Abatiats am 02.08.1554<\/td>\n<td><\/td>\n<\/tr>\n<tr>\n<td>HORTEBEEK<\/td>\n<td>Mathias<\/td>\n<td>1554-1568<\/td>\n<td>Stirbt in L\u00f6wen<\/td>\n<td>Ende des Abatiats am 04.11.1568<\/td>\n<td><\/td>\n<\/tr>\n<tr>\n<td>DE VLEESCHAUWER<\/td>\n<td>Fran\u00e7ois<\/td>\n<td>1568-1587<\/td>\n<td>Stirbt in Villers<\/td>\n<td>Ende des Abatiats am 14.10.1587<\/td>\n<td><\/td>\n<\/tr>\n<tr>\n<td>HENRION<\/td>\n<td>Robert<\/td>\n<td>1587-1620<\/td>\n<td>Stirbt in Br\u00fcssel<\/td>\n<td>Ende des Abatiats am 29.01.1620<\/td>\n<td><\/td>\n<\/tr>\n<tr>\n<td>VAN DER HEYDEN<\/td>\n<td>Henri<\/td>\n<td>1620-1647<\/td>\n<td>Stirbt in Br\u00fcssel<\/td>\n<td>Ende des Abatiats am 10\/06\/1647<\/td>\n<td><\/td>\n<\/tr>\n<tr>\n<td>VON NAMUR<\/td>\n<td>Robert<\/td>\n<td>1647-1652<\/td>\n<td>Stirbt in Villers<\/td>\n<td>Ende des Abatiats am 31.10.1652<\/td>\n<td><\/td>\n<\/tr>\n<tr>\n<td>VAN DER HECKEN<\/td>\n<td>Bernard<\/td>\n<td>1653-1667<\/td>\n<td>Stirbt in Br\u00fcssel<\/td>\n<td>Ende des Abatiats am 14.12.1667<\/td>\n<td><\/td>\n<\/tr>\n<tr>\n<td>MONIOT<\/td>\n<td>Thomas<\/td>\n<td>1672-1676<\/td>\n<td>Durch R\u00fccktritt<\/td>\n<td>Ende des ersten Abatiats am 10.12.1672<\/td>\n<td><\/td>\n<\/tr>\n<tr>\n<td>GOTT<\/td>\n<td>Laurent<\/td>\n<td>1672-1676<\/td>\n<td>Stirbt an der Olive<\/td>\n<td>Beginn des Abtsamtes am 10.12.1672 &amp; Ende des Abtsamtes am 28.04.1676<\/td>\n<td><\/td>\n<\/tr>\n<tr>\n<td>STRAELEN<\/td>\n<td>Lambert<\/td>\n<td>1677-1686<\/td>\n<td>Stirbt in Villers<\/td>\n<td>Beginn des Abtsamtes am 08.03.1677 &amp; Ende des Abtsamtes am 18.03.1686<\/td>\n<td><\/td>\n<\/tr>\n<tr>\n<td>VUYTTENHOVEN<\/td>\n<td>Edmond<\/td>\n<td>1686-1693<\/td>\n<td>Stirbt in Villers<\/td>\n<td>Beginn des Abtsamtes am 10.12.1686 &amp; Ende des Abtsamtes am 12.05.1693<\/td>\n<td><\/td>\n<\/tr>\n<tr>\n<td>MONIOT<\/td>\n<td>Thomas<\/td>\n<td>1693-1697<\/td>\n<td>Stirbt in Villers.<\/td>\n<td>Beginn des zweiten Abts am 16.07.1693 &amp; Ende des Abts am 24.02.1697<\/td>\n<td><\/td>\n<\/tr>\n<tr>\n<td>DE PINCHART<\/td>\n<td>Antoine<\/td>\n<td>1697-1705<\/td>\n<td>Stirbt in Villers<\/td>\n<td>Beginn des Abtsamts am 20\/06\/1697 &amp; Ende des Abtsamts am 26\/01\/1705<\/td>\n<td><\/td>\n<\/tr>\n<tr>\n<td>DE CUPIS<\/td>\n<td>Martin<\/td>\n<td>1705-1714<\/td>\n<td>Stirbt in Villers<\/td>\n<td>Beginn des Abtsamtes am 18.02.1705 &amp; Ende des Abtsamtes am 26.12.1714<\/td>\n<td><\/td>\n<\/tr>\n<tr>\n<td>HACHE<\/td>\n<td>Jacques<\/td>\n<td>1716-1734<\/td>\n<td>Stirbt in Br\u00fcssel<\/td>\n<td>Beginn des Abts am 10\/10\/1716 &amp; Ende des Abts am 10\/10\/1734<\/td>\n<td><\/td>\n<\/tr>\n<tr>\n<td>POTTELSBERGHE<\/td>\n<td>Arnould<\/td>\n<td>1734-1742<\/td>\n<td>Stirbt in L\u00f6wen<\/td>\n<td>Beginn des Abtsamtes am 11.11.1734 &amp; Ende des Abtsamtes am 30.04.1742<\/td>\n<td><\/td>\n<\/tr>\n<tr>\n<td>STAIGNIER<\/td>\n<td>Martin<\/td>\n<td>1742-1759<\/td>\n<td>Stirbt in L\u00f6wen<\/td>\n<td>Beginn des Abtsamtes am 26.08.1742 &amp; Ende des Abtsamtes am 05.05.1759<\/td>\n<td><\/td>\n<\/tr>\n<tr>\n<td>DAIX<\/td>\n<td>Daniel<\/td>\n<td>1759-1764<\/td>\n<td>Stirbt in Mellemont<\/td>\n<td>Beginn des Abtsamts am 22.08.1759 &amp; Ende des Abtsamts am 06.09.1764<\/td>\n<td><\/td>\n<\/tr>\n<tr>\n<td>VON BAVAY<\/td>\n<td>Robert<\/td>\n<td>1764-1782<\/td>\n<td>Stirbt in Villers<\/td>\n<td>Beginn des Abtsamtes am 10.12.1764 &amp; Ende des Abtsamtes am 04.04.1782<\/td>\n<td><\/td>\n<\/tr>\n<tr>\n<td>PIRMEZ<\/td>\n<td>Leonard<\/td>\n<td>1783-1784<\/td>\n<td>Stirbt in Villers<\/td>\n<td>Beginn des Abatiats am 22.07.1783 &amp; Ende des Abatiats am 07.06.1784<\/td>\n<td><\/td>\n<\/tr>\n<tr>\n<td>GLOCKE<\/td>\n<td>Brunon<\/td>\n<td>08\/01\/1788<\/td>\n<td>Stirbt in Ath<\/td>\n<td>Beginn des Abtsamtes am 08.01.1788 &amp; Ende des Abtsamtes am 22.10.1828<\/td>\n<td><img decoding=\"async\" class=\"alignright size-full wp-image-4010 lazyload\" data-src=\"https:\/\/geniwal.be\/wp-content\/uploads\/2019\/08\/sans-titre.png\" alt=\"\" width=\"280\" height=\"210\" src=\"data:image\/svg+xml;base64,PHN2ZyB3aWR0aD0iMSIgaGVpZ2h0PSIxIiB4bWxucz0iaHR0cDovL3d3dy53My5vcmcvMjAwMC9zdmciPjwvc3ZnPg==\" style=\"--smush-placeholder-width: 280px; --smush-placeholder-aspect-ratio: 280\/210;\" \/><\/td>\n<\/tr>\n<\/tbody>\n<\/table>","protected":false},"excerpt":{"rendered":"<p>&nbsp; DE BOMAL Jacques 1276-1283 Abdique DE BLOCQUERIE Robert 1283-1302 Abdique Fin de l&rsquo;abbatiat en d\u00e9cembre 1283 DE GEEST Nicolas 1303-1307 Abdique DE MALINES Radouard 1308-1310 Meurt \u00e0 C\u00eeteaux 14 [&hellip;]<\/p>\n","protected":false},"author":2,"featured_media":4010,"comment_status":"open","ping_status":"open","sticky":false,"template":"","format":"standard","meta":{"_et_pb_use_builder":"","_et_pb_old_content":"","_et_gb_content_width":"","footnotes":""},"categories":[84,93],"tags":[],"class_list":["post-4009","post","type-post","status-publish","format-standard","has-post-thumbnail","hentry","category-archives-diverses","category-nos-pistes","et-has-post-format-content","et_post_format-et-post-format-standard"],"aioseo_notices":[],"_links":{"self":[{"href":"https:\/\/geniwal.be\/de\/wp-json\/wp\/v2\/posts\/4009","targetHints":{"allow":["GET"]}}],"collection":[{"href":"https:\/\/geniwal.be\/de\/wp-json\/wp\/v2\/posts"}],"about":[{"href":"https:\/\/geniwal.be\/de\/wp-json\/wp\/v2\/types\/post"}],"author":[{"embeddable":true,"href":"https:\/\/geniwal.be\/de\/wp-json\/wp\/v2\/users\/2"}],"replies":[{"embeddable":true,"href":"https:\/\/geniwal.be\/de\/wp-json\/wp\/v2\/comments?post=4009"}],"version-history":[{"count":0,"href":"https:\/\/geniwal.be\/de\/wp-json\/wp\/v2\/posts\/4009\/revisions"}],"wp:featuredmedia":[{"embeddable":true,"href":"https:\/\/geniwal.be\/de\/wp-json\/wp\/v2\/media\/4010"}],"wp:attachment":[{"href":"https:\/\/geniwal.be\/de\/wp-json\/wp\/v2\/media?parent=4009"}],"wp:term":[{"taxonomy":"category","embeddable":true,"href":"https:\/\/geniwal.be\/de\/wp-json\/wp\/v2\/categories?post=4009"},{"taxonomy":"post_tag","embeddable":true,"href":"https:\/\/geniwal.be\/de\/wp-json\/wp\/v2\/tags?post=4009"}],"curies":[{"name":"wp","href":"https:\/\/api.w.org\/{rel}","templated":true}]}}