{"id":4492,"date":"2019-10-13T21:29:58","date_gmt":"2019-10-13T19:29:58","guid":{"rendered":"https:\/\/geniwal.be\/?p=4492"},"modified":"2023-04-05T17:13:33","modified_gmt":"2023-04-05T15:13:33","slug":"magritte-rene-francois-ghislain","status":"publish","type":"post","link":"https:\/\/geniwal.be\/de\/nos-pistes\/personnalites-belges\/magritte-rene-francois-ghislain\/","title":{"rendered":"MAGRITTE Ren\u00e9 Fran\u00e7ois Ghislain"},"content":{"rendered":"<p><span style=\"font-family: arial, helvetica, sans-serif;\"><strong>MAGRITTE Ren\u00e9 Fran\u00e7ois Ghislain, <\/strong>surrealistischer Maler wurde am 21.11.1898 in Lessines als Sohn von\u00a0<strong>MAGRITTE<\/strong>\u00a0L\u00e9opold Fran\u00e7ois Ghislain und Adeline Isabelle R\u00e9gina <strong>BERTINCHAMPS<\/strong>. Er ist das \u00e4lteste von drei Kindern.\u00a0<\/span><br \/>\n<span style=\"font-family: arial, helvetica, sans-serif;\"><strong>Von 1916 bis 1920<\/strong>Er besuchte die Acad\u00e9mie des Beaux-Arts in Br\u00fcssel und entwickelte seine ersten abstrakten Arbeiten.\u00a0<strong>Im Jahr 1922<\/strong>Magritte heiratet Georgette <strong>BERGER<\/strong>. Das Paar lie\u00df sich in Laeken nieder und seine Frau wurde sein wichtigstes Modell. Er wandte sich dann dem Surrealismus zu und in <strong>1929,<\/strong> er n\u00e4hert sich <a href=\"https:\/\/fr.wikipedia.org\/wiki\/Salvador_Dal%C3%AD\">Salvador Dali<\/a>.\u00a0<strong>Im Jahr 1933<\/strong>Magritte beginnt seine ersten Forschungen im Bereich des Objekts und \u00fcberarbeitet seine Auffassung von Malerei als eine Form der Befragung der Sprache.\u00a0<strong>Im Jahr 1943<\/strong>Als Reaktion auf die deutsche Besatzung beginnt er mit <strong>eine impressionistische Periode<\/strong> und tritt der Kommunistischen Partei bei. Er illustrierte unter anderem \"\u00a0<a href=\"https:\/\/musearti.hypotheses.org\/2940\">Lautr\u00e9amonts Les chants de Moldanor (Die Ges\u00e4nge von Moldanor)\u00a0<\/a>\" erschienen 1948 <a href=\"https:\/\/www.poetes.com\/textes\/lau_mal.pdf\">https:\/\/www.poetes.com\/textes\/lau_mal.pdf<\/a> und beginnt seine sogenannte <strong>\" Kuh \"\u00a0<\/strong><strong>Im Jahr 1964<\/strong>Die meisten seiner Werke sind haupts\u00e4chlich f\u00fcr belgische Kunden bestimmt, aber dank seiner Kontakte und seiner zahlreichen Reisen stellt Magritte in Europa und Amerika aus. Seine Werke sind international bekannt. Er stirbt am <strong>15\/08\/1967<\/strong> in Schaerbeek, 97, rue des Mimosas. Seine Frau folgte ihm 1986.<\/span><\/p>\n<p style=\"text-align: right;\">Myriam Brys<\/p>\n<p>&nbsp;<\/p>\n<p>&nbsp;<\/p>\n<p>&nbsp;<\/p>\n<div id=\"attachment_4495\" style=\"width: 310px\" class=\"wp-caption alignleft\"><img decoding=\"async\" aria-describedby=\"caption-attachment-4495\" class=\"wp-image-4495 size-medium lazyload\" data-src=\"https:\/\/geniwal.be\/wp-content\/uploads\/2019\/10\/moisson-300x223-1-300x223.jpg\" alt=\"\" width=\"300\" height=\"223\" src=\"data:image\/svg+xml;base64,PHN2ZyB3aWR0aD0iMSIgaGVpZ2h0PSIxIiB4bWxucz0iaHR0cDovL3d3dy53My5vcmcvMjAwMC9zdmciPjwvc3ZnPg==\" style=\"--smush-placeholder-width: 300px; --smush-placeholder-aspect-ratio: 300\/223;\" \/><p id=\"caption-attachment-4495\" class=\"wp-caption-text\">Die Ernte (1943)<\/p><\/div>\n<div id=\"attachment_4496\" style=\"width: 322px\" class=\"wp-caption alignleft\"><img decoding=\"async\" aria-describedby=\"caption-attachment-4496\" class=\"wp-image-4496 lazyload\" data-src=\"https:\/\/geniwal.be\/wp-content\/uploads\/2019\/10\/wpid-1226009078image_web-300x210-300x210.jpg\" alt=\"\" width=\"312\" height=\"218\" src=\"data:image\/svg+xml;base64,PHN2ZyB3aWR0aD0iMSIgaGVpZ2h0PSIxIiB4bWxucz0iaHR0cDovL3d3dy53My5vcmcvMjAwMC9zdmciPjwvc3ZnPg==\" style=\"--smush-placeholder-width: 312px; --smush-placeholder-aspect-ratio: 312\/218;\" \/><p id=\"caption-attachment-4496\" class=\"wp-caption-text\">Die Ellipse (The Ellipsis), 1948<\/p><\/div>\n<p>&nbsp;<\/p>\n<p>&nbsp;<\/p>\n<p>&nbsp;<\/p>\n<p>&nbsp;<\/p>\n<p>&nbsp;<\/p>\n<p>&nbsp;<\/p>\n<p>&nbsp;<\/p>\n<p><img decoding=\"async\" class=\"alignleft wp-image-4493 size-full lazyload\" data-src=\"https:\/\/geniwal.be\/wp-content\/uploads\/2019\/10\/RONGY_NAISSANCES_EC_1902_2000.jpg\" alt=\"\" width=\"857\" height=\"603\" data-srcset=\"https:\/\/geniwal.be\/wp-content\/uploads\/2019\/10\/RONGY_NAISSANCES_EC_1902_2000.jpg 857w, https:\/\/geniwal.be\/wp-content\/uploads\/2019\/10\/RONGY_NAISSANCES_EC_1902_2000-300x211.jpg 300w, https:\/\/geniwal.be\/wp-content\/uploads\/2019\/10\/RONGY_NAISSANCES_EC_1902_2000-600x422.jpg 600w, https:\/\/geniwal.be\/wp-content\/uploads\/2019\/10\/RONGY_NAISSANCES_EC_1902_2000-768x540.jpg 768w\" data-sizes=\"(max-width: 857px) 100vw, 857px\" src=\"data:image\/svg+xml;base64,PHN2ZyB3aWR0aD0iMSIgaGVpZ2h0PSIxIiB4bWxucz0iaHR0cDovL3d3dy53My5vcmcvMjAwMC9zdmciPjwvc3ZnPg==\" style=\"--smush-placeholder-width: 857px; --smush-placeholder-aspect-ratio: 857\/603;\" \/><\/p>\n<p>&nbsp;<\/p>\n<p>&nbsp;<\/p>\n<p>&nbsp;<\/p>\n<p>&nbsp;<\/p>\n<p>&nbsp;<\/p>\n<p>&nbsp;<\/p>\n<p>&nbsp;<\/p>\n<p>&nbsp;<\/p>\n<p>&nbsp;<\/p>\n<p>&nbsp;<\/p>\n<p>&nbsp;<\/p>\n<p>&nbsp;<\/p>\n<p>&nbsp;<\/p>\n<p>&nbsp;<\/p>\n<p>&nbsp;<\/p>\n<p><span style=\"font-family: arial, helvetica, sans-serif;\"><strong>Quellen:<\/strong><\/span><br \/>\n<a href=\"http:\/\/walloniebelgiquetourisme.be\/fr-be\/content\/maison-de-magritte-a-chatelet\"><span style=\"font-family: arial, helvetica, sans-serif;\">http:\/\/walloniebelgiquetourisme.be\/fr-be\/content\/maison-de-magritte-a-chatelet<\/span><\/a><br \/>\n<a href=\"https:\/\/musearti.hypotheses.org\/2940\"><span style=\"font-family: arial, helvetica, sans-serif;\">https:\/\/musearti.hypotheses.org\/2940<\/span><\/a><\/p>\n<p><span style=\"font-family: arial, helvetica, sans-serif;\"><strong>Um Magrittes Reise fortzusetzen:<br \/>\n<\/strong><a href=\"https:\/\/www.musee-magritte-museum.be\/fr\">\u00a0https:\/\/www.musee-magritte-museum.be\/fr<\/a><\/span><br \/>\n<a href=\"http:\/\/www.chatelet.be\/loisirs\/le-tourisme-a-chatelet\/la-maison-magritte\"><span style=\"font-family: arial, helvetica, sans-serif;\">http:\/\/www.chatelet.be\/loisirs\/le-tourisme-a-chatelet\/la-maison-magritte<\/span><\/a><br \/>\n<a href=\"https:\/\/fr.wikipedia.org\/wiki\/Ren%C3%A9_Magritte\"><span style=\"font-family: arial, helvetica, sans-serif;\">https:\/\/fr.wikipedia.org\/wiki\/Ren%C3%A9_Magritte<\/span><\/a><\/p>\n<p>&nbsp;<\/p>","protected":false},"excerpt":{"rendered":"<p>MAGRITTE\u00a0Ren\u00e9 Fran\u00e7ois Ghislain, peintre surr\u00e9aliste est n\u00e9 \u00e0 Lessines le 21\/11\/1898 fils de\u00a0MAGRITTE\u00a0L\u00e9opold Fran\u00e7ois Ghislain et Adeline Isabelle R\u00e9gina BERTINCHAMPS.\u00a0Il est l\u2019a\u00een\u00e9 de trois enfants.\u00a0 De 1916 \u00e0 1920, il [&hellip;]<\/p>\n","protected":false},"author":2,"featured_media":4494,"comment_status":"open","ping_status":"open","sticky":false,"template":"","format":"standard","meta":{"_et_pb_use_builder":"","_et_pb_old_content":"","_et_gb_content_width":"","footnotes":""},"categories":[93,89],"tags":[],"class_list":["post-4492","post","type-post","status-publish","format-standard","has-post-thumbnail","hentry","category-nos-pistes","category-personnalites-belges","et-has-post-format-content","et_post_format-et-post-format-standard"],"aioseo_notices":[],"_links":{"self":[{"href":"https:\/\/geniwal.be\/de\/wp-json\/wp\/v2\/posts\/4492","targetHints":{"allow":["GET"]}}],"collection":[{"href":"https:\/\/geniwal.be\/de\/wp-json\/wp\/v2\/posts"}],"about":[{"href":"https:\/\/geniwal.be\/de\/wp-json\/wp\/v2\/types\/post"}],"author":[{"embeddable":true,"href":"https:\/\/geniwal.be\/de\/wp-json\/wp\/v2\/users\/2"}],"replies":[{"embeddable":true,"href":"https:\/\/geniwal.be\/de\/wp-json\/wp\/v2\/comments?post=4492"}],"version-history":[{"count":0,"href":"https:\/\/geniwal.be\/de\/wp-json\/wp\/v2\/posts\/4492\/revisions"}],"wp:featuredmedia":[{"embeddable":true,"href":"https:\/\/geniwal.be\/de\/wp-json\/wp\/v2\/media\/4494"}],"wp:attachment":[{"href":"https:\/\/geniwal.be\/de\/wp-json\/wp\/v2\/media?parent=4492"}],"wp:term":[{"taxonomy":"category","embeddable":true,"href":"https:\/\/geniwal.be\/de\/wp-json\/wp\/v2\/categories?post=4492"},{"taxonomy":"post_tag","embeddable":true,"href":"https:\/\/geniwal.be\/de\/wp-json\/wp\/v2\/tags?post=4492"}],"curies":[{"name":"wp","href":"https:\/\/api.w.org\/{rel}","templated":true}]}}