{"id":492,"date":"2013-07-14T20:05:44","date_gmt":"2013-07-14T18:05:44","guid":{"rendered":"https:\/\/geniwal.be\/?p=492"},"modified":"2019-04-06T20:05:53","modified_gmt":"2019-04-06T18:05:53","slug":"abbayes-couvents-commanderies","status":"publish","type":"post","link":"https:\/\/geniwal.be\/de\/nos-pistes\/non-classe\/abbayes-couvents-commanderies\/","title":{"rendered":"Abteien, Kl\u00f6ster, Komtureien"},"content":{"rendered":"<p>Systematisches Verzeichnis der im Staatsarchiv Tournai verf\u00fcgbaren Best\u00e4nde und Sammlungen von Abteien, Kl\u00f6stern, Komtureien<br \/>\n<strong>In Aths Zust\u00e4ndigkeitsbereich (Gerichtsbarkeit) :<br \/>\nMindere Br\u00fcder<\/strong>, <em>1448 (1 Artikel)<\/em>.<br \/>\nGemeinschaft des Ordens des Heiligen Franziskus, gegr\u00fcndet 1446, dann Rekollekten 1627; 1796 aufgel\u00f6st.<br \/>\n<strong>Graue Schwestern<\/strong>, <em>1784-1786 (1 Artikel)<\/em>.<br \/>\nGemeinschaft von Nonnen des Dritten Ordens des Heiligen Franziskus, gegr\u00fcndet 1627; unter Joseph II. aufgel\u00f6st.<br \/>\n<strong>Jesuiten<\/strong>, <em>1775-1779 (2 Artikel)<\/em>.<br \/>\nGemeinschaft der Gesellschaft Jesu, gegr\u00fcndet 1621; 1774 aufgel\u00f6st.<br \/>\n<strong>Im Ressort (Gerichtsbarkeit)<\/strong> <strong>Chercq<\/strong> :<br \/>\n<strong>Kartause von Mont-Saint-Andr\u00e9<\/strong>, <em>XIV<sup>e<\/sup> - XVIII<sup>e<\/sup> Jahrhundert (3 Artikel)<\/em>.<br \/>\nM\u00e4nnergemeinschaft des Kart\u00e4userordens, gegr\u00fcndet von Johannes von Werchin<sup>1<\/sup>Seneschall von Hennegau, und Chr\u00e9tien de Ghistelles<sup>2<\/sup> im Jahr 1376; 1783 abgeschafft.<br \/>\n<strong>Im Ressort (Gerichtsbarkeit)<\/strong> <strong>Ghislengien :<\/strong><br \/>\n<strong>Abtei Notre-Dame<\/strong>, <em>1132-1797 (36 Urkunden); 1132-XVIII<sup>e<\/sup> (12 Artikel)<\/em>.<br \/>\nAdelige Benediktinerinnenabtei, gegr\u00fcndet von Ide de Chi\u00e8vres<sup>3<\/sup> und Ide d'Ath im Jahr 1123; 1796 abgeschafft<br \/>\nR. DOEHAERD, Inventaire sommaire des archives eccl\u00e9siastiques du Hainaut, 1 Bd.in-4\u00b0.<br \/>\nL. BAUDELET, <em>Cartulaire de l'abbaye de Ghislenghien, reposant aux Archives de l'Etat \u00e0 Mons, im Bulletin de la soci\u00e9t\u00e9 Historique et Litt\u00e9raire de Tournai (Bulletin der historischen und literarischen Gesellschaft von Tournai)<\/em>t. XIV, 1870, S. 119-202.<br \/>\n<strong>Im Zust\u00e4ndigkeitsbereich (Gerichtsbarkeit) von Kain :<\/strong><br \/>\n<strong>Abtei von Saulchoir<\/strong>, <em>1650 (1<\/em> Artikel)<br \/>\nAbtei<em> Zisterzienserinnen, gegr\u00fcndet von Johannes und Agnes A le Take im Jahr 1233; aufgel\u00f6st im Jahr<\/em> 1797.<br \/>\n<strong>In<\/strong><strong> der Zust\u00e4ndigkeitsbereich (Gerichtsbarkeit) von P\u00e9rulwelz :<\/strong><em>\u00a0<\/em><br \/>\n<strong>Brigittins<\/strong>, <em>1659 (1<\/em> Artikel).<br \/>\nGemeinschaft, die von Louis d'Egmont, Herr von P\u00e9rulwez, 1628 gegr\u00fcndet wurde; 1784 aufgehoben.<br \/>\n<strong>In<\/strong><strong> das Ressort (Gerichtsbarkeit) von Tournai :<br \/>\nAbtei Saint-Martin, <\/strong><em>814-1797 (34 Artikel)<strong>.<br \/>\n<\/strong><\/em>Benediktinerabtei, die 1092 von Odon, dem Scholaster des Kathedralkapitels, gegr\u00fcndet wurde; 1796 aufgel\u00f6st.<br \/>\nA. D'Herbomez, <em>Urkunden der Abtei Saint-Martin in Tournai<\/em>2 Bde. in 4\u00b0, Br\u00fcssel, CRH, 1898-1901.<br \/>\nA. D'Haenens, <em>Rechnungen und Dokumente von Saint-Martin de Tournai unter der Verwaltung der k\u00f6niglichen W\u00e4chter (1312-1355)<\/em>1 Bd. in 8\u00b0, Br\u00fcssel, CRH, 1962.<br \/>\n<strong>Augustiner<\/strong>, <em>1614 (1 Artikel).<\/em><br \/>\nM\u00e4nnergemeinschaft des Ordens der Eremiten von Sankt Augustin, gegr\u00fcndet Ende des 13.<sup>e<\/sup> Jahrhundert, 1797 abgeschafft.<br \/>\n<strong>Au\u00dferhalb des Ressorts<\/strong> :<br \/>\n<strong>Anchin: Abtei von<\/strong>, <em>1659-1697 (1 Artikel)<\/em>.<br \/>\nBenediktinerabtei, gegr\u00fcndet 1079; 1792 aufgel\u00f6st.<br \/>\nLiessies : Abtei von, <em>1625-1627 (2 Artikel)<\/em>.<br \/>\nBenediktinerabtei, gegr\u00fcndet um 764; w\u00e4hrend der Franz\u00f6sischen Revolution aufgel\u00f6st.<br \/>\n<strong>Reims: Abtei Saint-Thierry<\/strong>, <em>1764-1766 (1 Artikel)<\/em>.<br \/>\nStiftung des VI<sup>e<\/sup> Jahrhundert (?), wurde im X. Jahrhundert zur Benediktinerabtei.<sup>e<\/sup> Jahrhundert; 1786 zerst\u00f6rt.<br \/>\n<strong><\/strong><br \/>\n<strong><sup>3<\/sup> Genealogischer Bleistift von Ide d'Ath<\/strong> (Dieser Genealogie- oder Genealogiestift muss recycelt werden. Eine Kl\u00e4rung des Inhalts ist erforderlich)<br \/>\n<strong>Ide d'Ath <\/strong>circa 1080 Tochter von <strong>Wauthie<\/strong>r, seigneur du Roeulx d'Ath, seigneur du Roeulx et de Ade Ada <strong>de Roucy (aus Montdidier?)<\/strong> gestorben 1135 verheiratet mit <strong>Goswin II<\/strong> <strong>von Mons<\/strong> Sohn von <strong>Gossuin I.<\/strong> von Mons und Ermengarde <strong>von Chaumont<\/strong> circa 1065 - ????<br \/>\nKind aus dieser Verbindung : <strong>Goswin III von Mons<\/strong>Sire de Ha\u00ffnin 1120-1177<br \/>\nin zweiter Ehe verheiratet mit Guy de Chi\u00e8vres, Sohn von Dietrich van (von) Peteghem und Adelendis de Chi\u00e8vres.<br \/>\nKind aus dieser zweiten Ehe :<br \/>\nIde von Chi\u00e8vres ca. 1100<br \/>\nEve de Chi\u00e8vres * ca. 1120 Tochter von Rasse III, Herr von Gavre und Harelbeke verheiratet in zweiter Ehe mit Gilles, Herr von Berlaymont verheiratet in dritter Ehe mit Nicolas III de Rumigny, Herr von Rumigny, Chi\u00e8vres und Florennes<br \/>\n<strong><sup>4<\/sup><\/strong> Ludwig von Egmont, Herzog von Geldern und Ehemann von Marie Marguerite de Berlaymont, \u00fcbertr\u00e4gt 1628 den Patres des Ordens vom Heiligen Erl\u00f6ser, genannt Sainte-Brigitte d'Armenti\u00e8res, alle L\u00e4ndereien und Eink\u00fcnfte des Krankenhauses von P\u00e9ruwelz, das 1308 von Baudouin de P\u00e9ruwelz und seiner Frau Isabelle du Roeulx gegr\u00fcndet und ausgestattet worden war, unter der Bedingung, dass sie dort ein Kloster gr\u00fcnden. Im 18. Jahrhundert lie\u00dfen die Brigittins eine Kapelle bauen (1757), was sie dazu zwang, Schulden zu machen, die sie nie zur\u00fcckzahlen konnten. Im Jahr 1784 wurde ihr Kloster aufgel\u00f6st. Ambroise de Cro\u00ff, Graf von Solre, erwarb 1641 die L\u00e4ndereien und das Schloss, das er im folgenden Jahr umbauen lie\u00df.<br \/>\nQuellen:<br \/>\n<a href=\"http:\/\/www.geneall.net\/W\/per_page.php?id=993120\">http:\/\/www.geneall.net\/W\/per_page.php?id=993120<br \/>\nhttp:\/\/peruwelz.blogs.sudinfo.be\/peruwelz-petit-bout-d-histoire.html<\/a><br \/>\nAuszug: AGR, Les archives de l'\u00c9tat dans les provinces, Aper\u00e7u des fonds et collections, II, Les provinces Wallonnes, Br\u00fcssel, 1975<br \/>\n&nbsp;<br \/>\n&nbsp;<br \/>\n&nbsp;<\/p>","protected":false},"excerpt":{"rendered":"<p>R\u00e9pertoire syst\u00e9matique des fonds et collections disponible aux archives de l\u2019\u00c9tat de Tournai pour les abbayes, couvents, commanderies Dans le ressort (juridiction) d\u2019Ath : Fr\u00e8res Mineurs, 1448 (1 article). Communaut\u00e9 [&hellip;]<\/p>\n","protected":false},"author":2,"featured_media":9022,"comment_status":"closed","ping_status":"closed","sticky":false,"template":"","format":"standard","meta":{"_et_pb_use_builder":"","_et_pb_old_content":"","_et_gb_content_width":"","footnotes":""},"categories":[1],"tags":[],"class_list":["post-492","post","type-post","status-publish","format-standard","has-post-thumbnail","hentry","category-non-classe","et-has-post-format-content","et_post_format-et-post-format-standard"],"aioseo_notices":[],"_links":{"self":[{"href":"https:\/\/geniwal.be\/de\/wp-json\/wp\/v2\/posts\/492","targetHints":{"allow":["GET"]}}],"collection":[{"href":"https:\/\/geniwal.be\/de\/wp-json\/wp\/v2\/posts"}],"about":[{"href":"https:\/\/geniwal.be\/de\/wp-json\/wp\/v2\/types\/post"}],"author":[{"embeddable":true,"href":"https:\/\/geniwal.be\/de\/wp-json\/wp\/v2\/users\/2"}],"replies":[{"embeddable":true,"href":"https:\/\/geniwal.be\/de\/wp-json\/wp\/v2\/comments?post=492"}],"version-history":[{"count":0,"href":"https:\/\/geniwal.be\/de\/wp-json\/wp\/v2\/posts\/492\/revisions"}],"wp:featuredmedia":[{"embeddable":true,"href":"https:\/\/geniwal.be\/de\/wp-json\/wp\/v2\/media\/9022"}],"wp:attachment":[{"href":"https:\/\/geniwal.be\/de\/wp-json\/wp\/v2\/media?parent=492"}],"wp:term":[{"taxonomy":"category","embeddable":true,"href":"https:\/\/geniwal.be\/de\/wp-json\/wp\/v2\/categories?post=492"},{"taxonomy":"post_tag","embeddable":true,"href":"https:\/\/geniwal.be\/de\/wp-json\/wp\/v2\/tags?post=492"}],"curies":[{"name":"wp","href":"https:\/\/api.w.org\/{rel}","templated":true}]}}