{"id":7605,"date":"2021-12-01T19:45:26","date_gmt":"2021-12-01T18:45:26","guid":{"rendered":"https:\/\/geniwal.be\/?p=7605"},"modified":"2023-04-04T19:00:57","modified_gmt":"2023-04-04T17:00:57","slug":"henry-desire-ghislain-joseph-deglume-peintre-meconnu-gerpinnois","status":"publish","type":"post","link":"https:\/\/geniwal.be\/de\/nos-pistes\/non-classe\/henry-desire-ghislain-joseph-deglume-peintre-meconnu-gerpinnois\/","title":{"rendered":"DEGLUME Henry D\u00e9sir\u00e9 Ghislain Joseph , unbekannter Maler aus Gerpinnois."},"content":{"rendered":"<p style=\"text-align: left;\"><img decoding=\"async\" class=\"aligncenter wp-image-7608 lazyload\" data-src=\"https:\/\/geniwal.be\/wp-content\/uploads\/2021\/12\/DEGLUME-Henry_photo1-300x191.jpg\" alt=\"\" width=\"500\" height=\"319\" src=\"data:image\/svg+xml;base64,PHN2ZyB3aWR0aD0iMSIgaGVpZ2h0PSIxIiB4bWxucz0iaHR0cDovL3d3dy53My5vcmcvMjAwMC9zdmciPjwvc3ZnPg==\" style=\"--smush-placeholder-width: 500px; --smush-placeholder-aspect-ratio: 500\/319;\" \/><\/p>\n<p style=\"text-align: left;\"><span style=\"font-size: 14pt;\"><span style=\"font-family: arial, helvetica, sans-serif;\"><strong>DEGLUME<\/strong>\u00a0 <strong>Henry (Henri) D\u00e9sir\u00e9 Ghislain<\/strong> Joseph wurde am 28. Dezember 1865 in Gerpinnes geboren, von <strong>DEGLUME Emile <\/strong>Schmied, Hufschmied und von\u00a0 <strong>EVRARD Anastasie<\/strong>. Er wuchs an der Ecke der Avenue Astrid und der Place du Perron auf. Er ist das j\u00fcngste von vier Kindern.\u00a0<\/span><span style=\"font-family: arial, helvetica, sans-serif;\">Von seinem Vater dazu bestimmt, ein Studium aufzunehmen, um Priester zu werden, tritt er in das Petit S\u00e9minaire de Bonne Esp\u00e9rance ein, wo er sich weigert zu studieren. Er will zeichnen und malen. Heimlich stiehlt er Stoffe, Leinw\u00e4nde, Stifte, ... und malt alles, was er sieht.\u00a0<\/span><span style=\"font-family: arial, helvetica, sans-serif;\">Sein Vater nimmt ihn als Lehrling in seiner Schmiede auf, merkt aber, dass sein Sohn malen m\u00f6chte. Er schickt ihn zu seiner Schwester nach Antwerpen, wo er die Kurse der Akademie besucht. Danach wechselt er zur Akademie der Sch\u00f6nen K\u00fcnste in Namur und zu Th\u00e9odore Baron, der seit 1868 ihr Direktor ist. Th\u00e9odore Baron war ein Impressionist und Vorl\u00e4ufer der neuen belgischen Malerschule. Von diesem beeinflusst, aber unabh\u00e4ngig, <strong>DEGLUME<\/strong> <strong>Henry<\/strong> vergisst seine Lehrer sehr schnell und wendet sich der Natur zu.\u00a0<\/span><span style=\"font-family: arial, helvetica, sans-serif;\">Unter dem Einfluss von <strong>SEURAT<\/strong> (1859-1891), Anh\u00e4nger der ersten Stufe des Impressionismus, Divisionist und Pointillist, selbst unter dem Einfluss <strong>von SISLEY<\/strong> (1839-1899, Impressionist), findet Henry seine Kunst, aber da er immer noch nach Unabh\u00e4ngigkeit strebt, innovativ und Vorreiter unserer Linie impressionistischer Landschaftsmaler in der Wallonie ist, wird er sich zun\u00e4chst am Pointillismus versuchen.\u00a0<\/span><span style=\"font-family: arial, helvetica, sans-serif;\">1894 arbeitete er bei <strong>AJ HEYMANS<\/strong>\u00a0(1839-1921). Dieser belgische Landschaftsmaler, der Aquarelle und Miniaturen bevorzugte und als einer der wichtigsten belgischen impressionistischen Maler galt, sollte die Malerei von <strong>DEGLUME<\/strong>.\u00a0<\/span><span style=\"font-family: arial, helvetica, sans-serif;\">Er kehrte in sein Heimatdorf Gerpinnes zur\u00fcck, f\u00fcr das er eine gro\u00dfe Bewunderung hegte, und gab allm\u00e4hlich den Pointillismus (eine k\u00fcnstlerische Bewegung in der Malerei und Maltechnik, bei der kleine nebeneinander liegende Farbfl\u00e4chen statt Mischungen aus Farbpasten verwendet wurden) zugunsten des Impressionismus auf (gekennzeichnet durch eine Tendenz, eher fl\u00fcchtige Eindr\u00fccke, die Beweglichkeit von Ph\u00e4nomenen und flie\u00dfende Bewegungen als das stabile Erscheinungsbild der Dinge zu notieren).\u00a0<\/span><span style=\"font-family: arial, helvetica, sans-serif;\">Er durchstreift mit Staffelei und Paletten die Wege, Stra\u00dfen und Felder von Gerpinnes. Er malt, was er sieht. In seinen Werken findet man wenig bis gar keine menschliche Pr\u00e4senz. Daf\u00fcr nimmt der Baum einen wichtigen Platz in seinen Bildern ein. Der Baum ist f\u00fcr ihn ein Mittel, um das Leben auszudr\u00fccken. Seine Bilder sprechen von Poesie und Lebensfreude.\u00a0<\/span><span style=\"font-family: arial, helvetica, sans-serif;\">In Gerpinnes finden sich viele seiner Werke wieder.<\/span><\/span><\/p>\n<p style=\"text-align: left;\"><span style=\"font-family: arial, helvetica, sans-serif;\"><span style=\"font-size: 14pt;\">Gro\u00dfformatige Reproduktionen seiner Werke befinden sich an verschiedenen Orten, die ihn inspiriert haben (ein Baum, ein Teich, ein Coron, ...), was uns erm\u00f6glicht, die Landschaft aus der Sicht von <strong>DEGLUME Henry <\/strong> und dem heutigen.<\/span><br \/>\n<\/span><\/p>\n<p><img decoding=\"async\" class=\"alignleft wp-image-7614 size-full lazyload\" data-src=\"https:\/\/geniwal.be\/wp-content\/uploads\/2021\/12\/Etang-Try-Marie-Lino-Gerpinnes.jpg\" alt=\"\" width=\"716\" height=\"422\" data-srcset=\"https:\/\/geniwal.be\/wp-content\/uploads\/2021\/12\/Etang-Try-Marie-Lino-Gerpinnes.jpg 716w, https:\/\/geniwal.be\/wp-content\/uploads\/2021\/12\/Etang-Try-Marie-Lino-Gerpinnes-450x265.jpg 450w, https:\/\/geniwal.be\/wp-content\/uploads\/2021\/12\/Etang-Try-Marie-Lino-Gerpinnes-600x354.jpg 600w\" data-sizes=\"(max-width: 716px) 100vw, 716px\" src=\"data:image\/svg+xml;base64,PHN2ZyB3aWR0aD0iMSIgaGVpZ2h0PSIxIiB4bWxucz0iaHR0cDovL3d3dy53My5vcmcvMjAwMC9zdmciPjwvc3ZnPg==\" style=\"--smush-placeholder-width: 716px; --smush-placeholder-aspect-ratio: 716\/422;\" \/><\/p>\n<p><img decoding=\"async\" class=\"aligncenter wp-image-7617 size-full lazyload\" data-src=\"https:\/\/geniwal.be\/wp-content\/uploads\/2021\/12\/La-Chevrerie-du-Moulin-Acoz.jpg\" alt=\"\" width=\"710\" height=\"461\" data-srcset=\"https:\/\/geniwal.be\/wp-content\/uploads\/2021\/12\/La-Chevrerie-du-Moulin-Acoz.jpg 710w, https:\/\/geniwal.be\/wp-content\/uploads\/2021\/12\/La-Chevrerie-du-Moulin-Acoz-450x292.jpg 450w, https:\/\/geniwal.be\/wp-content\/uploads\/2021\/12\/La-Chevrerie-du-Moulin-Acoz-600x390.jpg 600w\" data-sizes=\"(max-width: 710px) 100vw, 710px\" src=\"data:image\/svg+xml;base64,PHN2ZyB3aWR0aD0iMSIgaGVpZ2h0PSIxIiB4bWxucz0iaHR0cDovL3d3dy53My5vcmcvMjAwMC9zdmciPjwvc3ZnPg==\" style=\"--smush-placeholder-width: 710px; --smush-placeholder-aspect-ratio: 710\/461;\" \/><\/p>\n<p style=\"text-align: left;\"><span style=\"font-size: 14pt;\"><span style=\"font-family: arial, helvetica, sans-serif;\">https:\/\/www.gerpinnes.be\/loisirs\/tourisme\/les-sentiers-dhenri-deglume: (Route f\u00fcr einen Spaziergang zur Entdeckung der Orte, die von <strong>DEGLUME<\/strong>(z. B. ein Rundgang, bei dem man seine Werke mit der heutigen Landschaft vergleichen kann). <\/span><span style=\"font-family: arial, helvetica, sans-serif;\"><strong>DEGLUME<\/strong> besuchte keine gesellschaftlichen Salons, sondern umgab sich mit vielen anderen K\u00fcnstlern, Malern, Dichtern, Schriftstellern, ...<\/span><\/span><br \/>\n<span style=\"font-family: arial, helvetica, sans-serif; font-size: 14pt;\"> Er war der Lehrer des in der Region bekannten Malers, <strong>PAULUS Pierre<\/strong> (1881-1951, Impressionist aus dem Land um Charleroi). Er starb am 22. Mai 1940 als Single.<\/span><\/p>\n<p style=\"text-align: left;\"><span style=\"font-family: arial, helvetica, sans-serif; font-size: 14pt;\"><strong>Quellen:<\/strong><\/span><\/p>\n<p style=\"text-align: left;\"><span style=\"font-family: arial, helvetica, sans-serif;\"><a href=\"https:\/\/www.gerpinnes.be\/ma-commune\/services-communaux\/sports-tourisme-culture\/henri-deglume\">https:\/\/www.gerpinnes.be\/ma-commune\/services-communaux\/sports-tourisme-culture\/henri-deglume<\/a><a href=\"http:\/\/www.fagnet.be\/Gerpinnes_ok\/ger_DEGLUME%20Henry\/DEGLUME%20Henry_index.htm\">http:\/\/www.fagnet.be\/Gerpinnes_ok\/ger_DEGLUME%20Henry\/DEGLUME%20Henry_index.htm<\/a><\/span><br \/>\n<span style=\"font-family: arial, helvetica, sans-serif;\"><a href=\"http:\/\/www.fagnet.be\/Gerpinnes_ok\/ger_DEGLUME%20Henry\/DEGLUME%20Henry%20de%20Bernard%20MICHAUX_3.JPG\">http:\/\/www.fagnet.be\/Gerpinnes_ok\/ger_DEGLUME%20Henry\/DEGLUME%20Henry%20de%20Bernard%20MICHAUX_3.JPG<\/a><\/span><br \/>\n<span style=\"font-family: arial, helvetica, sans-serif;\"><a href=\"http:\/\/www.galeriedupistoletdor.com\/gdpo\/Deglumehenri.html#:~:text=Henri%20Deglume%20(Gerpinnes%2C%201865%20%2D%201940)&amp;text=Formation%20de%20courte%20dur%C3%A9e%20%C3%A0,retir%C3%A9%20dans%20son%20village%20natal\">http:\/\/www.galeriedupistoletdor.com\/gdpo\/Deglumehenri.html#:~:text=Henri%20Deglume%20(Gerpinnes%2C%201865%20%2D%201940)&amp;text=Formation%20de%20courte%20dur%C3%A9e%20%C3%A0,retir%C3%A9%20dans%20son%20village%20natal<\/a>.<\/span><br \/>\n<span style=\"font-family: arial, helvetica, sans-serif;\"><a href=\"https:\/\/www.gerpinnes.be\/loisirs\/tourisme\/les-sentiers-dhenri-deglume\">https:\/\/www.gerpinnes.be\/loisirs\/tourisme\/les-sentiers-dhenri-deglume<\/a><\/span><br \/>\n<span style=\"font-family: arial, helvetica, sans-serif;\"><a href=\"https:\/\/fr.wikipedia.org\/wiki\/Th%C3%A9odore_Baron\">https:\/\/fr.wikipedia.org\/wiki\/Th%C3%A9odore_Baron<\/a><\/span><br \/>\n<span style=\"font-family: arial, helvetica, sans-serif;\"><a href=\"https:\/\/fr.wikipedia.org\/wiki\/Georges_Seurat\">https:\/\/fr.wikipedia.org\/wiki\/Georges_Seurat<\/a><\/span><br \/>\n<span style=\"font-family: arial, helvetica, sans-serif;\"><a href=\"https:\/\/fr.wikipedia.org\/wiki\/Alfred_Sisley\">https:\/\/fr.wikipedia.org\/wiki\/Alfred_Sisley<\/a><\/span><br \/>\n<span style=\"font-family: arial, helvetica, sans-serif;\"><a href=\"https:\/\/fr.wikipedia.org\/wiki\/Pierre_Paulus\">https:\/\/fr.wikipedia.org\/wiki\/Pierre_Paulus<\/a><\/span><span style=\"font-family: arial, helvetica, sans-serif;\">\u00a0 \u00a0 \u00a0 \u00a0 \u00a0 \u00a0 \u00a0 \u00a0 \u00a0 \u00a0 \u00a0 \u00a0 \u00a0 \u00a0 \u00a0 \u00a0 \u00a0 \u00a0 \u00a0 \u00a0 \u00a0 \u00a0 \u00a0 \u00a0 \u00a0 \u00a0 \u00a0 \u00a0 \u00a0 \u00a0 \u00a0 \u00a0 \u00a0 \u00a0 \u00a0 \u00a0 \u00a0 \u00a0 \u00a0 \u00a0 \u00a0 \u00a0 \u00a0 \u00a0 \u00a0 \u00a0 \u00a0 \u00a0 \u00a0<\/span><\/p>\n<p style=\"text-align: left;\"><span style=\"font-family: arial, helvetica, sans-serif; font-size: 14pt;\"><strong>Myriam Brys<\/strong><\/span><\/p>\n<p style=\"text-align: left;\"><span style=\"font-family: arial, helvetica, sans-serif; font-size: 14pt;\">\u00a0<\/span><\/p>\n<div id=\"attachment_7611\" style=\"width: 610px\" class=\"wp-caption alignleft\"><img decoding=\"async\" aria-describedby=\"caption-attachment-7611\" class=\"wp-image-7611 lazyload\" data-src=\"https:\/\/geniwal.be\/wp-content\/uploads\/2021\/12\/AN-DEGLUME-Henry-Desire-Ghislain-Joseph-1865-Gerpinnes-1024x734.jpg\" alt=\"\" width=\"600\" height=\"430\" src=\"data:image\/svg+xml;base64,PHN2ZyB3aWR0aD0iMSIgaGVpZ2h0PSIxIiB4bWxucz0iaHR0cDovL3d3dy53My5vcmcvMjAwMC9zdmciPjwvc3ZnPg==\" style=\"--smush-placeholder-width: 600px; --smush-placeholder-aspect-ratio: 600\/430;\" \/><p id=\"caption-attachment-7611\" class=\"wp-caption-text\">Geburtsurkunde<\/p><\/div>\n<p><img decoding=\"async\" class=\"wp-image-7610 lazyload\" data-src=\"https:\/\/geniwal.be\/wp-content\/uploads\/2021\/12\/AD-DEGLUME-Henry-Desire-Ghislain-Gerpinnes-1940-300x274.png\" alt=\"\" width=\"470\" height=\"429\" src=\"data:image\/svg+xml;base64,PHN2ZyB3aWR0aD0iMSIgaGVpZ2h0PSIxIiB4bWxucz0iaHR0cDovL3d3dy53My5vcmcvMjAwMC9zdmciPjwvc3ZnPg==\" style=\"--smush-placeholder-width: 470px; --smush-placeholder-aspect-ratio: 470\/429;\" \/><\/p>\n<p>Sterbeurkunde<\/p>","protected":false},"excerpt":{"rendered":"<p>DEGLUME\u00a0 Henry (Henri) D\u00e9sir\u00e9 Ghislain Joseph est n\u00e9 le 28 d\u00e9cembre 1865 \u00e0 Gerpinnes, de DEGLUME Emile , forgeron, mar\u00e9chal ferrant et de\u00a0 EVRARD Anastasie. Il a grandi au coin [&hellip;]<\/p>\n","protected":false},"author":2,"featured_media":7617,"comment_status":"closed","ping_status":"open","sticky":false,"template":"","format":"standard","meta":{"_et_pb_use_builder":"","_et_pb_old_content":"","_et_gb_content_width":"","footnotes":""},"categories":[1,89],"tags":[],"class_list":["post-7605","post","type-post","status-publish","format-standard","has-post-thumbnail","hentry","category-non-classe","category-personnalites-belges","et-has-post-format-content","et_post_format-et-post-format-standard"],"aioseo_notices":[],"_links":{"self":[{"href":"https:\/\/geniwal.be\/de\/wp-json\/wp\/v2\/posts\/7605","targetHints":{"allow":["GET"]}}],"collection":[{"href":"https:\/\/geniwal.be\/de\/wp-json\/wp\/v2\/posts"}],"about":[{"href":"https:\/\/geniwal.be\/de\/wp-json\/wp\/v2\/types\/post"}],"author":[{"embeddable":true,"href":"https:\/\/geniwal.be\/de\/wp-json\/wp\/v2\/users\/2"}],"replies":[{"embeddable":true,"href":"https:\/\/geniwal.be\/de\/wp-json\/wp\/v2\/comments?post=7605"}],"version-history":[{"count":0,"href":"https:\/\/geniwal.be\/de\/wp-json\/wp\/v2\/posts\/7605\/revisions"}],"wp:featuredmedia":[{"embeddable":true,"href":"https:\/\/geniwal.be\/de\/wp-json\/wp\/v2\/media\/7617"}],"wp:attachment":[{"href":"https:\/\/geniwal.be\/de\/wp-json\/wp\/v2\/media?parent=7605"}],"wp:term":[{"taxonomy":"category","embeddable":true,"href":"https:\/\/geniwal.be\/de\/wp-json\/wp\/v2\/categories?post=7605"},{"taxonomy":"post_tag","embeddable":true,"href":"https:\/\/geniwal.be\/de\/wp-json\/wp\/v2\/tags?post=7605"}],"curies":[{"name":"wp","href":"https:\/\/api.w.org\/{rel}","templated":true}]}}