{"id":7969,"date":"2021-12-03T21:48:38","date_gmt":"2021-12-03T20:48:38","guid":{"rendered":"https:\/\/geniwal.be\/?p=7969"},"modified":"2021-12-03T21:50:26","modified_gmt":"2021-12-03T20:50:26","slug":"legreve-constant-sebastien","status":"publish","type":"post","link":"https:\/\/geniwal.be\/de\/nos-pistes\/pistes-genealogiques-en-belgique\/recherche-14-18\/legreve-constant-sebastien\/","title":{"rendered":"LEGREVE Constant S\u00e9bastien"},"content":{"rendered":"<p><img decoding=\"async\" class=\"wp-image-7971 aligncenter lazyload\" data-src=\"https:\/\/geniwal.be\/wp-content\/uploads\/2021\/12\/Cimetiere-de-Limal-0020-681x1024.jpg\" alt=\"\" width=\"300\" height=\"451\" src=\"data:image\/svg+xml;base64,PHN2ZyB3aWR0aD0iMSIgaGVpZ2h0PSIxIiB4bWxucz0iaHR0cDovL3d3dy53My5vcmcvMjAwMC9zdmciPjwvc3ZnPg==\" style=\"--smush-placeholder-width: 300px; --smush-placeholder-aspect-ratio: 300\/451;\" \/><\/p>\n<p style=\"text-align: center;\"><span style=\"font-family: arial, helvetica, sans-serif; font-size: 14pt;\">Soldat im 13\u1d49 Linienregiment<\/span><br \/>\n<span style=\"font-family: arial, helvetica, sans-serif; font-size: 14pt;\">Ritter des Ordens von Leopold II.<\/span><br \/>\n<span style=\"font-family: arial, helvetica, sans-serif; font-size: 14pt;\">Gedenkmedaille<\/span><br \/>\n<span style=\"font-family: arial, helvetica, sans-serif; font-size: 14pt;\">Gefallen an der Yser am 28.10.1914<\/span><br \/>\n<span style=\"font-family: arial, helvetica, sans-serif; font-size: 14pt;\">Alter: 28 Jahre<\/span><br \/>\n<span style=\"font-family: arial, helvetica, sans-serif; font-size: 14pt;\">Beerdigung auf dem Friedhof von Limal (Wallonisch-Brabant)<\/span><\/p>\n<p>&nbsp;<\/p>\n<p>&nbsp;<\/p>","protected":false},"excerpt":{"rendered":"<p>Soldat au 13\u1d49 R\u00e9giment de ligne Chevalier de l&rsquo;ordre de L\u00e9opold II M\u00e9daille comm\u00e9morative Tomb\u00e9 \u00e0 l&rsquo;Yser le 28\/10\/1914 \u00c2g\u00e9 de 28 ans S\u00e9pulture au cimeti\u00e8re de Limal (Brabant wallon) [&hellip;]<\/p>\n","protected":false},"author":2,"featured_media":7973,"comment_status":"closed","ping_status":"open","sticky":false,"template":"","format":"standard","meta":{"_et_pb_use_builder":"","_et_pb_old_content":"","_et_gb_content_width":"","footnotes":""},"categories":[88,93,78],"tags":[],"class_list":["post-7969","post","type-post","status-publish","format-standard","has-post-thumbnail","hentry","category-archives-militaires","category-nos-pistes","category-recherche-14-18","et-has-post-format-content","et_post_format-et-post-format-standard"],"aioseo_notices":[],"_links":{"self":[{"href":"https:\/\/geniwal.be\/de\/wp-json\/wp\/v2\/posts\/7969","targetHints":{"allow":["GET"]}}],"collection":[{"href":"https:\/\/geniwal.be\/de\/wp-json\/wp\/v2\/posts"}],"about":[{"href":"https:\/\/geniwal.be\/de\/wp-json\/wp\/v2\/types\/post"}],"author":[{"embeddable":true,"href":"https:\/\/geniwal.be\/de\/wp-json\/wp\/v2\/users\/2"}],"replies":[{"embeddable":true,"href":"https:\/\/geniwal.be\/de\/wp-json\/wp\/v2\/comments?post=7969"}],"version-history":[{"count":0,"href":"https:\/\/geniwal.be\/de\/wp-json\/wp\/v2\/posts\/7969\/revisions"}],"wp:featuredmedia":[{"embeddable":true,"href":"https:\/\/geniwal.be\/de\/wp-json\/wp\/v2\/media\/7973"}],"wp:attachment":[{"href":"https:\/\/geniwal.be\/de\/wp-json\/wp\/v2\/media?parent=7969"}],"wp:term":[{"taxonomy":"category","embeddable":true,"href":"https:\/\/geniwal.be\/de\/wp-json\/wp\/v2\/categories?post=7969"},{"taxonomy":"post_tag","embeddable":true,"href":"https:\/\/geniwal.be\/de\/wp-json\/wp\/v2\/tags?post=7969"}],"curies":[{"name":"wp","href":"https:\/\/api.w.org\/{rel}","templated":true}]}}