{"id":7978,"date":"2021-12-03T22:30:52","date_gmt":"2021-12-03T21:30:52","guid":{"rendered":"https:\/\/geniwal.be\/?p=7978"},"modified":"2021-12-03T22:31:30","modified_gmt":"2021-12-03T21:31:30","slug":"jaumotte-charles","status":"publish","type":"post","link":"https:\/\/geniwal.be\/de\/nos-pistes\/pistes-genealogiques-en-belgique\/recherche-14-18\/jaumotte-charles\/","title":{"rendered":"JAUMOTTE Charles"},"content":{"rendered":"<p>&nbsp;<\/p>\n<p><img decoding=\"async\" class=\"aligncenter wp-image-7979 lazyload\" data-src=\"https:\/\/geniwal.be\/wp-content\/uploads\/2021\/12\/Cimetiere-de-Limal-0007-199x300.jpg\" alt=\"\" width=\"300\" height=\"451\" src=\"data:image\/svg+xml;base64,PHN2ZyB3aWR0aD0iMSIgaGVpZ2h0PSIxIiB4bWxucz0iaHR0cDovL3d3dy53My5vcmcvMjAwMC9zdmciPjwvc3ZnPg==\" style=\"--smush-placeholder-width: 300px; --smush-placeholder-aspect-ratio: 300\/451;\" \/><\/p>\n<p style=\"text-align: center;\"><span style=\"font-family: arial, helvetica, sans-serif; font-size: 14pt;\">Glorreich auf den Feldern der Ehre gefallen<\/span><br \/>\n<span style=\"font-family: arial, helvetica, sans-serif; font-size: 14pt;\">Am 08\/10\/1918<\/span><br \/>\n<span style=\"font-family: arial, helvetica, sans-serif; font-size: 14pt;\">Im Alter von 27 Jahren<\/span><br \/>\n<span style=\"font-family: arial, helvetica, sans-serif; font-size: 14pt;\">Ausgezeichnet mit dem Kriegskreuz<\/span><br \/>\n<span style=\"font-family: arial, helvetica, sans-serif; font-size: 14pt;\">Vom Leopold-II-Orden mit Palmen<\/span><br \/>\n<span style=\"font-family: arial, helvetica, sans-serif; font-size: 14pt;\">Gedenkmedaille<\/span><br \/>\n<span style=\"font-family: arial, helvetica, sans-serif; font-size: 14pt;\">Grabst\u00e4tte Limal-Friedhof<\/span><\/p>\n<p>&nbsp;<\/p>\n<p>&nbsp;<\/p>","protected":false},"excerpt":{"rendered":"<p>&nbsp; Tomb\u00e9 glorieusement aux champs d&rsquo;honneur Le 08\/10\/1918 \u00c0 l&rsquo;\u00e2ge de 27 ans D\u00e9cor\u00e9 de la croix de guerre De l&rsquo;ordre de L\u00e9opold II avec Palmes M\u00e9daille comm\u00e9morative S\u00e9pulture cimeti\u00e8re [&hellip;]<\/p>\n","protected":false},"author":2,"featured_media":7979,"comment_status":"closed","ping_status":"open","sticky":false,"template":"","format":"standard","meta":{"_et_pb_use_builder":"","_et_pb_old_content":"","_et_gb_content_width":"","footnotes":""},"categories":[85,93,78],"tags":[],"class_list":["post-7978","post","type-post","status-publish","format-standard","has-post-thumbnail","hentry","category-archives-modernes-1796-1918","category-nos-pistes","category-recherche-14-18","et-has-post-format-content","et_post_format-et-post-format-standard"],"aioseo_notices":[],"_links":{"self":[{"href":"https:\/\/geniwal.be\/de\/wp-json\/wp\/v2\/posts\/7978","targetHints":{"allow":["GET"]}}],"collection":[{"href":"https:\/\/geniwal.be\/de\/wp-json\/wp\/v2\/posts"}],"about":[{"href":"https:\/\/geniwal.be\/de\/wp-json\/wp\/v2\/types\/post"}],"author":[{"embeddable":true,"href":"https:\/\/geniwal.be\/de\/wp-json\/wp\/v2\/users\/2"}],"replies":[{"embeddable":true,"href":"https:\/\/geniwal.be\/de\/wp-json\/wp\/v2\/comments?post=7978"}],"version-history":[{"count":0,"href":"https:\/\/geniwal.be\/de\/wp-json\/wp\/v2\/posts\/7978\/revisions"}],"wp:featuredmedia":[{"embeddable":true,"href":"https:\/\/geniwal.be\/de\/wp-json\/wp\/v2\/media\/7979"}],"wp:attachment":[{"href":"https:\/\/geniwal.be\/de\/wp-json\/wp\/v2\/media?parent=7978"}],"wp:term":[{"taxonomy":"category","embeddable":true,"href":"https:\/\/geniwal.be\/de\/wp-json\/wp\/v2\/categories?post=7978"},{"taxonomy":"post_tag","embeddable":true,"href":"https:\/\/geniwal.be\/de\/wp-json\/wp\/v2\/tags?post=7978"}],"curies":[{"name":"wp","href":"https:\/\/api.w.org\/{rel}","templated":true}]}}