{"id":798,"date":"2013-08-06T19:59:27","date_gmt":"2013-08-06T17:59:27","guid":{"rendered":"https:\/\/geniwal.be\/?p=798"},"modified":"2023-04-10T23:20:42","modified_gmt":"2023-04-10T21:20:42","slug":"seminaire","status":"publish","type":"post","link":"https:\/\/geniwal.be\/de\/nos-pistes\/pistes-genealogiques-en-belgique\/archive-en-belgique\/archives-religieuses-1600-1796\/seminaire\/","title":{"rendered":"Seminar"},"content":{"rendered":"<p>&nbsp;<\/p>\n<p><span style=\"font-family: arial, helvetica, sans-serif;\">Priesterseminar, 1603-1797 (40 Artikel).<\/span><br \/>\n<span style=\"font-family: arial, helvetica, sans-serif;\">Gem\u00e4\u00df den Vorschriften des Konzils von Trient wurde 1568 in Namur im ehemaligen Beginenhof von Rhisnes in der N\u00e4he des Place Saint-Aubain ein Seminar errichtet, das jedoch bald wieder aufgegeben und nach Nivelles verlegt wurde. Ein Jahrhundert sp\u00e4ter (1656) sollte er in der N\u00e4he desselben Ortes wieder errichtet werden. Das Seminar wurde 1797 aufgel\u00f6st und 1805 von Bischof Pisani de la Gaude aufgekauft. BOVESSE, Inventar, S. 7-9.<\/span><\/p>\n<p><span style=\"font-family: arial, helvetica, sans-serif;\"><strong>Bildnachweis :<\/strong>\u00a0https:\/\/www.bing.com\/images\/search?view=detailV2&amp;id=ED23450C63C729E3B65AF8ABBF12115476E15216&amp;thid=OIP.wanla51Xjc5zAaUGAyiTPAHaE7&amp;mediaurl=http%3A%2F%2F1.bp.blogspot.com%2F-QGVXglrPxG4%2FVYK0Vm60f3I%2FAAAAAAAAGWQ%2FVHxpTFQ9pJ4%2Fs1600%2FDSC_0072.JPG&amp;exph=1064&amp;expw=1600&amp;q=images+Conclave+17%c3%a8me+si%c3%a8cle&amp;selectedindex=2&amp;ajaxhist=0&amp;vt=0&amp;eim=1&amp;ccid=wanla51X&amp;simid=608029469385165543&amp;pivotpara<\/span><\/p>\n<p><span style=\"font-family: arial, helvetica, sans-serif; font-size: 10pt;\">2019 Heraly Yves - G\u00e9niWal Magazine Nr. 21, 2004 Alle Rechte vorbehalten<\/span><\/p>","protected":false},"excerpt":{"rendered":"<p>&nbsp; S\u00e9minaire, 1603-1797 (40 articles). En vertu des prescriptions du Concile de Trente, un S\u00e9minaire fut \u00e9rig\u00e9 en 1568, \u00e0 Namur, dans l&rsquo;ancien b\u00e9guinage de Rhisnes, pr\u00e8s de la place [&hellip;]<\/p>\n","protected":false},"author":1,"featured_media":3517,"comment_status":"closed","ping_status":"closed","sticky":false,"template":"","format":"standard","meta":{"_et_pb_use_builder":"","_et_pb_old_content":"","_et_gb_content_width":"","footnotes":""},"categories":[86],"tags":[],"class_list":["post-798","post","type-post","status-publish","format-standard","has-post-thumbnail","hentry","category-archives-religieuses-1600-1796","et-has-post-format-content","et_post_format-et-post-format-standard"],"aioseo_notices":[],"_links":{"self":[{"href":"https:\/\/geniwal.be\/de\/wp-json\/wp\/v2\/posts\/798","targetHints":{"allow":["GET"]}}],"collection":[{"href":"https:\/\/geniwal.be\/de\/wp-json\/wp\/v2\/posts"}],"about":[{"href":"https:\/\/geniwal.be\/de\/wp-json\/wp\/v2\/types\/post"}],"author":[{"embeddable":true,"href":"https:\/\/geniwal.be\/de\/wp-json\/wp\/v2\/users\/1"}],"replies":[{"embeddable":true,"href":"https:\/\/geniwal.be\/de\/wp-json\/wp\/v2\/comments?post=798"}],"version-history":[{"count":0,"href":"https:\/\/geniwal.be\/de\/wp-json\/wp\/v2\/posts\/798\/revisions"}],"wp:featuredmedia":[{"embeddable":true,"href":"https:\/\/geniwal.be\/de\/wp-json\/wp\/v2\/media\/3517"}],"wp:attachment":[{"href":"https:\/\/geniwal.be\/de\/wp-json\/wp\/v2\/media?parent=798"}],"wp:term":[{"taxonomy":"category","embeddable":true,"href":"https:\/\/geniwal.be\/de\/wp-json\/wp\/v2\/categories?post=798"},{"taxonomy":"post_tag","embeddable":true,"href":"https:\/\/geniwal.be\/de\/wp-json\/wp\/v2\/tags?post=798"}],"curies":[{"name":"wp","href":"https:\/\/api.w.org\/{rel}","templated":true}]}}