{"id":8180,"date":"2022-01-09T11:23:34","date_gmt":"2022-01-09T10:23:34","guid":{"rendered":"https:\/\/geniwal.be\/?p=8180"},"modified":"2022-01-10T10:13:50","modified_gmt":"2022-01-10T09:13:50","slug":"monument-au-mort-de-la-ville-de-spa-province-de-liege","status":"publish","type":"post","link":"https:\/\/geniwal.be\/de\/nos-pistes\/pistes-genealogiques-en-belgique\/recherche-14-18\/monument-au-mort-de-la-ville-de-spa-province-de-liege\/","title":{"rendered":"Gefallenendenkmal der Stadt Spa Provinz L\u00fcttich"},"content":{"rendered":"<p><img decoding=\"async\" class=\"wp-image-8181 alignleft lazyload\" data-src=\"https:\/\/geniwal.be\/wp-content\/uploads\/2022\/01\/P1010150-225x300.jpg\" alt=\"\" width=\"350\" height=\"263\" src=\"data:image\/svg+xml;base64,PHN2ZyB3aWR0aD0iMSIgaGVpZ2h0PSIxIiB4bWxucz0iaHR0cDovL3d3dy53My5vcmcvMjAwMC9zdmciPjwvc3ZnPg==\" style=\"--smush-placeholder-width: 350px; --smush-placeholder-aspect-ratio: 350\/263;\" \/><\/p>\n<p><img decoding=\"async\" class=\"wp-image-8182 alignright lazyload\" data-src=\"https:\/\/geniwal.be\/wp-content\/uploads\/2022\/01\/P1010145-225x300.jpg\" alt=\"\" width=\"340\" height=\"453\" src=\"data:image\/svg+xml;base64,PHN2ZyB3aWR0aD0iMSIgaGVpZ2h0PSIxIiB4bWxucz0iaHR0cDovL3d3dy53My5vcmcvMjAwMC9zdmciPjwvc3ZnPg==\" style=\"--smush-placeholder-width: 340px; --smush-placeholder-aspect-ratio: 340\/453;\" \/><\/p>\n<p><strong style=\"font-family: arial, helvetica, sans-serif;\"><img decoding=\"async\" class=\"aligncenter wp-image-8183 lazyload\" data-src=\"https:\/\/geniwal.be\/wp-content\/uploads\/2022\/01\/spa_mom_cpa_03-300x194.jpg\" alt=\"\" width=\"500\" height=\"323\" src=\"data:image\/svg+xml;base64,PHN2ZyB3aWR0aD0iMSIgaGVpZ2h0PSIxIiB4bWxucz0iaHR0cDovL3d3dy53My5vcmcvMjAwMC9zdmciPjwvc3ZnPg==\" style=\"--smush-placeholder-width: 500px; --smush-placeholder-aspect-ratio: 500\/323;\" \/><\/strong><\/p>\n<p>&nbsp;<\/p>\n<p><strong style=\"font-family: arial, helvetica, sans-serif;\">\u00a0<\/strong><\/p>\n<p>&nbsp;<\/p>\n<p><span style=\"font-family: arial, helvetica, sans-serif;\"><strong>\u00a0<\/strong><\/span><\/p>\n<hr \/>\n<p><span style=\"font-family: arial, helvetica, sans-serif;\"><strong>ALBERT Nicolas Joseph Marcel :<br \/>\n<\/strong><\/span><span style=\"font-family: arial, helvetica, sans-serif;\">Geboren am 11.11.1882 in Spa und gestorben am 24.10.1914 unbekannter Ort.<br \/>\n<\/span><span style=\"font-family: arial, helvetica, sans-serif;\">Soldat von 2<sup>\u00e8me<\/sup> Klasse 14<sup>\u00e8me<\/sup> von Linie<\/span><\/p>\n<p><span style=\"font-family: arial, helvetica, sans-serif;\"><strong>ALBERT Victor Joseph Alphonse :<br \/>\n<\/strong><\/span><span style=\"font-family: arial, helvetica, sans-serif;\">Geboren am 25.10.1884 in Spa und gestorben am 15.9.1917 Vinkem.<br \/>\n<\/span><span style=\"font-family: arial, helvetica, sans-serif;\">Unterleutnant 2<sup>\u00e8me<\/sup> von Linie.<br \/>\n<\/span><a href=\"https:\/\/bel-memorial.org\/photos\/ALBERT_Victor_9619\"><span style=\"font-family: arial, helvetica, sans-serif;\">https:\/\/bel-memorial.org\/photos\/ALBERT_Victor_9619<\/span><\/a><\/p>\n<p><span style=\"font-family: arial, helvetica, sans-serif;\"><strong>AUBINET Henri Joseph :<br \/>\n<\/strong><\/span><span style=\"font-family: arial, helvetica, sans-serif;\">Geboren Datum unbekannt in Spa am 04.11.1914 und gestorben am 04.11.1914 in Pervijze.<br \/>\n<\/span><span style=\"font-family: arial, helvetica, sans-serif;\">Soldat von 2<sup>\u00e8me <\/sup>Klasse 12<sup>\u00e8me<\/sup> von Linie.<\/span><\/p>\n<p><span style=\"font-family: arial, helvetica, sans-serif;\"><strong>BAIWIR Charles James :<br \/>\n<\/strong><\/span><span style=\"font-family: arial, helvetica, sans-serif;\">Geboren am 15\/06\/1891 in Spa 21\/10\/1918 und gestorben in Adegem.<br \/>\n<\/span><span style=\"font-family: arial, helvetica, sans-serif;\">Unteroffizier im 21.<sup>\u00e8me<\/sup> der Linie Matrikelnummer 2099.<\/span><\/p>\n<p><span style=\"font-family: arial, helvetica, sans-serif;\"><strong>BRODURE Hubert Joseph :<br \/>\n<\/strong><\/span><span style=\"font-family: arial, helvetica, sans-serif;\">Geboren an einem unbekannten Datum in Spa und gestorben am 17.04.1917 an einem unbekannten Ort.<br \/>\n<\/span><span style=\"font-family: arial, helvetica, sans-serif;\">Soldat 2<sup>\u00e8me<\/sup> Klasse 15<sup>\u00e8me<\/sup> von Artillerie.<br \/>\n<\/span><span style=\"font-family: arial, helvetica, sans-serif;\"><a href=\"https:\/\/bel-memorial.org\/photos_liege\/BRODURE_Rene_30212.htm\">https:\/\/bel-memorial.org\/photos_liege\/BRODURE_Rene_30212.htm<\/a><\/span><\/p>\n<p><span style=\"font-family: arial, helvetica, sans-serif;\"><strong>CHRISTIANE Jules Auguste Louis :<br \/>\n<\/strong><\/span><span style=\"font-family: arial, helvetica, sans-serif;\">Geboren 1895 in Spa und gestorben am 17.4.1918 in Merkem.<br \/>\n<\/span><span style=\"font-family: arial, helvetica, sans-serif;\">Soldat 9<sup>\u00e8me<\/sup> von Zeilen.<br \/>\n<\/span><span style=\"font-family: arial, helvetica, sans-serif;\"><a href=\"https:\/\/bel-memorial.org\/photos\/CHRISTIANE_Jules_26217.htm\">https:\/\/bel-memorial.org\/photos\/CHRISTIANE_Jules_26217.htm<\/a><\/span><\/p>\n<p><span style=\"font-family: arial, helvetica, sans-serif;\"><strong>CURTIUS Wilhelm :<br \/>\n<\/strong><\/span><span style=\"font-family: arial, helvetica, sans-serif;\">Geboren am 25\/05\/1878 in Spa gestorben am 02\/10\/1918 in Oostnieuwkerke.<br \/>\n<\/span><span style=\"font-family: arial, helvetica, sans-serif;\">Regimentssoldat 2<sup>\u00e8me<\/sup> Linie <sup>4.<\/sup> von Chasseurs \u00e0 pied (J\u00e4ger zu Fu\u00df).<\/span><\/p>\n<p><span style=\"font-family: arial, helvetica, sans-serif;\"><strong>DEBRUS Julien Eug\u00e8ne :<br \/>\n<\/strong><\/span><span style=\"font-family: arial, helvetica, sans-serif;\">Geboren Geburtsort und -datum unbekannt, gestorben am 06.05.1919 Ort unbekannt.<br \/>\n<\/span><span style=\"font-family: arial, helvetica, sans-serif;\">Soldat von 2<sup>\u00e8me<\/sup> Klasse 4<sup>\u00e8me<\/sup> von Genie.<\/span><\/p>\n<p><span style=\"font-family: arial, helvetica, sans-serif;\"><strong>DECERF Ivan Mathieu Edmond :<br \/>\n<\/strong><\/span><span style=\"font-family: arial, helvetica, sans-serif;\">Geboren am 27.02.1898 in Spa und gestorben am 09.10.1918 in Oostnieuwkerke.<br \/>\n<\/span><span style=\"font-family: arial, helvetica, sans-serif;\">Soldat von 2<sup>\u00e8me<\/sup> Regimentsklasse 12<sup>\u00e8me<\/sup> Artillerie.<br \/>\n<\/span><span style=\"font-family: arial, helvetica, sans-serif;\">Beigesetzt in Mosselmarkt Gemeinde Passendale.<\/span><\/p>\n<p><span style=\"font-family: arial, helvetica, sans-serif;\"><strong>DEVILLE Fran\u00e7ois Constantin :<br \/>\n<\/strong><\/span><span style=\"font-family: arial, helvetica, sans-serif;\">Geboren an einem unbekannten Datum in Spa und gestorben am 07.07.1918 an einem unbekannten Ort.<br \/>\n<\/span><span style=\"font-family: arial, helvetica, sans-serif;\">Soldat von 2<sup>\u00e8me<\/sup> Milizklasse Sonderkontingent<\/span><\/p>\n<p><span style=\"font-family: arial, helvetica, sans-serif;\"><strong>DRESSE Charles Marie Antoine Amand :<br \/>\n<\/strong><\/span><span style=\"font-family: arial, helvetica, sans-serif;\">Geboren am 23.01.1897 in L\u00fcttich und gestorben am 28.09.1918 Poelkapelle.<br \/>\n<\/span><span style=\"font-family: arial, helvetica, sans-serif;\">Adjutant Regiment 9<sup>\u00e8me<\/sup> von Linie<br \/>\n<\/span><span style=\"font-family: arial, helvetica, sans-serif;\"><a href=\"https:\/\/bel-memorial.org\/photos\/DRESSE_Charles_9631.htm\">https:\/\/bel-memorial.org\/photos\/DRESSE_Charles_9631.htm<\/a><\/span><\/p>\n<p><span style=\"font-family: arial, helvetica, sans-serif;\"><strong>DUJARDIN Evrard :<br \/>\n<\/strong><\/span><span style=\"font-family: arial, helvetica, sans-serif;\">Geboren am 09.04.1887 in Orchies (Frankreich) gestorben am 01.03.1916 an der Yser.<br \/>\n<\/span><span style=\"font-family: arial, helvetica, sans-serif;\">Soldat von 2<sup>\u00e8me<\/sup> Klasse Regiment 43<sup>\u00e8me<\/sup> Infanterie.<\/span><\/p>\n<p><span style=\"font-family: arial, helvetica, sans-serif;\"><strong>EMONTS Henri Joseph Hubert Marie No\u00ebl :<br \/>\n<\/strong><\/span><span style=\"font-family: arial, helvetica, sans-serif;\">Geboren am 25.12.1891 in Spa gestorben am 01.03.1916 an der Yser.<br \/>\n<\/span><span style=\"font-family: arial, helvetica, sans-serif;\">Soldat von 2<sup>\u00e8me<\/sup> Regimentsklasse 5<sup>\u00e8me<\/sup> von Linie.<br \/>\n<\/span><span style=\"font-family: arial, helvetica, sans-serif;\"><a href=\"https:\/\/www.bel-memorial.org\/photos\/EMONTS_Henri_20352.htm\">https:\/\/www.bel-memorial.org\/photos\/EMONTS_Henri_20352.htm<\/a><\/span><\/p>\n<p><span style=\"font-family: arial, helvetica, sans-serif;\"><strong>FANDEL Marcel :<br \/>\n<\/strong><\/span><span style=\"font-family: arial, helvetica, sans-serif;\">Geboren am 22.06.1899 in Spa und gestorben am 09.10.1918 in Passendale.<br \/>\n<\/span><span style=\"font-family: arial, helvetica, sans-serif;\">Brigadier Regiment 18<sup>\u00e8me<\/sup> von Artillerie.<br \/>\n<\/span><span style=\"font-family: arial, helvetica, sans-serif;\"><a href=\"https:\/\/bel-memorial.org\/photos\/FANDEL_Marcel_26227.htm\">https:\/\/bel-memorial.org\/photos\/FANDEL_Marcel_26227.htm<\/a><\/span><\/p>\n<p><span style=\"font-family: arial, helvetica, sans-serif;\"><strong>GASPAR Gustav :<br \/>\n<\/strong><\/span><span style=\"font-family: arial, helvetica, sans-serif;\">Geboren an unbekanntem Ort und Datum in Spa und gestorben am 21.11.1917 an unbekanntem Ort.<br \/>\n<\/span><span style=\"font-family: arial, helvetica, sans-serif;\">Soldat von 2<sup>\u00e8me<\/sup> Klasse 12<sup>\u00e8me<\/sup> Artillerie.<\/span><br \/>\n<span style=\"font-family: arial, helvetica, sans-serif;\">Beerdigung: Zuidschote<\/span><\/p>\n<p><span style=\"font-family: arial, helvetica, sans-serif;\"><strong>GONAY Hubert Eloi Joseph :<br \/>\n<\/strong><\/span><span style=\"font-family: arial, helvetica, sans-serif;\">Geboren in Petit Rechain und gestorben am 02.10.1918 in Houthulst.<br \/>\n<\/span><span style=\"font-family: arial, helvetica, sans-serif;\">Soldat von 2<sup>\u00e8me<\/sup> Klasse Regiment 12<sup>\u00e8me<\/sup> von Linie<br \/>\n<\/span><span style=\"font-family: arial, helvetica, sans-serif;\">https:\/\/bel-memorial.org\/photos_liege\/GONAY_Hubert_26229.htm<\/span><\/p>\n<p><span style=\"font-family: arial, helvetica, sans-serif;\"><strong>GONAY Jacques Pierre Joseph :<br \/>\n<\/strong><\/span><span style=\"font-family: arial, helvetica, sans-serif;\">Geboren am 03.09.1891 in Spa und gestorben am 15.08.1914 in Loncin.<br \/>\n<\/span><span style=\"font-family: arial, helvetica, sans-serif;\">Soldat von 2<sup>\u00e8me<\/sup> Klasse Regiment 14<sup>\u00e8me<\/sup> von Linie<\/span><br \/>\n<span style=\"font-family: arial, helvetica, sans-serif;\">Bei der Explosion des Forts Loncin get\u00f6tet.<\/span><\/p>\n<p><span style=\"font-family: arial, helvetica, sans-serif;\"><strong>HALLEUX Alexis :<br \/>\n<\/strong>Geboren Ort und Datum unbekannt und gestorben Ort unbekannt.<\/span><br \/>\n<span style=\"font-family: arial, helvetica, sans-serif;\">Milit\u00e4rischer Konflikt 1914-1918.<\/span><\/p>\n<p><span style=\"font-family: arial, helvetica, sans-serif;\"><strong>HESSE Am\u00e9d\u00e9e :<br \/>\n<\/strong><\/span><span style=\"font-family: arial, helvetica, sans-serif;\">Geboren am 26\/07\/1870 in Metz (Frankreich) und gestorben am 18\/10\/1915 unbekannter Ort<\/span><br \/>\n<span style=\"font-family: arial, helvetica, sans-serif;\">Erschossener Widerstandsk\u00e4mpfer<br \/>\n<\/span><span style=\"font-family: arial, helvetica, sans-serif;\"><a href=\"https:\/\/bel-memorial.org\/photos\/HESSE_Amedee_22957.htm\">https:\/\/bel-memorial.org\/photos\/HESSE_Amedee_22957.htm<\/a><\/span><\/p>\n<p><span style=\"font-family: arial, helvetica, sans-serif;\"><strong>HEYNEN D\u00e9sir\u00e9 Mathieu Isidore :<br \/>\n<\/strong><\/span><span style=\"font-family: arial, helvetica, sans-serif;\">Geboren an einem unbekannten Datum in Spa und gestorben am 17.04.1918 an einem unbekannten Ort.<br \/>\n<\/span><span style=\"font-family: arial, helvetica, sans-serif;\">Milizion\u00e4r als Kriegsfreiwilliger<\/span><\/p>\n<p><span style=\"font-family: arial, helvetica, sans-serif;\"><strong>HOUET Albert Victor Marie :<br \/>\n<\/strong><\/span><span style=\"font-family: arial, helvetica, sans-serif;\">Geboren am 17.12.1891 in Spa und gestorben am 02.07.1916 in La panne.<br \/>\n<\/span><span style=\"font-family: arial, helvetica, sans-serif;\">Soldat 1<sup>\u00e4ische Kommission<\/sup> Regimentsklasse 12<sup>\u00e8me<\/sup> von Zeilen.<br \/>\n<\/span><span style=\"font-family: arial, helvetica, sans-serif;\"><a href=\"https:\/\/bel-memorial.org\/photos_liege\/spa\/HOUET_Albert_9640.htm\">https:\/\/bel-memorial.org\/photos_liege\/spa\/HOUET_Albert_9640.htm<\/a><\/span><\/p>\n<p><span style=\"font-family: arial, helvetica, sans-serif;\"><strong>JAMBON Yvan Marie Joseph :<br \/>\n<\/strong><\/span><span style=\"font-family: arial, helvetica, sans-serif;\">Geboren Datum unbekannt in Spa und gestorben am 13\/14\/1914 Ort nicht genannt.<br \/>\n<\/span><span style=\"font-family: arial, helvetica, sans-serif;\">Soldat von 2<sup>\u00e8me<\/sup> Regimentsklasse 1<sup>er<\/sup> Leitf\u00e4den.<\/span><\/p>\n<p><span style=\"font-family: arial, helvetica, sans-serif;\"><strong>JEHIN Jean Joseph August :<br \/>\n<\/strong><\/span><span style=\"font-family: arial, helvetica, sans-serif;\">Geboren Datum unbekannt in Spa gestorben am 28.04.1918 Ort unbekannt.<br \/>\n<\/span><span style=\"font-family: arial, helvetica, sans-serif;\">Soldat von 2<sup>\u00e8me<\/sup> Klasse Grand Parc Automobile de R\u00e9serve<br \/>\n<\/span><span style=\"font-family: arial, helvetica, sans-serif;\">Beerdigt in Beveren-Aan-den-Ijser.<\/span><\/p>\n<p><span style=\"font-family: arial, helvetica, sans-serif;\"><strong>JEROME Georges :<br \/>\n<\/strong><\/span><span style=\"font-family: arial, helvetica, sans-serif;\">Geboren Ort und Datum unbekannt und gestorben Ort unbekannt.<br \/>\n<\/span><span style=\"font-family: arial, helvetica, sans-serif;\">Milit\u00e4r.<\/span><\/p>\n<p><span style=\"font-family: arial, helvetica, sans-serif;\"><strong>JOB Andr\u00e9 :<br \/>\n<\/strong><\/span><span style=\"font-family: arial, helvetica, sans-serif;\">Geboren Ort und Datum unbekannt und gestorben Ort unbekannt.<br \/>\n<\/span><span style=\"font-family: arial, helvetica, sans-serif;\">Milit\u00e4r.<\/span><\/p>\n<p><span style=\"font-family: arial, helvetica, sans-serif;\"><strong>JOSSELET Gustave.<br \/>\n<\/strong><\/span><span style=\"font-family: arial, helvetica, sans-serif;\">Geboren Ort und Datum unbekannt und gestorben Ort unbekannt.<br \/>\n<\/span><span style=\"font-family: arial, helvetica, sans-serif;\">Milit\u00e4r.<\/span><\/p>\n<p><span style=\"font-family: arial, helvetica, sans-serif;\"><strong>MANGNAY Paul Emile Marius :<br \/>\n<\/strong><\/span><span style=\"font-family: arial, helvetica, sans-serif;\">Geboren am 26.10.1896 in Spa und gestorben am 24.4.1915 an unbekanntem Ort.<br \/>\n<\/span><span style=\"font-family: arial, helvetica, sans-serif;\">Soldat von 2<sup>\u00e8me<\/sup> Regimentsklasse 1<sup>er<\/sup> Grenadiere.<br \/>\n<\/span><span style=\"font-family: arial, helvetica, sans-serif;\">Grabst\u00e4tte in Westvleteren?<br \/>\n<\/span><span style=\"font-family: arial, helvetica, sans-serif;\"><a href=\"https:\/\/bel-memorial.org\/photos\/MANGNAY_Paul_26239.htm\">https:\/\/bel-memorial.org\/photos\/MANGNAY_Paul_26239.htm<\/a><\/span><\/p>\n<p><span style=\"font-family: arial, helvetica, sans-serif;\"><strong>MARCOTTE Henri :<br \/>\n<\/strong><\/span><span style=\"font-family: arial, helvetica, sans-serif;\">Geboren Ort und Datum unbekannt und gestorben Ort unbekannt.<br \/>\n<\/span><span style=\"font-family: arial, helvetica, sans-serif;\">Milit\u00e4r.<\/span><\/p>\n<p><span style=\"font-family: arial, helvetica, sans-serif;\"><strong>MARECHAL Paul :<br \/>\n<\/strong><\/span><span style=\"font-family: arial, helvetica, sans-serif;\">Geboren Ort und Datum unbekannt und gestorben Ort unbekannt<br \/>\n<\/span><span style=\"font-family: arial, helvetica, sans-serif;\">Milit\u00e4r.<\/span><\/p>\n<p><span style=\"font-family: arial, helvetica, sans-serif;\"><strong>MESTDAGH Alphonse Edouard :<br \/>\n<\/strong><\/span><span style=\"font-family: arial, helvetica, sans-serif;\">Geboren am 24.05.1880 in Lille Frankreich und gestorben am 25.05.1919 Spa.<\/span><br \/>\n<span style=\"font-family: arial, helvetica, sans-serif;\">Soldat von 2<sup>\u00e8me<\/sup> Klasse Regiment 24<sup>\u00e8me<\/sup> Infanterie<\/span><\/p>\n<p><span style=\"font-family: arial, helvetica, sans-serif;\"><strong>MICHEL Ernest :<br \/>\n<\/strong><\/span><span style=\"font-family: arial, helvetica, sans-serif;\">Geboren Ort und Datum unbekannt und gestorben Ort unbekannt.<br \/>\n<\/span><span style=\"font-family: arial, helvetica, sans-serif;\">Milit\u00e4r.<\/span><\/p>\n<p><span style=\"font-family: arial, helvetica, sans-serif;\"><strong>MOSTENNE Albert :<br \/>\n<\/strong><\/span><span style=\"font-family: arial, helvetica, sans-serif;\">Geboren Ort und Datum unbekannt und gestorben Ort unbekannt.<br \/>\n<\/span><span style=\"font-family: arial, helvetica, sans-serif;\">Milit\u00e4r.<\/span><\/p>\n<p><span style=\"font-family: arial, helvetica, sans-serif;\"><strong>MOUREAU Prosper Joseph :<br \/>\n<\/strong><\/span><span style=\"font-family: arial, helvetica, sans-serif;\">Geboren am 08\/06\/1893 in Spa und gestorben am 29\/10\/1918 in Guemps (Frankreich)<\/span><br \/>\n<span style=\"font-family: arial, helvetica, sans-serif;\">Soldat von 2<sup>\u00e8me<\/sup> Klasse Regiment 20<sup>\u00e8me<\/sup> von Linie.<\/span><\/p>\n<p><span style=\"font-family: arial, helvetica, sans-serif;\"><strong>PALLA Maurice Jean Julien (Marcel) :<br \/>\n<\/strong><\/span><span style=\"font-family: arial, helvetica, sans-serif;\">Geboren an einem unbekannten Datum in Spa und gestorben am 23.05.1918 an einem unbekannten Ort.<br \/>\n<\/span><span style=\"font-family: arial, helvetica, sans-serif;\">Soldat der 2. Klasse Regiment 4<sup>\u00e8me<\/sup> Artillerie.<\/span><\/p>\n<p><span style=\"font-family: arial, helvetica, sans-serif;\"><strong>PIETTE Victor Joseph :<br \/>\n<\/strong><\/span><span style=\"font-family: arial, helvetica, sans-serif;\">Geboren Datum unbekannt in Spa und gestorben am 24\/10\/1914 Ort unbekannt.<br \/>\n<\/span><span style=\"font-family: arial, helvetica, sans-serif;\">Soldat von 2<sup>\u00e8me<\/sup> Regimentsklasse 14<sup>\u00e8me<\/sup> von Linie.<\/span><\/p>\n<p><span style=\"font-family: arial, helvetica, sans-serif;\"><strong>POTTIER Charles Hubert<\/strong>\u00a0:<br \/>\n<\/span><span style=\"font-family: arial, helvetica, sans-serif;\">Geboren am 10.06.1892 in Spa und gestorben am 02.10.1918 in Poelkapelle.<br \/>\n<\/span><span style=\"font-family: arial, helvetica, sans-serif;\">Soldat 2. Klasse Regiment 3. Pionier.<\/span><\/p>\n<p><span style=\"font-family: arial, helvetica, sans-serif;\"><strong>POTTIER L\u00e9on Alexandre :<br \/>\n<\/strong><\/span><span style=\"font-family: arial, helvetica, sans-serif;\">Geboren am 15.12.1883 in Spa und gestorben am 08.12.1918 in Tienen.<br \/>\n<\/span><span style=\"font-family: arial, helvetica, sans-serif;\">Soldat 2<sup>\u00e8me<\/sup> Klasse Regiment 3<sup>\u00e8me<\/sup> Genie oder Regiment 15<sup>\u00e8me<\/sup> von Genie.<\/span><\/p>\n<p><span style=\"font-family: arial, helvetica, sans-serif;\"><strong>RAWAY Eugene Edmond Adam :<br \/>\n<\/strong><\/span><span style=\"font-family: arial, helvetica, sans-serif;\">Geboren am 20.11.1897 in Spa und gestorben am 28.9.1918 in Westrozebeke.<br \/>\n<\/span><span style=\"font-family: arial, helvetica, sans-serif;\">Soldat von 2<sup>\u00e8me<\/sup> Klasse Regiment 12<sup>\u00e8me<\/sup> von Linie.<\/span><\/p>\n<p><span style=\"font-family: arial, helvetica, sans-serif;\"><strong>THIMISTER Jean Joseph :<br \/>\n<\/strong><\/span><span style=\"font-family: arial, helvetica, sans-serif;\">Geboren am 02.04.1886 in Dison und gestorben am 05.06.1915 in Alveringem. s<\/span><br \/>\n<span style=\"font-family: arial, helvetica, sans-serif;\">Gefreiter Regiment 3<sup>\u00e8me<\/sup> von J\u00e4gern<br \/>\n<\/span><span style=\"font-family: arial, helvetica, sans-serif;\"><a href=\"https:\/\/bel-memorial.org\/photos_liege\/spa\/THIMISTER_Jean_Joseph_9658.htm\">https:\/\/bel-memorial.org\/photos_liege\/spa\/THIMISTER_Jean_Joseph_9658.htm<\/a><\/span><\/p>\n<p><span style=\"font-family: arial, helvetica, sans-serif;\"><strong>TROEGER Emile Fran\u00e7ois Joseph :<br \/>\n<\/strong><\/span><span style=\"font-family: arial, helvetica, sans-serif;\">Geboren am 28.11.1890 Reims (Frankreich) und gestorben am 16.9.1914 in La Vaux Marie (Frankreich).<br \/>\n<\/span><span style=\"font-family: arial, helvetica, sans-serif;\">Soldat von 2<sup>\u00e8me<\/sup> Klasse Regiment 106<sup>\u00e8me<\/sup> Infanterie.<br \/>\n<\/span><span style=\"font-family: arial, helvetica, sans-serif;\">F\u00fcr Frankreich gestorben.<br \/>\n<\/span><span style=\"font-family: arial, helvetica, sans-serif;\"><a href=\"https:\/\/bel-memorial.org\/photos_liege\/TROEGER_Emile_26253.htm\">https:\/\/bel-memorial.org\/photos_liege\/TROEGER_Emile_26253.htm<\/a><\/span><\/p>\n<p><span style=\"font-family: arial, helvetica, sans-serif;\"><strong>WARNOTTE Robert Charles :<br \/>\n<\/strong><\/span><span style=\"font-family: arial, helvetica, sans-serif;\">Geboren an einem unbekannten Datum in Theux und gestorben am 17.8.1914 in L\u00fcttich.<br \/>\n<\/span><span style=\"font-family: arial, helvetica, sans-serif;\">Brigadier der Artillerie.<br \/>\n<\/span><span style=\"font-family: arial, helvetica, sans-serif;\"><a href=\"http:\/\/www.bel-memorial.org\/photos\/WARNOTTE_Robert_18455.htm\">http:\/\/www.bel-memorial.org\/photos\/WARNOTTE_Robert_18455.htm<\/a><\/span><\/p>\n<p><span style=\"font-family: arial, helvetica, sans-serif;\"><strong>WILKIN Maurice :<br \/>\n<\/strong><\/span><span style=\"font-family: arial, helvetica, sans-serif;\">Geboren Ort und Datum unbekannt und gestorben Ort unbekannt.<br \/>\n<\/span><span style=\"font-family: arial, helvetica, sans-serif;\">Milit\u00e4r.<br \/>\n<\/span><span style=\"font-family: arial, helvetica, sans-serif;\"><a href=\"https:\/\/bel-memorial.org\/photos\/WILKIN_Maurice_26311.htm\">https:\/\/bel-memorial.org\/photos\/WILKIN_Maurice_26311.htm<\/a><\/span><\/p>\n<p><span style=\"font-family: arial, helvetica, sans-serif;\"><strong>WINTGENS Joseph :<br \/>\n<\/strong><\/span><span style=\"font-family: arial, helvetica, sans-serif;\">Geboren Ort und Datum unbekannt und gestorben Ort unbekannt.<br \/>\n<\/span><span style=\"font-family: arial, helvetica, sans-serif;\">Milit\u00e4r.<\/span><\/p>\n<p><span style=\"font-family: arial, helvetica, sans-serif;\"><strong>WISLET Henri Joseph :<br \/>\n<\/strong><\/span><span style=\"font-family: arial, helvetica, sans-serif;\">Geboren am 31.5.1884 in Spa und gestorben am 30.6.1919 in Spa.<\/span><br \/>\n<span style=\"font-family: arial, helvetica, sans-serif;\">Verbrachte 52 Monate in Gefangenschaft<br \/>\n<\/span><span style=\"font-family: arial, helvetica, sans-serif;\"><a href=\"https:\/\/bel-memorial.org\/photos\/WISLET_Henri_26256.htm\">https:\/\/bel-memorial.org\/photos\/WISLET_Henri_26256.htm<\/a><\/span><\/p>\n<p><span style=\"font-family: arial, helvetica, sans-serif;\"><strong>XHROUET Camille :<br \/>\n<\/strong><\/span><span style=\"font-family: arial, helvetica, sans-serif;\">Geboren Ort und Datum unbekannt und gestorben Ort unbekannt.<br \/>\n<\/span><span style=\"font-family: arial, helvetica, sans-serif;\">Ziviles Opfer.<\/span><span style=\"font-family: arial, helvetica, sans-serif;\"><a href=\"https:\/\/bel-memorial.org\/photos\/XHROUET_Armand_9680.htm\">https:\/\/bel-memorial.org\/photos\/XHROUET_Armand_9680.htm<\/a><\/span><\/p>\n<p><strong><span style=\"font-family: arial, helvetica, sans-serif;\">Quellen:<\/span><\/strong><br \/>\n<span style=\"font-family: arial, helvetica, sans-serif;\">https:\/\/bel-memorial.org\/cities\/liege\/spa\/spa_mom.htm<\/span><\/p>\n<p style=\"text-align: left;\"><strong><span style=\"font-family: arial, helvetica, sans-serif;\">Bildnachweis :<\/span><\/strong><br \/>\n<span style=\"font-family: arial, helvetica, sans-serif;\">Alle Rechte an dem Denkmal und der Gedenktafel vorbehalten<br \/>\n<\/span>\u00a9\u00a0<span style=\"font-family: arial, helvetica, sans-serif;\">Yves Heraly<br \/>\nPostkartenbild von :https:\/\/bel-memorial.org\/cities\/liege\/spa\/spa_mom.htm<br \/>\n<\/span><\/p>","protected":false},"excerpt":{"rendered":"<p>&nbsp; \u00a0 &nbsp; \u00a0 ALBERT Nicolas Joseph Marcel\u00a0: N\u00e9 le 11\/11\/1882 \u00e0 Spa et d\u00e9c\u00e9d\u00e9 le 24\/10\/1914 lieu inconnu. Soldat de 2\u00e8me Classe 14\u00e8me de Ligne ALBERT Victor Joseph Alphonse\u00a0: [&hellip;]<\/p>\n","protected":false},"author":2,"featured_media":8183,"comment_status":"closed","ping_status":"open","sticky":false,"template":"","format":"standard","meta":{"_et_pb_use_builder":"","_et_pb_old_content":"","_et_gb_content_width":"","footnotes":""},"categories":[93,78],"tags":[],"class_list":["post-8180","post","type-post","status-publish","format-standard","has-post-thumbnail","hentry","category-nos-pistes","category-recherche-14-18","et-has-post-format-content","et_post_format-et-post-format-standard"],"aioseo_notices":[],"_links":{"self":[{"href":"https:\/\/geniwal.be\/de\/wp-json\/wp\/v2\/posts\/8180","targetHints":{"allow":["GET"]}}],"collection":[{"href":"https:\/\/geniwal.be\/de\/wp-json\/wp\/v2\/posts"}],"about":[{"href":"https:\/\/geniwal.be\/de\/wp-json\/wp\/v2\/types\/post"}],"author":[{"embeddable":true,"href":"https:\/\/geniwal.be\/de\/wp-json\/wp\/v2\/users\/2"}],"replies":[{"embeddable":true,"href":"https:\/\/geniwal.be\/de\/wp-json\/wp\/v2\/comments?post=8180"}],"version-history":[{"count":0,"href":"https:\/\/geniwal.be\/de\/wp-json\/wp\/v2\/posts\/8180\/revisions"}],"wp:featuredmedia":[{"embeddable":true,"href":"https:\/\/geniwal.be\/de\/wp-json\/wp\/v2\/media\/8183"}],"wp:attachment":[{"href":"https:\/\/geniwal.be\/de\/wp-json\/wp\/v2\/media?parent=8180"}],"wp:term":[{"taxonomy":"category","embeddable":true,"href":"https:\/\/geniwal.be\/de\/wp-json\/wp\/v2\/categories?post=8180"},{"taxonomy":"post_tag","embeddable":true,"href":"https:\/\/geniwal.be\/de\/wp-json\/wp\/v2\/tags?post=8180"}],"curies":[{"name":"wp","href":"https:\/\/api.w.org\/{rel}","templated":true}]}}