{"id":8403,"date":"2022-03-15T10:38:08","date_gmt":"2022-03-15T09:38:08","guid":{"rendered":"https:\/\/geniwal.be\/?p=8403"},"modified":"2022-03-15T11:07:28","modified_gmt":"2022-03-15T10:07:28","slug":"abattucci-pierre-jean","status":"publish","type":"post","link":"https:\/\/geniwal.be\/de\/nos-pistes\/personnalites-belges\/abattucci-pierre-jean\/","title":{"rendered":"ABATTUCCI Pierre Jean"},"content":{"rendered":"<p style=\"text-align: left;\"><span style=\"font-family: arial, helvetica, sans-serif;\"><strong>ABATTUCCI Pierre Jean, <\/strong>belgischer Maler, der mit der neoimpressionistischen Bewegung in Verbindung gebracht wird, Lithograph wurde am 20. Mai 1871 in Molenbeek-Saint-Jean als Sohn von <strong>ABATTUCCI<\/strong> Jacques confiseur geboren in Asche 34 Jahre alt und von\u00a0 <strong>SENDERS<\/strong> Petronilla geboren in Luyks-Gistel (Niederlande), Alter: 28 Jahre alt verheiratet in Br\u00fcssel. Er heiratet in <strong>DE MESMAEKER<\/strong> Catherine Louise wurde 1885 geboren und starb 1956. Er starb am 20. Dezember 1942 in Ixelles, Belgien.<\/span><\/p>\n<p style=\"text-align: left;\"><span style=\"font-family: arial, helvetica, sans-serif;\">Er begann seine Ausbildung an der st\u00e4dtischen Kunstgewerbeschule und arbeitete mit <strong>STROOBANT<\/strong> Fran\u00e7ois, die \u00c9cole des arts d\u00e9coratifs der Stadt durch die Arbeit mit Fran\u00e7ois <strong>STROOBANT<\/strong>einer Institution, an der er sp\u00e4ter auch unterrichtete. Von 1892 bis 1897 zog er dann nach Br\u00fcssel, wo er die K\u00f6nigliche Akademie der Sch\u00f6nen K\u00fcnste besuchte und unter einem Kl\u00fcngel herausragender belgischer K\u00fcnstler studierte, zu denen Folgendes geh\u00f6rte\u00a0\u00a0<strong>STALLAERT Joseph <\/strong>,\u00a0\u00a0<strong>PORTA\u00cbLS Jean Fran\u00e7ois <\/strong> und\u00a0\u00a0<strong>VAN DER STAPPEN Charles <\/strong>.<strong> ABATTUCCI<\/strong>\u00a0war neben einem Maler auch ein Lithograf, und seine Reisen nach Italien dienten ihm w\u00e4hrend seiner gesamten Karriere als Inspiration. Der K\u00fcnstler starb am 20. Dezember 1942 in Ixelles, Belgien.<\/span><\/p>\n<p><span style=\"font-family: arial, helvetica, sans-serif;\"><img decoding=\"async\" class=\"alignleft wp-image-8404 size-full lazyload\" data-src=\"https:\/\/geniwal.be\/wp-content\/uploads\/2022\/03\/COURTRAI_MARIAGES_EC_1860_187.jpg\" alt=\"\" width=\"606\" height=\"467\" data-srcset=\"https:\/\/geniwal.be\/wp-content\/uploads\/2022\/03\/COURTRAI_MARIAGES_EC_1860_187.jpg 606w, https:\/\/geniwal.be\/wp-content\/uploads\/2022\/03\/COURTRAI_MARIAGES_EC_1860_187-450x347.jpg 450w, https:\/\/geniwal.be\/wp-content\/uploads\/2022\/03\/COURTRAI_MARIAGES_EC_1860_187-600x462.jpg 600w\" data-sizes=\"(max-width: 606px) 100vw, 606px\" src=\"data:image\/svg+xml;base64,PHN2ZyB3aWR0aD0iMSIgaGVpZ2h0PSIxIiB4bWxucz0iaHR0cDovL3d3dy53My5vcmcvMjAwMC9zdmciPjwvc3ZnPg==\" style=\"--smush-placeholder-width: 606px; --smush-placeholder-aspect-ratio: 606\/467;\" \/><\/span><\/p>\n<p>&nbsp;<\/p>\n<p>&nbsp;<\/p>\n<p>&nbsp;<\/p>\n<p>&nbsp;<\/p>\n<p>&nbsp;<\/p>\n<p>&nbsp;<\/p>\n<p>&nbsp;<\/p>\n<p>&nbsp;<\/p>\n<p>&nbsp;<\/p>\n<p>&nbsp;<\/p>\n<p>&nbsp;<\/p>\n<p style=\"text-align: left;\"><span style=\"font-family: arial, helvetica, sans-serif;\"><i>Blick auf die Umgebung von Sorrent<\/i><\/span><\/p>\n<p>&nbsp;<\/p>\n<p><img decoding=\"async\" class=\"alignleft wp-image-8405 size-full lazyload\" data-src=\"https:\/\/geniwal.be\/wp-content\/uploads\/2022\/03\/COURTRAI_MARIAGES_EC_1860_186.jpg\" alt=\"\" width=\"1186\" height=\"471\" data-srcset=\"https:\/\/geniwal.be\/wp-content\/uploads\/2022\/03\/COURTRAI_MARIAGES_EC_1860_186.jpg 1186w, https:\/\/geniwal.be\/wp-content\/uploads\/2022\/03\/COURTRAI_MARIAGES_EC_1860_186-450x179.jpg 450w, https:\/\/geniwal.be\/wp-content\/uploads\/2022\/03\/COURTRAI_MARIAGES_EC_1860_186-600x238.jpg 600w\" data-sizes=\"(max-width: 1186px) 100vw, 1186px\" src=\"data:image\/svg+xml;base64,PHN2ZyB3aWR0aD0iMSIgaGVpZ2h0PSIxIiB4bWxucz0iaHR0cDovL3d3dy53My5vcmcvMjAwMC9zdmciPjwvc3ZnPg==\" style=\"--smush-placeholder-width: 1186px; --smush-placeholder-aspect-ratio: 1186\/471;\" \/><\/p>\n<p>&nbsp;<\/p>\n<p>&nbsp;<\/p>\n<p>&nbsp;<\/p>\n<p>&nbsp;<\/p>\n<p>&nbsp;<\/p>\n<p>&nbsp;<\/p>\n<p>&nbsp;<\/p>\n<p>&nbsp;<\/p>\n<p>&nbsp;<\/p>\n<p>&nbsp;<\/p>\n<p>&nbsp;<\/p>\n<p>&nbsp;<\/p>\n<p style=\"text-align: left;\"><strong><span style=\"font-family: arial, helvetica, sans-serif;\">Quellen:<\/span><\/strong><\/p>\n<p style=\"text-align: left;\"><span style=\"font-family: arial, helvetica, sans-serif;\">http:\/\/www.artnet.com\/artists\/pierre-abattucci\/vue-des-environs-de-sorrente-xtYCu-ulWTT8kRRHW2D-Qw2<br \/>\n<\/span><span style=\"font-family: arial, helvetica, sans-serif;\">https:\/\/fr.wikipedia.org\/wiki\/Pierre_Abattucci<\/span><\/p>","protected":false},"excerpt":{"rendered":"<p>ABATTUCCI Pierre Jean, artiste peintre belge associ\u00e9 au mouvement\u00a0n\u00e9o-impressionniste, lithographe\u00a0est n\u00e9 le\u00a020 mai 1871 \u00e0 Molenbeek-Saint-Jean fils de ABATTUCCI Jacques confiseur n\u00e9 \u00e0 Asche \u00e2g\u00e9 de 34 ans et de\u00a0 [&hellip;]<\/p>\n","protected":false},"author":2,"featured_media":8405,"comment_status":"closed","ping_status":"open","sticky":false,"template":"","format":"standard","meta":{"_et_pb_use_builder":"","_et_pb_old_content":"","_et_gb_content_width":"","footnotes":""},"categories":[93,89],"tags":[],"class_list":["post-8403","post","type-post","status-publish","format-standard","has-post-thumbnail","hentry","category-nos-pistes","category-personnalites-belges","et-has-post-format-content","et_post_format-et-post-format-standard"],"aioseo_notices":[],"_links":{"self":[{"href":"https:\/\/geniwal.be\/de\/wp-json\/wp\/v2\/posts\/8403","targetHints":{"allow":["GET"]}}],"collection":[{"href":"https:\/\/geniwal.be\/de\/wp-json\/wp\/v2\/posts"}],"about":[{"href":"https:\/\/geniwal.be\/de\/wp-json\/wp\/v2\/types\/post"}],"author":[{"embeddable":true,"href":"https:\/\/geniwal.be\/de\/wp-json\/wp\/v2\/users\/2"}],"replies":[{"embeddable":true,"href":"https:\/\/geniwal.be\/de\/wp-json\/wp\/v2\/comments?post=8403"}],"version-history":[{"count":0,"href":"https:\/\/geniwal.be\/de\/wp-json\/wp\/v2\/posts\/8403\/revisions"}],"wp:featuredmedia":[{"embeddable":true,"href":"https:\/\/geniwal.be\/de\/wp-json\/wp\/v2\/media\/8405"}],"wp:attachment":[{"href":"https:\/\/geniwal.be\/de\/wp-json\/wp\/v2\/media?parent=8403"}],"wp:term":[{"taxonomy":"category","embeddable":true,"href":"https:\/\/geniwal.be\/de\/wp-json\/wp\/v2\/categories?post=8403"},{"taxonomy":"post_tag","embeddable":true,"href":"https:\/\/geniwal.be\/de\/wp-json\/wp\/v2\/tags?post=8403"}],"curies":[{"name":"wp","href":"https:\/\/api.w.org\/{rel}","templated":true}]}}