{"id":226779,"date":"2023-09-29T22:52:57","date_gmt":"2023-09-29T20:52:57","guid":{"rendered":"https:\/\/geniwal.be\/?p=226779"},"modified":"2023-09-29T22:52:57","modified_gmt":"2023-09-29T20:52:57","slug":"de-burlet-jules-philippe-marie-bourgmestre-de-nivelles-et-premier-ministre","status":"publish","type":"post","link":"https:\/\/geniwal.be\/en\/nos-pistes\/personnalites-belges\/de-burlet-jules-philippe-marie-bourgmestre-de-nivelles-et-premier-ministre\/","title":{"rendered":"DE BURLET Jules Philippe Marie Mayor of Nivelles and Prime Minister"},"content":{"rendered":"<p style=\"text-align: left;\"><span style=\"font-family: arial, helvetica, sans-serif; font-size: 14pt;\">Born in Ixelles on 10 April 1844, died at his home on Place Saint Paul in Nivelles on 01 March 1897. Son of <strong>VILLARD de BURLET<\/strong> Joseph Dieudonn\u00e9 and <strong>DUGNIOLLE<\/strong> Louis and Jeanne Julie Jos\u00e9phine.<br \/>\nWidower of <strong>VAN PUT<\/strong> Julia Marie Justine, husband of <strong>VERHAEGEN<\/strong> Eulalie Jos\u00e9phine Marie. He was the father of Pierre \u00c9mile L\u00e9on Charles <strong>de BURLET<\/strong>born on 27 July 1876<\/span><\/p>\n<p data-wp-editing=\"1\"><img decoding=\"async\" class=\"wp-image-226781 aligncenter lazyload\" data-src=\"https:\/\/geniwal.be\/wp-content\/uploads\/2023\/09\/DE-BURLET-JULES-NAISSANCES-1024x626-1-300x183.jpg\" alt=\"\" width=\"698\" height=\"426\" data-srcset=\"https:\/\/geniwal.be\/wp-content\/uploads\/2023\/09\/DE-BURLET-JULES-NAISSANCES-1024x626-1-300x183.jpg 300w, https:\/\/geniwal.be\/wp-content\/uploads\/2023\/09\/DE-BURLET-JULES-NAISSANCES-1024x626-1-768x470.jpg 768w, https:\/\/geniwal.be\/wp-content\/uploads\/2023\/09\/DE-BURLET-JULES-NAISSANCES-1024x626-1-18x12.jpg 18w, https:\/\/geniwal.be\/wp-content\/uploads\/2023\/09\/DE-BURLET-JULES-NAISSANCES-1024x626-1-600x367.jpg 600w, https:\/\/geniwal.be\/wp-content\/uploads\/2023\/09\/DE-BURLET-JULES-NAISSANCES-1024x626-1-98x60.jpg 98w, https:\/\/geniwal.be\/wp-content\/uploads\/2023\/09\/DE-BURLET-JULES-NAISSANCES-1024x626-1-147x90.jpg 147w, https:\/\/geniwal.be\/wp-content\/uploads\/2023\/09\/DE-BURLET-JULES-NAISSANCES-1024x626-1.jpg 1024w\" data-sizes=\"(max-width: 698px) 100vw, 698px\" src=\"data:image\/svg+xml;base64,PHN2ZyB3aWR0aD0iMSIgaGVpZ2h0PSIxIiB4bWxucz0iaHR0cDovL3d3dy53My5vcmcvMjAwMC9zdmciPjwvc3ZnPg==\" style=\"--smush-placeholder-width: 698px; --smush-placeholder-aspect-ratio: 698\/426;\" \/><\/p>\n<p>&nbsp;<\/p>\n<p><img decoding=\"async\" class=\"wp-image-226780 aligncenter lazyload\" data-src=\"https:\/\/geniwal.be\/wp-content\/uploads\/2023\/09\/ACTE-DE-DECES-DE-BURLET-JULES-1-300x201.jpg\" alt=\"\" width=\"710\" height=\"476\" data-srcset=\"https:\/\/geniwal.be\/wp-content\/uploads\/2023\/09\/ACTE-DE-DECES-DE-BURLET-JULES-1-300x201.jpg 300w, https:\/\/geniwal.be\/wp-content\/uploads\/2023\/09\/ACTE-DE-DECES-DE-BURLET-JULES-1-768x515.jpg 768w, https:\/\/geniwal.be\/wp-content\/uploads\/2023\/09\/ACTE-DE-DECES-DE-BURLET-JULES-1-18x12.jpg 18w, https:\/\/geniwal.be\/wp-content\/uploads\/2023\/09\/ACTE-DE-DECES-DE-BURLET-JULES-1-600x402.jpg 600w, https:\/\/geniwal.be\/wp-content\/uploads\/2023\/09\/ACTE-DE-DECES-DE-BURLET-JULES-1-89x60.jpg 89w, https:\/\/geniwal.be\/wp-content\/uploads\/2023\/09\/ACTE-DE-DECES-DE-BURLET-JULES-1-134x90.jpg 134w, https:\/\/geniwal.be\/wp-content\/uploads\/2023\/09\/ACTE-DE-DECES-DE-BURLET-JULES-1.jpg 896w\" data-sizes=\"(max-width: 710px) 100vw, 710px\" src=\"data:image\/svg+xml;base64,PHN2ZyB3aWR0aD0iMSIgaGVpZ2h0PSIxIiB4bWxucz0iaHR0cDovL3d3dy53My5vcmcvMjAwMC9zdmciPjwvc3ZnPg==\" style=\"--smush-placeholder-width: 710px; --smush-placeholder-aspect-ratio: 710\/476;\" \/><\/p>\n<p>&nbsp;<\/p>\n<p style=\"text-align: left;\"><span style=\"font-family: arial, helvetica, sans-serif; font-size: 14pt;\">A Belgian Catholic politician, he began his political career at the age of 21. A doctor of law, he has<\/span><span style=\"font-family: arial, helvetica, sans-serif; font-size: 14pt;\">fter studying law and being appointed Doctor of Law at the Catholic University of Louvain in 1866, Jules de BURLET became a lawyer in Nivelles (1866-1872), then a deputy judge at the Court of 1st Instance in Nivelles (1872-1892). Elected to the town council in 1871, he was the only representative of the Catholic party and was chosen by the King \"to preside over the destiny of the town of Nivelles (1 July 1872)\" until 1891.<\/span><span style=\"font-family: arial, helvetica, sans-serif; font-size: 14pt;\">A member of the Catholic Party, he represented Nivelles in the Belgian House of Representatives from 1884. He was \"Minister of the Interior and Fine Arts\" in 1891. He was not in favour of universal suffrage, and his attitude led to the general strike of April 1893 in favour of universal suffrage.<br \/>\n<\/span><span style=\"font-family: arial, helvetica, sans-serif; font-size: 14pt;\">Minister of State in 1896. Envoy Extraordinary and Minister Plenipotentiary of His Majesty the King of the Belgians Leopold 2 to His Majesty the King of Portugal and the Algarves, lawyer, former Mayor of the town of Nivelles, former Minister of the Interior and Public Education, former Minister of Foreign Affairs, former member of the Chamber of Representatives and the Senate, Grand Officer of the Order of Leopold, Grand Cordon of the Orders of the Legion of Honour, of Saint Michael, of the Polar Star, of the Star of Romania, of Our Lady of the Conception of Villa Vicosa of Civil Merit of Bulgaria, Commander of the Order of Saint Gregory the Great, decorated with the Cross pro Ecclesia et Pontifice, domiciled in Nivelles. owner<\/span><\/p>\n<p style=\"text-align: left;\"><span style=\"font-family: arial, helvetica, sans-serif; font-size: 14pt;\">In 1894, he was elected senator and later became Prime Minister of Belgium.<\/span><\/p>\n<p style=\"text-align: left;\"><span style=\"font-family: arial, helvetica, sans-serif; font-size: 14pt;\">After leaving office in 1896 and resigning on 21 February 1896 following a stroke on 19 December 1895, he was appointed Minister of State and served as Ambassador to Portugal from 1896 until his death in 1897.<\/span><\/p>\n<p style=\"text-align: left;\"><span style=\"font-family: arial, helvetica, sans-serif;\"><strong>Sources :<\/strong><\/span><br \/>\n<span style=\"font-family: arial, helvetica, sans-serif;\">Le nouveau dictionnaire des belges, edited by Thierry Den\u00f6el, published by Le Cri, 1993, page 169\u00a0<\/span><br \/>\n<span style=\"font-family: arial, helvetica, sans-serif;\">https:\/\/fr.wikipedia.org\/wiki\/Jules_de_Burlet<\/span><br \/>\n<span style=\"font-family: arial, helvetica, sans-serif;\">L'avenir Brabant Wallon of Monday 7 August 2023, page 12<\/span><\/p>\n<p style=\"text-align: left;\"><span style=\"font-family: arial, helvetica, sans-serif;\"><strong>Photo credit :<\/strong><\/span><br \/>\n<span style=\"font-family: arial, helvetica, sans-serif;\">https:\/\/fr.wikipedia.org\/wiki\/Jules_de_Burlet#\/media\/Fichier:Jules_de_burlet.jpg<\/span><\/p>","protected":false},"excerpt":{"rendered":"<p>N\u00e9 \u00e0 Ixelles le 10 avril 1844 est d\u00e9c\u00e9d\u00e9 en sa demeure Place Saint Paul le 01 mars 1897 \u00e0 Nivelles. Fils de VILLARD de BURLET Joseph Dieudonn\u00e9 et de [&hellip;]<\/p>\n","protected":false},"author":1,"featured_media":226782,"comment_status":"closed","ping_status":"open","sticky":false,"template":"","format":"standard","meta":{"_et_pb_use_builder":"","_et_pb_old_content":"","_et_gb_content_width":"","footnotes":""},"categories":[93,89],"tags":[],"class_list":["post-226779","post","type-post","status-publish","format-standard","has-post-thumbnail","hentry","category-nos-pistes","category-personnalites-belges","et-has-post-format-content","et_post_format-et-post-format-standard"],"aioseo_notices":[],"_links":{"self":[{"href":"https:\/\/geniwal.be\/en\/wp-json\/wp\/v2\/posts\/226779","targetHints":{"allow":["GET"]}}],"collection":[{"href":"https:\/\/geniwal.be\/en\/wp-json\/wp\/v2\/posts"}],"about":[{"href":"https:\/\/geniwal.be\/en\/wp-json\/wp\/v2\/types\/post"}],"author":[{"embeddable":true,"href":"https:\/\/geniwal.be\/en\/wp-json\/wp\/v2\/users\/1"}],"replies":[{"embeddable":true,"href":"https:\/\/geniwal.be\/en\/wp-json\/wp\/v2\/comments?post=226779"}],"version-history":[{"count":1,"href":"https:\/\/geniwal.be\/en\/wp-json\/wp\/v2\/posts\/226779\/revisions"}],"predecessor-version":[{"id":226783,"href":"https:\/\/geniwal.be\/en\/wp-json\/wp\/v2\/posts\/226779\/revisions\/226783"}],"wp:featuredmedia":[{"embeddable":true,"href":"https:\/\/geniwal.be\/en\/wp-json\/wp\/v2\/media\/226782"}],"wp:attachment":[{"href":"https:\/\/geniwal.be\/en\/wp-json\/wp\/v2\/media?parent=226779"}],"wp:term":[{"taxonomy":"category","embeddable":true,"href":"https:\/\/geniwal.be\/en\/wp-json\/wp\/v2\/categories?post=226779"},{"taxonomy":"post_tag","embeddable":true,"href":"https:\/\/geniwal.be\/en\/wp-json\/wp\/v2\/tags?post=226779"}],"curies":[{"name":"wp","href":"https:\/\/api.w.org\/{rel}","templated":true}]}}