{"id":226785,"date":"2023-09-29T22:57:35","date_gmt":"2023-09-29T20:57:35","guid":{"rendered":"https:\/\/geniwal.be\/?p=226785"},"modified":"2023-09-29T22:58:26","modified_gmt":"2023-09-29T20:58:26","slug":"goblet-dalviella-albert-joseph-comte-general-et-homme-detat-belge","status":"publish","type":"post","link":"https:\/\/geniwal.be\/en\/nos-pistes\/personnalites-belges\/goblet-dalviella-albert-joseph-comte-general-et-homme-detat-belge\/","title":{"rendered":"GOBLET d'ALVIELLA Albert Joseph Belgian Count General and Statesman"},"content":{"rendered":"<div class=\"mceTemp\"><\/div>\n<p>&nbsp;<\/p>\n<p style=\"text-align: left;\"><span style=\"font-size: 14pt; font-family: arial, helvetica, sans-serif;\">Born in Tournai on 26\/05\/1790 and died in Brussels on 05\/05\/1873, he was buried on Thursday 8 May 1873 in the Court-Saint-\u00c9tienne cemetery. His funeral was held at the <a href=\"https:\/\/fr.wikipedia.org\/wiki\/Cath%C3%A9drale_Saints-Michel-et-Gudule_de_Bruxelles\">Saints-Michel-et-Gudule cathedral, Brussels<\/a>\u00a0on 20 May 1873 and the<a href=\"https:\/\/fr.wikipedia.org\/wiki\/%C3%89glise_Saint-%C3%89tienne_de_Court-Saint-%C3%89tienne\">Saint-\u00c9tienne church in Court-Saint-\u00c9tienne<\/a>\u00a0on 21 May 1873. Albert Goblet's mortal remains were moved fourteen years after his death to the crypt of the\u00a0<a href=\"https:\/\/fr.wikipedia.org\/wiki\/Mausol%C3%A9e_Goblet_d%27Alviella\">mausoleum<\/a>\u00a0designed by Eug\u00e8ne Goblet, his grandson, and built between 1885 and 1887 at the\u00a0<a href=\"https:\/\/fr.wikipedia.org\/wiki\/Cimeti%C3%A8re_de_Court-Saint-%C3%89tienne\">Court-Saint-\u00c9tienne cemetery<\/a>. Son of <strong>GOBLET<\/strong> Fran\u00e7ois Magloire Joseph, magistrate and member of the town council, and Michelle <strong>DELMARLE<\/strong> Marie. On 14 January 1814, he married Marie Anne Ad\u00e9la\u00efde DAMIEN (x - 1863). The couple had at least one son, Louis Fran\u00e7ois Magloire (1823-1867), and the grandfather of the<a href=\"https:\/\/fr.wikipedia.org\/wiki\/ULB\">ULB<\/a>\u00a0and politician\u00a0<a href=\"https:\/\/fr.wikipedia.org\/wiki\/Eug%C3%A8ne_Goblet_d%27Alviella\"><strong>GOBLET d'ALVIELLA<\/strong><\/a> Eug\u00e8ne (1846-1925).<\/span><\/p>\n<p style=\"text-align: left;\"><strong><span style=\"font-size: 14pt; font-family: arial, helvetica, sans-serif;\">Biography :<\/span><\/strong><\/p>\n<p style=\"text-align: left;\"><span style=\"font-size: 14pt; font-family: arial, helvetica, sans-serif;\">In 1802 he entered the Prytan\u00e9e militaire de Saint-Cyr, a military teaching school, and in 1807 he won the imperial prize for mathematics in the general competitive examination. He then went on to the polytechnic school, graduating in 1811 as an engineering officer in the service of France. As the only remaining engineer officer, he was chosen to take details of the siege and capitulation to Paris, was appointed captain and awarded the Cross of Honour. <\/span><span style=\"font-size: 14pt; font-family: arial, helvetica, sans-serif;\">Returning to the service of his country in February 1815, he fought at Quatre-Bras and Waterloo, and was awarded the Order of William (4th class).\u00a0<\/span><span style=\"font-size: 14pt; font-family: arial, helvetica, sans-serif;\">Thanks to his background, he was commissioned to design and build the fortress of Nieuport. He supervised the work for seven years, was appointed 3rd class knight (officer) of the Order of William, and accompanied the Prince of Orange to Russia. Alexander decorated him with the Cross of St Anne.\u00a0<\/span><span style=\"font-size: 14pt; font-family: arial, helvetica, sans-serif;\">On his return, he was in charge of rebuilding the Menin fortress. Appointed colonel of the engineers and director general of this corps on 15 October 1830, he was promoted to the rank of brigadier general in 1831, and served as minister of war under the Regent.\u00a0<\/span><span style=\"font-size: 14pt; font-family: arial, helvetica, sans-serif;\">In August 1831, the city of Tournai sent him to the House of Representatives, and a few days later he was appointed Inspector General of Fortifications and Engineering.\u00a0<\/span><span style=\"font-size: 14pt; font-family: arial, helvetica, sans-serif;\">On 14 December 1831, General Goblet signed a treaty in London with the ministers of Austria, England, Prussia and Russia, agreeing to the demolition of Menin, Ath, Mons, Philippeville and Marienbourg.\u00a0<\/span><span style=\"font-size: 14pt; font-family: arial, helvetica, sans-serif;\">As a Member of Parliament, he voted for the adoption of the 24 articles. He was successively Plenipotentiary to the London Conference, Minister of State, Acting Minister for Foreign Affairs, Commander of the Legion of Honour and Knight of the Order of Leopold, Ambassador to Berlin, etc.\u00a0<\/span><span style=\"font-size: 14pt; font-family: arial, helvetica, sans-serif;\">His work on the general system of defence on the northern frontier, from the Scheldt to the Meuse, earned him the rank of lieutenant-general in 1835.\u00a0<\/span><span style=\"font-size: 14pt; font-family: arial, helvetica, sans-serif;\">Elected deputy in 1836 by the city of Brussels, he gave up his legislative functions to go to Portugal as minister plenipotentiary. He was appointed Count of ALVIELLA, and the King of the Belgians, in ratifying this appointment, made the title hereditary to all his male descendants.\u00a0<\/span><span style=\"font-size: 14pt; font-family: arial, helvetica, sans-serif;\">In 1850, he made a number of purchases to extend the estate adjoining the Ch\u00e2teau de Court-Saint-\u00c9tienne, which he had obtained in 1844 through the marriage of his son Louis to the Countess of Court-Saint-\u00c9tienne. <strong>d'AUXY<\/strong> de Neuville, (family <strong>d'AUXY<\/strong>). His bust can be found in Court-Saint-Etienne.<\/span><\/p>\n<p style=\"text-align: left;\"><span style=\"font-family: arial, helvetica, sans-serif; font-size: 14pt;\"><strong>Sources :<\/strong><br \/>\n<\/span><span style=\"font-size: 14pt; font-family: arial, helvetica, sans-serif;\"><a href=\"https:\/\/fr.wikisource.org\/wiki\/Biographie_des_c%C3%A9l%C3%A9brit%C3%A9s_militaires_des_arm%C3%A9es_de_terre_et_de_mer_de_1789_%C3%A0_1850\/G\">https:\/\/fr.wikisource.org\/wiki\/Biographie_des_c%C3%A9l%C3%A9brit%C3%A9s_militaires_des_arm%C3%A9es_de_terre_et_de_mer_de_1789_%C3%A0_1850\/G<\/a><br \/>\n<\/span><\/p>\n<p style=\"text-align: left;\"><span style=\"font-size: 14pt; font-family: arial, helvetica, sans-serif;\"><strong>Photo credit :<\/strong><br \/>\n<a href=\"https:\/\/fr.wikipedia.org\/wiki\/Albert_Goblet_d%27Alviella#\/media\/Fichier:Albert_Goblet.png\">https:\/\/fr.wikipedia.org\/wiki\/Albert_Goblet_d%27Alviella#\/media\/Fichier:Albert_Goblet.png<\/a><\/span><\/p>\n<p>&nbsp;<\/p>","protected":false},"excerpt":{"rendered":"<p>&nbsp; N\u00e9 \u00e0 Tournai le 26\/05\/1790 et d\u00e9c\u00e9d\u00e9 \u00e0 Bruxelles le 05\/05\/1873 il est inhum\u00e9 le jeudi 8 mai 1873 au cimeti\u00e8re de Court-Saint-\u00c9tienne. Ses fun\u00e9railles ont \u00e9t\u00e9 c\u00e9l\u00e9br\u00e9es \u00e0 [&hellip;]<\/p>\n","protected":false},"author":1,"featured_media":226786,"comment_status":"closed","ping_status":"open","sticky":false,"template":"","format":"standard","meta":{"_et_pb_use_builder":"","_et_pb_old_content":"","_et_gb_content_width":"","footnotes":""},"categories":[93,89],"tags":[],"class_list":["post-226785","post","type-post","status-publish","format-standard","has-post-thumbnail","hentry","category-nos-pistes","category-personnalites-belges","et-has-post-format-content","et_post_format-et-post-format-standard"],"aioseo_notices":[],"_links":{"self":[{"href":"https:\/\/geniwal.be\/en\/wp-json\/wp\/v2\/posts\/226785","targetHints":{"allow":["GET"]}}],"collection":[{"href":"https:\/\/geniwal.be\/en\/wp-json\/wp\/v2\/posts"}],"about":[{"href":"https:\/\/geniwal.be\/en\/wp-json\/wp\/v2\/types\/post"}],"author":[{"embeddable":true,"href":"https:\/\/geniwal.be\/en\/wp-json\/wp\/v2\/users\/1"}],"replies":[{"embeddable":true,"href":"https:\/\/geniwal.be\/en\/wp-json\/wp\/v2\/comments?post=226785"}],"version-history":[{"count":1,"href":"https:\/\/geniwal.be\/en\/wp-json\/wp\/v2\/posts\/226785\/revisions"}],"predecessor-version":[{"id":226787,"href":"https:\/\/geniwal.be\/en\/wp-json\/wp\/v2\/posts\/226785\/revisions\/226787"}],"wp:featuredmedia":[{"embeddable":true,"href":"https:\/\/geniwal.be\/en\/wp-json\/wp\/v2\/media\/226786"}],"wp:attachment":[{"href":"https:\/\/geniwal.be\/en\/wp-json\/wp\/v2\/media?parent=226785"}],"wp:term":[{"taxonomy":"category","embeddable":true,"href":"https:\/\/geniwal.be\/en\/wp-json\/wp\/v2\/categories?post=226785"},{"taxonomy":"post_tag","embeddable":true,"href":"https:\/\/geniwal.be\/en\/wp-json\/wp\/v2\/tags?post=226785"}],"curies":[{"name":"wp","href":"https:\/\/api.w.org\/{rel}","templated":true}]}}