{"id":226788,"date":"2023-09-29T23:11:52","date_gmt":"2023-09-29T21:11:52","guid":{"rendered":"https:\/\/geniwal.be\/?p=226788"},"modified":"2023-09-29T23:11:52","modified_gmt":"2023-09-29T21:11:52","slug":"de-lalieux-de-la-rocq-emile-marie-rene-homme-politique-belge-bourgmestre-de-nivelles","status":"publish","type":"post","link":"https:\/\/geniwal.be\/en\/nos-pistes\/personnalites-belges\/de-lalieux-de-la-rocq-emile-marie-rene-homme-politique-belge-bourgmestre-de-nivelles\/","title":{"rendered":"de LALIEUX de la ROCQ Emile Marie Ren\u00e9 Belgian politician, mayor of Nivelles."},"content":{"rendered":"<div class=\"mceTemp\"><\/div>\n<p>&nbsp;<\/p>\n<div id=\"attachment_8758\" style=\"width: 618px\" class=\"wp-caption alignleft\"><img decoding=\"async\" aria-describedby=\"caption-attachment-8758\" class=\"wp-image-8758 lazyload\" data-src=\"https:\/\/geniwal.be\/wp-content\/uploads\/2023\/08\/LE-LALIEUX_NAISSANCES002.jpg\" alt=\"\" width=\"608\" height=\"318\" src=\"data:image\/svg+xml;base64,PHN2ZyB3aWR0aD0iMSIgaGVpZ2h0PSIxIiB4bWxucz0iaHR0cDovL3d3dy53My5vcmcvMjAwMC9zdmciPjwvc3ZnPg==\" style=\"--smush-placeholder-width: 608px; --smush-placeholder-aspect-ratio: 608\/318;\" \/><p id=\"caption-attachment-8758\" class=\"wp-caption-text\">Birth certificates of de LALIEUX de la ROCQ<\/p><\/div>\n<div id=\"attachment_8759\" style=\"width: 310px\" class=\"wp-caption alignleft\"><img decoding=\"async\" aria-describedby=\"caption-attachment-8759\" class=\"wp-image-8759 lazyload\" data-src=\"https:\/\/geniwal.be\/wp-content\/uploads\/2023\/08\/DE_LALIEUX_DE_LA_ROCQ_Emile_7642_et_Louis_57061_05.jpg\" alt=\"\" width=\"300\" height=\"471\" src=\"data:image\/svg+xml;base64,PHN2ZyB3aWR0aD0iMSIgaGVpZ2h0PSIxIiB4bWxucz0iaHR0cDovL3d3dy53My5vcmcvMjAwMC9zdmciPjwvc3ZnPg==\" style=\"--smush-placeholder-width: 300px; --smush-placeholder-aspect-ratio: 300\/471;\" \/><p id=\"caption-attachment-8759\" class=\"wp-caption-text\">Pious pictures by de LALIEUX de la ROCQ<\/p><\/div>\n<div id=\"attachment_8760\" style=\"width: 526px\" class=\"wp-caption alignleft\"><img decoding=\"async\" aria-describedby=\"caption-attachment-8760\" class=\"wp-image-8760 lazyload\" data-src=\"https:\/\/geniwal.be\/wp-content\/uploads\/2023\/08\/LE-LALIEUX_NAISSANCES003-300x191.jpg\" alt=\"\" width=\"516\" height=\"329\" src=\"data:image\/svg+xml;base64,PHN2ZyB3aWR0aD0iMSIgaGVpZ2h0PSIxIiB4bWxucz0iaHR0cDovL3d3dy53My5vcmcvMjAwMC9zdmciPjwvc3ZnPg==\" style=\"--smush-placeholder-width: 516px; --smush-placeholder-aspect-ratio: 516\/329;\" \/><p id=\"caption-attachment-8760\" class=\"wp-caption-text\">Mortuary of the burgomaster of LALIEUX de la ROCQ in the Nivelles town hall<\/p><\/div>\n<p>&nbsp;<\/p>\n<p>&nbsp;<\/p>\n<p>&nbsp;<\/p>\n<p>&nbsp;<\/p>\n<p>&nbsp;<\/p>\n<p>&nbsp;<\/p>\n<p>&nbsp;<\/p>\n<p>&nbsp;<\/p>\n<p>&nbsp;<\/p>\n<p>&nbsp;<\/p>\n<p>&nbsp;<\/p>\n<p>&nbsp;<\/p>\n<div id=\"attachment_8765\" style=\"width: 610px\" class=\"wp-caption aligncenter\"><img decoding=\"async\" aria-describedby=\"caption-attachment-8765\" class=\"wp-image-8765 lazyload\" data-src=\"https:\/\/geniwal.be\/wp-content\/uploads\/2023\/08\/vd-3-lausanne-ouchy-mit-genfersee-und-panorama-ca-1915.jpg\" alt=\"\" width=\"600\" height=\"387\" src=\"data:image\/svg+xml;base64,PHN2ZyB3aWR0aD0iMSIgaGVpZ2h0PSIxIiB4bWxucz0iaHR0cDovL3d3dy53My5vcmcvMjAwMC9zdmciPjwvc3ZnPg==\" style=\"--smush-placeholder-width: 600px; --smush-placeholder-aspect-ratio: 600\/387;\" \/><p id=\"caption-attachment-8765\" class=\"wp-caption-text\">Ouchy place of death of LALIEUX de la ROCQ<\/p><\/div>\n<p>&nbsp;<\/p>\n<p style=\"text-align: left;\"><span style=\"font-size: 14pt;\"><span style=\"font-family: arial, helvetica, sans-serif;\">Born in Nivelles on 25\/11\/1862 and died in Ouchy-Lausanne, Switzerland on 07\/09\/1918, aged 55. Son of Ren\u00e9 Adolphe <\/span><strong style=\"font-family: arial, helvetica, sans-serif;\">de LALIEUX<\/strong><span style=\"font-family: arial, helvetica, sans-serif;\"> born on 1<\/span><sup style=\"font-family: arial, helvetica, sans-serif;\">er<\/sup><span style=\"font-family: arial, helvetica, sans-serif;\"> November 1822 in Feluy, Seneffe died on 23\/03\/ 1905 in Nivelles and <\/span><strong style=\"font-family: arial, helvetica, sans-serif;\">de le HOYE<\/strong><span style=\"font-family: arial, helvetica, sans-serif;\"> Julie Marie Jeanne born 11\/10\/1822 at Nivelles and died 20\/02\/1865 at Nivelles from this union were born four children: <\/span><strong style=\"font-family: arial, helvetica, sans-serif;\">de LALIEUX<\/strong><span style=\"font-family: arial, helvetica, sans-serif;\"> Marie, <\/span><strong style=\"font-family: arial, helvetica, sans-serif;\">de LALIEUX<\/strong><span style=\"font-family: arial, helvetica, sans-serif;\"> L\u00e9ontine, <\/span><strong style=\"font-family: arial, helvetica, sans-serif;\">de LALIEUX<\/strong><span style=\"font-family: arial, helvetica, sans-serif;\"> Marie, <\/span><strong style=\"font-family: arial, helvetica, sans-serif;\">de LALIEUX<\/strong><span style=\"font-family: arial, helvetica, sans-serif;\"> Emile Marie Ren\u00e9.\u00a0<\/span><\/span><span style=\"font-family: arial, helvetica, sans-serif; font-size: 14pt;\">Emile Marie Ren\u00e9 married 03\/06\/1890 at Verviers <strong>SIMONIS<\/strong> Maria Euphrosine Amande Jos\u00e9phine born 16\/05\/1866 in Verviers, died 14\/04\/1945 in Nivelles.<\/span><\/p>\n<p style=\"text-align: left;\"><span style=\"font-family: arial, helvetica, sans-serif; font-size: 14pt;\">This union produced 3 children.<br \/>\n<\/span><br \/>\n<span style=\"font-family: arial, helvetica, sans-serif; font-size: 14pt;\">Berthe Euphrosine Ren\u00e9e <strong>LALIEUX de la ROCQ<\/strong>born in Nivelles on 08\/06\/1891 and died in Brussels (capital) on 01\/04\/1980. Buried in Nivelles on 16\/04\/1980.<br \/>\n<\/span><br \/>\n<span style=\"font-family: arial, helvetica, sans-serif; font-size: 14pt;\">Louis de <strong>LALIEUX de la ROCQ, <\/strong>Born in Verviers on 16\/01\/1894, he was mortally wounded on 14\/09\/1917 at Calais (France) aged just 23.<\/span><\/p>\n<p style=\"text-align: left;\"><span style=\"font-family: arial, helvetica, sans-serif; font-size: 14pt;\">Ren\u00e9 de <strong>LALIEUX de la ROCQ, <\/strong>born in Nivelles on 16\/08\/1895 and died on 28\/11\/1896 in Cologne (Germany).<\/span><\/p>\n<p style=\"text-align: left;\"><span style=\"font-family: arial, helvetica, sans-serif; font-size: 14pt;\"><strong>N.B.<\/strong><\/span><\/p>\n<p style=\"text-align: left;\"><span style=\"font-family: arial, helvetica, sans-serif; font-size: 14pt;\">By judgment of the Court of 1<sup>era<\/sup> de Nivelles, 1<sup>era<\/sup> Chambre enregistr\u00e9 sur exp\u00e9dition rendu le 15 juillet 1912, transcrit sur les registres de l'\u00e9tat civil des naissances de la ville de Nivelles le 29 juillet 1912 sous le num\u00e9ro 123. The birth certificate has been rectified in that the name LALIEUX will be joined to \"de la ROCQ\". Nivelles 30th July 1912. The alderman civil registrar P de BRULET. Nivelles, 06 August 1912. The Registrar<\/span><\/p>\n<p style=\"text-align: left;\"><span style=\"font-size: 14pt;\"><strong><span style=\"font-family: arial, helvetica, sans-serif;\">Biography :<\/span><\/strong><\/span><\/p>\n<p style=\"text-align: left;\"><span style=\"font-family: arial, helvetica, sans-serif; font-size: 14pt;\">With a doctorate in law from the Catholic University of Louvain and landed gentry, he was one of the pioneers of Christian democracy in Walloon Brabant. <\/span><br \/>\n<span style=\"font-family: arial, helvetica, sans-serif; font-size: 14pt;\">He devoted his youth to the working class, where he contributed to the improvement of the working class both politically and socially. In 1889, he was president of the Jeune garde catholique and of the Ligue des Capacitaires de Nivelles, which he founded in the Nivelles district. He was particularly in favour of universal suffrage, tempered by plural voting. That same year, Pope Leo XIII encouraged social Catholicism. He set up the Democratic League in the province of Brabant.<\/span><br \/>\n<span style=\"font-size: 14pt;\"><span style=\"font-family: arial, helvetica, sans-serif;\">He was elected to the Nivelles Municipal Council on 19 October 1890, then alderman on 06 April 1891. Following the introduction of universal plural suffrage, he became deputy for Nivelles in the House of Representatives in 1896, where he served until 1900. In 1908 he replaced <strong>J. BRABANT<\/strong> deceased. He was not re-elected in 1910. The following year, following the resignation of <strong>G. SNOY<\/strong> he becomes a Member of Parliament again by taking up his seat. <\/span><span style=\"font-family: arial, helvetica, sans-serif;\">His term of office ended during the Great War. In 1905, the King appointed him Mayor of Nivelles (cit\u00e9 des Aclots).<br \/>\nDuring the First World War, the town of Nivelles was not affected by the massacres of the German invasion, but was subjected to the conditions of occupation imposed by the occupying forces. He became involved in his moral mission. In April 1915, he was arrested for helping to distribute relief supplies to railway workers who refused to work for the occupying forces. He refused to provide a list of the \"unemployed\" in his town. He was imprisoned for four months in Nivelles and then deported to Germany, where he contracted a long and painful illness. The Germans considered him to be seriously ill and \"undesirable\". Thanks to the intervention of the Red Cross, he was transferred to Switzerland, where he never returned from exile. His mortal remains were not brought back to Nivelles until Saturday 24 April 1920, the day of the official religious ceremony. His body was then transported to the family vault in Feluy before being transferred to Nivelles, where it remains to this day.<\/span><\/span><\/p>\n<p style=\"text-align: left;\"><span style=\"font-size: 14pt;\"><strong><span style=\"font-family: arial, helvetica, sans-serif;\">Sources :<\/span><\/strong><\/span><\/p>\n<p style=\"text-align: left;\"><span style=\"font-family: arial, helvetica, sans-serif; font-size: 14pt;\"><a href=\"https:\/\/fr.wikipedia.org\/wiki\/%C3%89mile_de_Lalieux_de_La_Rocq\">https:\/\/fr.wikipedia.org\/wiki\/%C3%89mile_de_Lalieux_de_La_Rocq<\/a><\/span><br \/>\n<span style=\"font-family: arial, helvetica, sans-serif; font-size: 14pt;\"><a href=\"https:\/\/connaitrelawallonie.wallonie.be\/fr\/wallons-marquants\/dictionnaire\/de-lalieux-de-la-rocq-emile\">https:\/\/connaitrelawallonie.wallonie.be\/fr\/wallons-marquants\/dictionnaire\/de-lalieux-de-la-rocq-emile<\/a><\/span><br \/>\n<span style=\"font-family: arial, helvetica, sans-serif; font-size: 14pt;\"><a href=\"https:\/\/monvieuxnivelles.jimdofree.com\/ev%C3%A9nements\/les-fun%C3%A9railles-d-emile-de-lalieux\/\">https:\/\/monvieuxnivelles.jimdofree.com\/ev%C3%A9nements\/les-fun%C3%A9railles-d-emile-de-lalieux\/<\/a><\/span><\/p>\n<p style=\"text-align: left;\"><span style=\"font-size: 14pt;\"><strong><span style=\"font-family: arial, helvetica, sans-serif;\">Iconographic credit :<br \/>\n<\/span><\/strong><a href=\"https:\/\/monvieuxnivelles.jimdofree.com\/ev%C3%A9nements\/les-fun%C3%A9railles-d-emile-de-lalieux\/\"><span style=\"font-family: arial, helvetica, sans-serif;\">https:\/\/monvieuxnivelles.jimdofree.com\/ev%C3%A9nements\/les-fun%C3%A9railles-d-emile-de-lalieux\/<\/span><\/a><\/span><\/p>","protected":false},"excerpt":{"rendered":"<p>&nbsp; &nbsp; &nbsp; &nbsp; &nbsp; &nbsp; &nbsp; &nbsp; &nbsp; &nbsp; &nbsp; &nbsp; &nbsp; &nbsp; N\u00e9 \u00e0 Nivelles le 25\/11\/1862 et d\u00e9c\u00e9d\u00e9 \u00e0 Ouchy-Lausanne, Suisse le 07\/09\/1918 \u00e2g\u00e9 de 55 ans. [&hellip;]<\/p>\n","protected":false},"author":1,"featured_media":226789,"comment_status":"closed","ping_status":"open","sticky":false,"template":"","format":"standard","meta":{"_et_pb_use_builder":"","_et_pb_old_content":"","_et_gb_content_width":"","footnotes":""},"categories":[93,89],"tags":[],"class_list":["post-226788","post","type-post","status-publish","format-standard","has-post-thumbnail","hentry","category-nos-pistes","category-personnalites-belges","et-has-post-format-content","et_post_format-et-post-format-standard"],"aioseo_notices":[],"_links":{"self":[{"href":"https:\/\/geniwal.be\/en\/wp-json\/wp\/v2\/posts\/226788","targetHints":{"allow":["GET"]}}],"collection":[{"href":"https:\/\/geniwal.be\/en\/wp-json\/wp\/v2\/posts"}],"about":[{"href":"https:\/\/geniwal.be\/en\/wp-json\/wp\/v2\/types\/post"}],"author":[{"embeddable":true,"href":"https:\/\/geniwal.be\/en\/wp-json\/wp\/v2\/users\/1"}],"replies":[{"embeddable":true,"href":"https:\/\/geniwal.be\/en\/wp-json\/wp\/v2\/comments?post=226788"}],"version-history":[{"count":1,"href":"https:\/\/geniwal.be\/en\/wp-json\/wp\/v2\/posts\/226788\/revisions"}],"predecessor-version":[{"id":226791,"href":"https:\/\/geniwal.be\/en\/wp-json\/wp\/v2\/posts\/226788\/revisions\/226791"}],"wp:featuredmedia":[{"embeddable":true,"href":"https:\/\/geniwal.be\/en\/wp-json\/wp\/v2\/media\/226789"}],"wp:attachment":[{"href":"https:\/\/geniwal.be\/en\/wp-json\/wp\/v2\/media?parent=226788"}],"wp:term":[{"taxonomy":"category","embeddable":true,"href":"https:\/\/geniwal.be\/en\/wp-json\/wp\/v2\/categories?post=226788"},{"taxonomy":"post_tag","embeddable":true,"href":"https:\/\/geniwal.be\/en\/wp-json\/wp\/v2\/tags?post=226788"}],"curies":[{"name":"wp","href":"https:\/\/api.w.org\/{rel}","templated":true}]}}