{"id":227969,"date":"2025-12-24T19:04:47","date_gmt":"2025-12-24T18:04:47","guid":{"rendered":"https:\/\/geniwal.be\/?p=227969"},"modified":"2025-12-25T23:31:32","modified_gmt":"2025-12-25T22:31:32","slug":"sens-administratif-et-juridique-fin-xix%e1%b5%89-debut-xx%e1%b5%89-siecle-du-mot-pro-deo","status":"publish","type":"post","link":"https:\/\/geniwal.be\/en\/nos-pistes\/genealogie\/sens-administratif-et-juridique-fin-xix%e1%b5%89-debut-xx%e1%b5%89-siecle-du-mot-pro-deo\/","title":{"rendered":"Administrative and legal meaning (late XIX\u1d49 - early XX\u1d49 century) of the word Pro Deo"},"content":{"rendered":"<div class=\"relative basis-auto flex-col -mb-(--composer-overlap-px) [--composer-overlap-px:28px] grow flex\">\n<div class=\"flex flex-col text-sm pb-25\">\n<article class=\"text-token-text-primary w-full focus:outline-none [--shadow-height:45px] has-data-writing-block:pointer-events-none has-data-writing-block:-mt-(--shadow-height) has-data-writing-block:pt-(--shadow-height) [&amp;:has([data-writing-block])&gt;*]:pointer-events-auto [content-visibility:auto] supports-[content-visibility:auto]:[contain-intrinsic-size:auto_100lvh] scroll-mt-[calc(var(--header-height)+min(200px,max(70px,20svh)))]\" dir=\"auto\" tabindex=\"-1\" data-turn-id=\"7bbdaff5-3faa-42f3-85b7-e1322412944a\" data-testid=\"conversation-turn-4\" data-scroll-anchor=\"true\" data-turn=\"assistant\">\n<div class=\"text-base my-auto mx-auto pb-10 [--thread-content-margin:--spacing(4)] @w-sm\/main:[--thread-content-margin:--spacing(6)] @w-lg\/main:[--thread-content-margin:--spacing(16)] px-(--thread-content-margin)\">\n<div class=\"[--thread-content-max-width:40rem] @w-lg\/main:[--thread-content-max-width:48rem] mx-auto max-w-(--thread-content-max-width) flex-1 group\/turn-messages focus-visible:outline-hidden relative flex w-full min-w-0 flex-col agent-turn\" tabindex=\"-1\">\n<div class=\"flex max-w-full flex-col grow\">\n<div class=\"min-h-8 text-message relative flex w-full flex-col items-end gap-2 text-start break-words whitespace-normal [.text-message+&amp;]:mt-1\" dir=\"auto\" data-message-author-role=\"assistant\" data-message-id=\"7bbdaff5-3faa-42f3-85b7-e1322412944a\" data-message-model-slug=\"gpt-5-2\">\n<div class=\"flex w-full flex-col gap-1 empty:hidden first:pt-[1px]\">\n<div class=\"markdown prose dark:prose-invert w-full break-words light markdown-new-styling\">\n<p data-start=\"8\" data-end=\"100\"><img decoding=\"async\" class=\"alignleft wp-image-227970 lazyload\" data-src=\"https:\/\/geniwal.be\/wp-content\/uploads\/2025\/12\/ACTE-DE-NAISSANCES-PRO-DEO-scaled.jpg\" alt=\"\" width=\"414\" height=\"538\" data-srcset=\"https:\/\/geniwal.be\/wp-content\/uploads\/2025\/12\/ACTE-DE-NAISSANCES-PRO-DEO-scaled.jpg 769w, https:\/\/geniwal.be\/wp-content\/uploads\/2025\/12\/ACTE-DE-NAISSANCES-PRO-DEO-231x300.jpg 231w, https:\/\/geniwal.be\/wp-content\/uploads\/2025\/12\/ACTE-DE-NAISSANCES-PRO-DEO-787x1024.jpg 787w, https:\/\/geniwal.be\/wp-content\/uploads\/2025\/12\/ACTE-DE-NAISSANCES-PRO-DEO-768x999.jpg 768w, https:\/\/geniwal.be\/wp-content\/uploads\/2025\/12\/ACTE-DE-NAISSANCES-PRO-DEO-1181x1536.jpg 1181w, https:\/\/geniwal.be\/wp-content\/uploads\/2025\/12\/ACTE-DE-NAISSANCES-PRO-DEO-1575x2048.jpg 1575w, https:\/\/geniwal.be\/wp-content\/uploads\/2025\/12\/ACTE-DE-NAISSANCES-PRO-DEO-9x12.jpg 9w, https:\/\/geniwal.be\/wp-content\/uploads\/2025\/12\/ACTE-DE-NAISSANCES-PRO-DEO-1080x1404.jpg 1080w, https:\/\/geniwal.be\/wp-content\/uploads\/2025\/12\/ACTE-DE-NAISSANCES-PRO-DEO-300x390.jpg 300w, https:\/\/geniwal.be\/wp-content\/uploads\/2025\/12\/ACTE-DE-NAISSANCES-PRO-DEO-600x780.jpg 600w, https:\/\/geniwal.be\/wp-content\/uploads\/2025\/12\/ACTE-DE-NAISSANCES-PRO-DEO-46x60.jpg 46w, https:\/\/geniwal.be\/wp-content\/uploads\/2025\/12\/ACTE-DE-NAISSANCES-PRO-DEO-69x90.jpg 69w\" data-sizes=\"(max-width: 414px) 100vw, 414px\" src=\"data:image\/svg+xml;base64,PHN2ZyB3aWR0aD0iMSIgaGVpZ2h0PSIxIiB4bWxucz0iaHR0cDovL3d3dy53My5vcmcvMjAwMC9zdmciPjwvc3ZnPg==\" style=\"--smush-placeholder-width: 414px; --smush-placeholder-aspect-ratio: 414\/538;\" \/><\/p>\n<p data-start=\"8\" data-end=\"100\"><span style=\"font-family: arial, helvetica, sans-serif; font-size: 18pt;\"><strong data-start=\"26\" data-end=\"41\">Le mot\u00a0 Pro Deo<\/strong>\u00a0est une <strong data-start=\"50\" data-end=\"71\">expression latine<\/strong> qui signifie litt\u00e9ralement : <strong data-start=\"104\" data-end=\"121\">\u00ab pour Dieu \u00bb<\/strong><\/span><\/p>\n<h3 data-start=\"123\" data-end=\"188\"><span style=\"font-family: arial, helvetica, sans-serif; font-size: 18pt;\">Sens administratif et juridique (fin XIX\u1d49 \u2013 d\u00e9but XX\u1d49 si\u00e8cle)<\/span><\/h3>\n<p data-start=\"190\" data-end=\"371\"><span style=\"font-family: arial, helvetica, sans-serif; font-size: 18pt;\">Dans le contexte de l\u2019\u00e9tat civil belge le mot Pro Deo d\u00e9signe une proc\u00e9dure gratuite, accord\u00e9e \u00e0 des personnes sans ressources suffisantes.<\/span><\/p>\n<p data-start=\"373\" data-end=\"391\"><span style=\"font-family: arial, helvetica, sans-serif; font-size: 18pt;\">Autrement dit :<\/span><\/p>\n<p data-start=\"395\" data-end=\"403\"><span style=\"font-family: arial, helvetica, sans-serif; font-size: 18pt;\">un acte,<\/span><br \/>\n<span style=\"font-family: arial, helvetica, sans-serif; font-size: 18pt;\">une d\u00e9marche,<\/span><br \/>\n<span style=\"font-family: arial, helvetica, sans-serif; font-size: 18pt;\">ou des frais <span style=\"font-size: 14pt;\">administratifs<\/span><\/span><\/p>\n<p data-start=\"451\" data-end=\"484\"><span style=\"font-family: arial, helvetica, sans-serif; font-size: 18pt;\">ont \u00e9t\u00e9 exempt\u00e9s de paiement.<\/span><\/p>\n<h3 data-start=\"486\" data-end=\"537\"><span style=\"font-family: arial, helvetica, sans-serif; font-size: 18pt;\">Application concr\u00e8te dans un dossier de mariage<\/span><\/h3>\n<p data-start=\"539\" data-end=\"658\"><span style=\"font-family: arial, helvetica, sans-serif; font-size: 18pt;\">Lorsque \u00ab Pro Deo \u00bb appara\u00eet dans un <strong data-start=\"576\" data-end=\"637\">relev\u00e9 des pi\u00e8ces d\u00e9pos\u00e9es \u00e0 l\u2019appui de l\u2019acte de mariage<\/strong>, cela signifie que :<\/span><\/p>\n<p data-start=\"662\" data-end=\"691\"><span style=\"font-family: arial, helvetica, sans-serif; font-size: 18pt;\">l\u2019un des \u00e9poux (ou les deux),<\/span><br \/>\n<span style=\"font-family: arial, helvetica, sans-serif; font-size: 18pt;\">ou la proc\u00e9dure elle-m\u00eame,<\/span><br \/>\n<span style=\"font-family: arial, helvetica, sans-serif; font-size: 18pt;\">a b\u00e9n\u00e9fici\u00e9 de la <strong data-start=\"740\" data-end=\"763\">gratuit\u00e9 des droits<\/strong> (timbres, copies, formalit\u00e9s).<\/span><\/p>\n<p data-start=\"796\" data-end=\"819\"><span style=\"font-family: arial, helvetica, sans-serif; font-size: 18pt;\">C\u2019\u00e9tait fr\u00e9quent pour :<\/span><\/p>\n<p data-start=\"822\" data-end=\"841\"><span style=\"font-family: arial, helvetica, sans-serif; font-size: 18pt;\">les <strong data-start=\"826\" data-end=\"838\">ouvriers<\/strong>,<\/span><br \/>\n<span style=\"font-family: arial, helvetica, sans-serif; font-size: 18pt;\">les <strong data-start=\"848\" data-end=\"863\">journaliers<\/strong>,<\/span><br \/>\n<span style=\"font-family: arial, helvetica, sans-serif; font-size: 18pt;\">les <strong data-start=\"873\" data-end=\"897\">personnes indigentes<\/strong>,<\/span><br \/>\n<span style=\"font-family: arial, helvetica, sans-serif; font-size: 18pt;\">ou celles reconnues comme telles par l\u2019administration communale.<\/span><\/p>\n<\/div>\n<\/div>\n<\/div>\n<\/div>\n<div class=\"z-0 flex min-h-[46px] justify-start\"><\/div>\n<\/div>\n<\/div>\n<\/article>\n<\/div>\n<div class=\"pointer-events-none h-px w-px absolute bottom-0\" aria-hidden=\"true\" data-edge=\"true\"><\/div>\n<\/div>\n<div id=\"thread-bottom-container\" class=\"sticky bottom-0 group\/thread-bottom-container relative isolate z-10 w-full basis-auto has-data-has-thread-error:pt-2 has-data-has-thread-error:[box-shadow:var(--sharp-edge-bottom-shadow)] md:border-transparent md:pt-0 dark:border-white\/20 md:dark:border-transparent print:hidden content-fade single-line flex flex-col\">\n<div class=\"relative h-0\"><\/div>\n<div id=\"thread-bottom\">\n<div class=\"text-base mx-auto [--thread-content-margin:--spacing(4)] @w-sm\/main:[--thread-content-margin:--spacing(6)] @w-lg\/main:[--thread-content-margin:--spacing(16)] px-(--thread-content-margin)\">\n<div class=\"[--thread-content-max-width:40rem] @w-lg\/main:[--thread-content-max-width:48rem] mx-auto max-w-(--thread-content-max-width) flex-1 mb-4\">\n<div class=\"flex justify-center empty:hidden\"><\/div>\n<div class=\"pointer-events-auto relative z-1 flex h-(--composer-container-height,100%) max-w-full flex-(--composer-container-flex,1) flex-col\">\n<p><button class=\"invisible absolute self-center\" tabindex=\"-1\" name=\"context-connector-pasted-link-popover-trigger\" type=\"button\" aria-hidden=\"true\" aria-haspopup=\"dialog\" aria-expanded=\"false\" aria-controls=\"radix-_r_cb_\" data-state=\"closed\"><\/button><\/p>\n<div class=\"absolute start-0 end-0 bottom-full z-20\"><\/div>\n<form class=\"group\/composer w-full\" data-type=\"unified-composer\">\n<div class=\"hidden\"><input tabindex=\"-1\" multiple=\"multiple\" type=\"file\" \/><\/div>\n<div class=\"\">\n<div class=\"bg-token-bg-primary corner-superellipse\/1.1 cursor-text overflow-clip bg-clip-padding p-2.5 contain-inline-size dark:bg-[#303030] grid grid-cols-[auto_1fr_auto] [grid-template-areas:'header_header_header'_'leading_primary_trailing'_'._footer_.'] group-data-expanded\/composer:[grid-template-areas:'header_header_header'_'primary_primary_primary'_'leading_footer_trailing'] shadow-short\">\n<div class=\"-my-2.5 flex min-h-14 items-center overflow-x-hidden px-1.5 [grid-area:primary] group-data-expanded\/composer:mb-0 group-data-expanded\/composer:px-2.5\">\n<div class=\"wcDTda_prosemirror-parent text-token-text-primary max-h-[max(30svh,5rem)] max-h-52 min-h-[var(--deep-research-composer-extra-height,unset)] flex-1 overflow-auto [scrollbar-width:thin] default-browser vertical-scroll-fade-mask\">\n<p><textarea class=\"wcDTda_fallbackTextarea\" name=\"prompt-textarea\" placeholder=\"Poser une question\" data-virtualkeyboard=\"true\"><\/textarea><\/p>\n<div id=\"prompt-textarea\" class=\"ProseMirror\" contenteditable=\"true\" translate=\"no\" data-virtualkeyboard=\"true\"><\/div>\n<\/div>\n<\/div>\n<div class=\"[grid-area:leading]\"><\/div>\n<div class=\"flex items-center gap-2 [grid-area:trailing]\">\n<div class=\"ms-auto flex items-center gap-1.5\">\n<p>&nbsp;<\/p>\n<div>\n<div>\n<div class=\"relative\"><\/div>\n<\/div>\n<\/div>\n<\/div>\n<\/div>\n<\/div>\n<\/div>\n<\/form>\n<\/div>\n<\/div>\n<\/div>\n<\/div>\n<\/div>\n","protected":false},"excerpt":{"rendered":"<p>Le mot\u00a0 Pro Deo\u00a0est une expression latine qui signifie litt\u00e9ralement : \u00ab pour Dieu \u00bb Sens administratif et juridique (fin XIX\u1d49 \u2013 d\u00e9but XX\u1d49 si\u00e8cle) Dans le contexte de l\u2019\u00e9tat [&hellip;]<\/p>\n","protected":false},"author":2,"featured_media":227970,"comment_status":"closed","ping_status":"open","sticky":false,"template":"","format":"standard","meta":{"_et_pb_use_builder":"","_et_pb_old_content":"","_et_gb_content_width":"","footnotes":""},"categories":[62],"tags":[],"class_list":["post-227969","post","type-post","status-publish","format-standard","has-post-thumbnail","hentry","category-genealogie","et-has-post-format-content","et_post_format-et-post-format-standard"],"aioseo_notices":[],"_links":{"self":[{"href":"https:\/\/geniwal.be\/en\/wp-json\/wp\/v2\/posts\/227969","targetHints":{"allow":["GET"]}}],"collection":[{"href":"https:\/\/geniwal.be\/en\/wp-json\/wp\/v2\/posts"}],"about":[{"href":"https:\/\/geniwal.be\/en\/wp-json\/wp\/v2\/types\/post"}],"author":[{"embeddable":true,"href":"https:\/\/geniwal.be\/en\/wp-json\/wp\/v2\/users\/2"}],"replies":[{"embeddable":true,"href":"https:\/\/geniwal.be\/en\/wp-json\/wp\/v2\/comments?post=227969"}],"version-history":[{"count":4,"href":"https:\/\/geniwal.be\/en\/wp-json\/wp\/v2\/posts\/227969\/revisions"}],"predecessor-version":[{"id":227976,"href":"https:\/\/geniwal.be\/en\/wp-json\/wp\/v2\/posts\/227969\/revisions\/227976"}],"wp:featuredmedia":[{"embeddable":true,"href":"https:\/\/geniwal.be\/en\/wp-json\/wp\/v2\/media\/227970"}],"wp:attachment":[{"href":"https:\/\/geniwal.be\/en\/wp-json\/wp\/v2\/media?parent=227969"}],"wp:term":[{"taxonomy":"category","embeddable":true,"href":"https:\/\/geniwal.be\/en\/wp-json\/wp\/v2\/categories?post=227969"},{"taxonomy":"post_tag","embeddable":true,"href":"https:\/\/geniwal.be\/en\/wp-json\/wp\/v2\/tags?post=227969"}],"curies":[{"name":"wp","href":"https:\/\/api.w.org\/{rel}","templated":true}]}}