{"id":227985,"date":"2025-12-26T13:16:00","date_gmt":"2025-12-26T12:16:00","guid":{"rendered":"https:\/\/geniwal.be\/?p=227985"},"modified":"2025-12-26T13:55:23","modified_gmt":"2025-12-26T12:55:23","slug":"lorigine-de-letat-civil-en-belgique","status":"publish","type":"post","link":"https:\/\/geniwal.be\/en\/nos-pistes\/genealogie\/lorigine-de-letat-civil-en-belgique\/","title":{"rendered":"The origins of civil status in Belgium"},"content":{"rendered":"<h2 style=\"text-align: center;\"><span style=\"font-size: 24pt;\">The origin and development of civil status in Belgium<\/span><\/h2>\n<p><span style=\"font-size: 16pt;\">Unlike France, Belgium did not follow the Edict of Villers-Cotter\u00eats, also known as the Ordinance of Villers-Cotter\u00eats, is a major legal text promulgated in 1539 by King Fran\u00e7ois I. It was an essential step in the construction of the modern French state, particularly in terms of administration, justice and personal registration.<\/span><\/p>\n<p><span style=\"font-size: 16pt;\">Edict of Villers-Cotter\u00eats<\/span><\/p>\n<p><span style=\"font-size: 16pt;\"><img decoding=\"async\" class=\"size-medium wp-image-227987 alignleft lazyload\" data-src=\"https:\/\/geniwal.be\/wp-content\/uploads\/2025\/12\/Villers-Cot-300x220.jpg\" alt=\"\" width=\"300\" height=\"220\" data-srcset=\"https:\/\/geniwal.be\/wp-content\/uploads\/2025\/12\/Villers-Cot-300x220.jpg 300w, https:\/\/geniwal.be\/wp-content\/uploads\/2025\/12\/Villers-Cot-768x562.jpg 768w, https:\/\/geniwal.be\/wp-content\/uploads\/2025\/12\/Villers-Cot-16x12.jpg 16w, https:\/\/geniwal.be\/wp-content\/uploads\/2025\/12\/Villers-Cot-600x439.jpg 600w, https:\/\/geniwal.be\/wp-content\/uploads\/2025\/12\/Villers-Cot-82x60.jpg 82w, https:\/\/geniwal.be\/wp-content\/uploads\/2025\/12\/Villers-Cot-123x90.jpg 123w, https:\/\/geniwal.be\/wp-content\/uploads\/2025\/12\/Villers-Cot.jpg 960w\" data-sizes=\"(max-width: 300px) 100vw, 300px\" src=\"data:image\/svg+xml;base64,PHN2ZyB3aWR0aD0iMSIgaGVpZ2h0PSIxIiB4bWxucz0iaHR0cDovL3d3dy53My5vcmcvMjAwMC9zdmciPjwvc3ZnPg==\" style=\"--smush-placeholder-width: 300px; --smush-placeholder-aspect-ratio: 300\/220;\" \/>Civil status is the set of official records that enable a person to be legally identified throughout his or her life. It includes birth, marriage and death certificates. In Belgium, civil status was not established gradually on its own, but has its origins in the major political and legal transformations of the late eighteenth\u1d49 century, particularly under the influence of revolutionary France.<\/span><\/p>\n<p><span style=\"font-size: 16pt;\">Before the introduction of modern civil status, the registration of individuals was carried out by the Catholic Church (see article on the Council of Trent). Until the end of the XVIII\u1d49 century, parish registers were the only official source of information on the population. Priests recorded baptisms, religious marriages and burials in them. However, this system had several limitations. It was primarily religious, which excluded or marginalised certain people, and it lacked uniformity and state control. What's more, these registers did not always guarantee clear legal recognition of civil rights.<\/span><\/p>\n<p><span style=\"font-size: 16pt;\">A major change occurred in 1795, when the territories corresponding to what is now Belgium were annexed by revolutionary France. At that time, the French authorities undertook a far-reaching administrative and legal reform. In this context, a secular civil registry was introduced in Belgium in 1796. From then on, the registration of births, marriages and deaths was the responsibility of the local authorities, rather than the Church. This reform marked a fundamental break with the past, as the legal identity of citizens became independent of any religious affiliation.<\/span><\/p>\n<p><span style=\"font-size: 16pt;\"><img decoding=\"async\" class=\"size-medium wp-image-227986 aligncenter lazyload\" data-src=\"https:\/\/geniwal.be\/wp-content\/uploads\/2025\/12\/CARTE-DE-LA-BELGIQUE-SOUS-LA-REVOLUTION-284-300x260.jpg\" alt=\"\" width=\"300\" height=\"260\" data-srcset=\"https:\/\/geniwal.be\/wp-content\/uploads\/2025\/12\/CARTE-DE-LA-BELGIQUE-SOUS-LA-REVOLUTION-284-300x260.jpg 300w, https:\/\/geniwal.be\/wp-content\/uploads\/2025\/12\/CARTE-DE-LA-BELGIQUE-SOUS-LA-REVOLUTION-284-14x12.jpg 14w, https:\/\/geniwal.be\/wp-content\/uploads\/2025\/12\/CARTE-DE-LA-BELGIQUE-SOUS-LA-REVOLUTION-284-600x520.jpg 600w, https:\/\/geniwal.be\/wp-content\/uploads\/2025\/12\/CARTE-DE-LA-BELGIQUE-SOUS-LA-REVOLUTION-284-69x60.jpg 69w, https:\/\/geniwal.be\/wp-content\/uploads\/2025\/12\/CARTE-DE-LA-BELGIQUE-SOUS-LA-REVOLUTION-284-104x90.jpg 104w, https:\/\/geniwal.be\/wp-content\/uploads\/2025\/12\/CARTE-DE-LA-BELGIQUE-SOUS-LA-REVOLUTION-284.jpg 763w\" data-sizes=\"(max-width: 300px) 100vw, 300px\" src=\"data:image\/svg+xml;base64,PHN2ZyB3aWR0aD0iMSIgaGVpZ2h0PSIxIiB4bWxucz0iaHR0cDovL3d3dy53My5vcmcvMjAwMC9zdmciPjwvc3ZnPg==\" style=\"--smush-placeholder-width: 300px; --smush-placeholder-aspect-ratio: 300\/260;\" \/><\/span><\/p>\n<p><span style=\"font-size: 16pt;\">French department in Belgium in 1795<\/span><\/p>\n<p><span style=\"font-size: 16pt;\"><strong><img decoding=\"async\" class=\"size-medium wp-image-227989 alignleft lazyload\" data-src=\"https:\/\/geniwal.be\/wp-content\/uploads\/2025\/12\/OIP-300x240.jpg\" alt=\"\" width=\"300\" height=\"240\" data-srcset=\"https:\/\/geniwal.be\/wp-content\/uploads\/2025\/12\/OIP-300x240.jpg 300w, https:\/\/geniwal.be\/wp-content\/uploads\/2025\/12\/OIP-15x12.jpg 15w, https:\/\/geniwal.be\/wp-content\/uploads\/2025\/12\/OIP-75x60.jpg 75w, https:\/\/geniwal.be\/wp-content\/uploads\/2025\/12\/OIP-113x90.jpg 113w, https:\/\/geniwal.be\/wp-content\/uploads\/2025\/12\/OIP.jpg 333w\" data-sizes=\"(max-width: 300px) 100vw, 300px\" src=\"data:image\/svg+xml;base64,PHN2ZyB3aWR0aD0iMSIgaGVpZ2h0PSIxIiB4bWxucz0iaHR0cDovL3d3dy53My5vcmcvMjAwMC9zdmciPjwvc3ZnPg==\" style=\"--smush-placeholder-width: 300px; --smush-placeholder-aspect-ratio: 300\/240;\" \/><\/strong>The adoption of the Civil Code in 1804 considerably strengthened this new system. At the instigation of Napoleon Bonaparte, the rules governing civil status were clearly defined and standardised. Civil status records acquired essential legal value: they were used as official proof to establish filiation, family status and the rights of individuals. The Civil Code thus brings great stability and coherence to civil status.<\/span><\/p>\n<p><span style=\"font-size: 16pt;\">When Belgium gained independence in 1830, the Belgian authorities decided to retain the civil status system inherited from the French period. This decision was based on the efficiency and modernity of this model, which met the administrative and legal needs of the new State. Civil status was gradually adapted to Belgian realities, without calling into question its fundamental principles.<\/span><\/p>\n<p><span style=\"font-size: 16pt;\"><img decoding=\"async\" class=\"size-medium wp-image-227988 alignleft lazyload\" data-src=\"https:\/\/geniwal.be\/wp-content\/uploads\/2025\/12\/Gustave_Wappers_-_Episode_of_the_September_Days_1830_on_the_Grand_Place_of_Brussels_-_Google_Art_Project-300x196.jpg\" alt=\"\" width=\"300\" height=\"196\" data-srcset=\"https:\/\/geniwal.be\/wp-content\/uploads\/2025\/12\/Gustave_Wappers_-_Episode_of_the_September_Days_1830_on_the_Grand_Place_of_Brussels_-_Google_Art_Project-300x196.jpg 300w, https:\/\/geniwal.be\/wp-content\/uploads\/2025\/12\/Gustave_Wappers_-_Episode_of_the_September_Days_1830_on_the_Grand_Place_of_Brussels_-_Google_Art_Project-1024x668.jpg 1024w, https:\/\/geniwal.be\/wp-content\/uploads\/2025\/12\/Gustave_Wappers_-_Episode_of_the_September_Days_1830_on_the_Grand_Place_of_Brussels_-_Google_Art_Project-768x501.jpg 768w, https:\/\/geniwal.be\/wp-content\/uploads\/2025\/12\/Gustave_Wappers_-_Episode_of_the_September_Days_1830_on_the_Grand_Place_of_Brussels_-_Google_Art_Project-1536x1001.jpg 1536w, https:\/\/geniwal.be\/wp-content\/uploads\/2025\/12\/Gustave_Wappers_-_Episode_of_the_September_Days_1830_on_the_Grand_Place_of_Brussels_-_Google_Art_Project-2048x1335.jpg 2048w, https:\/\/geniwal.be\/wp-content\/uploads\/2025\/12\/Gustave_Wappers_-_Episode_of_the_September_Days_1830_on_the_Grand_Place_of_Brussels_-_Google_Art_Project-18x12.jpg 18w, https:\/\/geniwal.be\/wp-content\/uploads\/2025\/12\/Gustave_Wappers_-_Episode_of_the_September_Days_1830_on_the_Grand_Place_of_Brussels_-_Google_Art_Project-1080x704.jpg 1080w, https:\/\/geniwal.be\/wp-content\/uploads\/2025\/12\/Gustave_Wappers_-_Episode_of_the_September_Days_1830_on_the_Grand_Place_of_Brussels_-_Google_Art_Project-600x391.jpg 600w, https:\/\/geniwal.be\/wp-content\/uploads\/2025\/12\/Gustave_Wappers_-_Episode_of_the_September_Days_1830_on_the_Grand_Place_of_Brussels_-_Google_Art_Project-92x60.jpg 92w, https:\/\/geniwal.be\/wp-content\/uploads\/2025\/12\/Gustave_Wappers_-_Episode_of_the_September_Days_1830_on_the_Grand_Place_of_Brussels_-_Google_Art_Project-138x90.jpg 138w, https:\/\/geniwal.be\/wp-content\/uploads\/2025\/12\/Gustave_Wappers_-_Episode_of_the_September_Days_1830_on_the_Grand_Place_of_Brussels_-_Google_Art_Project-scaled.jpg 1200w\" data-sizes=\"(max-width: 300px) 100vw, 300px\" src=\"data:image\/svg+xml;base64,PHN2ZyB3aWR0aD0iMSIgaGVpZ2h0PSIxIiB4bWxucz0iaHR0cDovL3d3dy53My5vcmcvMjAwMC9zdmciPjwvc3ZnPg==\" style=\"--smush-placeholder-width: 300px; --smush-placeholder-aspect-ratio: 300\/196;\" \/>Today, Belgian civil status is still based on these historical foundations. It is managed by the municipalities and plays an essential role in the lives of citizens, particularly in terms of access to civil, social and political rights. Although registers are now largely digitised and centralised, their function remains the same: to guarantee the legal identity of individuals and ensure the organisation of society.<\/span><\/p>\n<p><span style=\"font-size: 16pt;\">In conclusion, civil status in Belgium is the direct result of the reforms introduced during the French period at the end of the XVIII\u1d49 century. Heir to the Napoleonic model, it constitutes a fundamental element of the administrative and legal functioning of the Belgian State.<\/span><\/p>","protected":false},"excerpt":{"rendered":"<p>L\u2019origine et l\u2019\u00e9volution de l\u2019\u00e9tat civil en Belgique Contrairement \u00e0 la France la Belgique n&rsquo;a pas suivi l\u2019\u00c9dit de Villers-Cotter\u00eats, aussi appel\u00e9 ordonnance de Villers-Cotter\u00eats, est un texte juridique majeur [&hellip;]<\/p>\n","protected":false},"author":2,"featured_media":227988,"comment_status":"closed","ping_status":"open","sticky":false,"template":"","format":"standard","meta":{"_et_pb_use_builder":"","_et_pb_old_content":"","_et_gb_content_width":"","footnotes":""},"categories":[62],"tags":[],"class_list":["post-227985","post","type-post","status-publish","format-standard","has-post-thumbnail","hentry","category-genealogie","et-has-post-format-content","et_post_format-et-post-format-standard"],"aioseo_notices":[],"_links":{"self":[{"href":"https:\/\/geniwal.be\/en\/wp-json\/wp\/v2\/posts\/227985","targetHints":{"allow":["GET"]}}],"collection":[{"href":"https:\/\/geniwal.be\/en\/wp-json\/wp\/v2\/posts"}],"about":[{"href":"https:\/\/geniwal.be\/en\/wp-json\/wp\/v2\/types\/post"}],"author":[{"embeddable":true,"href":"https:\/\/geniwal.be\/en\/wp-json\/wp\/v2\/users\/2"}],"replies":[{"embeddable":true,"href":"https:\/\/geniwal.be\/en\/wp-json\/wp\/v2\/comments?post=227985"}],"version-history":[{"count":8,"href":"https:\/\/geniwal.be\/en\/wp-json\/wp\/v2\/posts\/227985\/revisions"}],"predecessor-version":[{"id":227998,"href":"https:\/\/geniwal.be\/en\/wp-json\/wp\/v2\/posts\/227985\/revisions\/227998"}],"wp:featuredmedia":[{"embeddable":true,"href":"https:\/\/geniwal.be\/en\/wp-json\/wp\/v2\/media\/227988"}],"wp:attachment":[{"href":"https:\/\/geniwal.be\/en\/wp-json\/wp\/v2\/media?parent=227985"}],"wp:term":[{"taxonomy":"category","embeddable":true,"href":"https:\/\/geniwal.be\/en\/wp-json\/wp\/v2\/categories?post=227985"},{"taxonomy":"post_tag","embeddable":true,"href":"https:\/\/geniwal.be\/en\/wp-json\/wp\/v2\/tags?post=227985"}],"curies":[{"name":"wp","href":"https:\/\/api.w.org\/{rel}","templated":true}]}}