{"id":228073,"date":"2025-12-30T16:53:56","date_gmt":"2025-12-30T15:53:56","guid":{"rendered":"https:\/\/geniwal.be\/?p=228073"},"modified":"2025-12-30T22:31:31","modified_gmt":"2025-12-30T21:31:31","slug":"letat-civil-disposition-generales","status":"publish","type":"post","link":"https:\/\/geniwal.be\/en\/nos-pistes\/genealogie\/letat-civil-disposition-generales\/","title":{"rendered":"Civil status general provisions"},"content":{"rendered":"<p>&nbsp;<\/p>\n<p><img decoding=\"async\" class=\"aligncenter wp-image-228074 size-full lazyload\" data-src=\"https:\/\/geniwal.be\/wp-content\/uploads\/2025\/12\/etat-civil-1-1662585517-scaled.jpg\" alt=\"\" width=\"1200\" height=\"680\" data-srcset=\"https:\/\/geniwal.be\/wp-content\/uploads\/2025\/12\/etat-civil-1-1662585517-scaled.jpg 1200w, https:\/\/geniwal.be\/wp-content\/uploads\/2025\/12\/etat-civil-1-1662585517-300x170.jpg 300w, https:\/\/geniwal.be\/wp-content\/uploads\/2025\/12\/etat-civil-1-1662585517-1024x580.jpg 1024w, https:\/\/geniwal.be\/wp-content\/uploads\/2025\/12\/etat-civil-1-1662585517-768x435.jpg 768w, https:\/\/geniwal.be\/wp-content\/uploads\/2025\/12\/etat-civil-1-1662585517-1536x870.jpg 1536w, https:\/\/geniwal.be\/wp-content\/uploads\/2025\/12\/etat-civil-1-1662585517-18x10.jpg 18w, https:\/\/geniwal.be\/wp-content\/uploads\/2025\/12\/etat-civil-1-1662585517-1080x612.jpg 1080w, https:\/\/geniwal.be\/wp-content\/uploads\/2025\/12\/etat-civil-1-1662585517-600x340.jpg 600w, https:\/\/geniwal.be\/wp-content\/uploads\/2025\/12\/etat-civil-1-1662585517-106x60.jpg 106w, https:\/\/geniwal.be\/wp-content\/uploads\/2025\/12\/etat-civil-1-1662585517-159x90.jpg 159w\" data-sizes=\"(max-width: 1200px) 100vw, 1200px\" src=\"data:image\/svg+xml;base64,PHN2ZyB3aWR0aD0iMSIgaGVpZ2h0PSIxIiB4bWxucz0iaHR0cDovL3d3dy53My5vcmcvMjAwMC9zdmciPjwvc3ZnPg==\" style=\"--smush-placeholder-width: 1200px; --smush-placeholder-aspect-ratio: 1200\/680;\" \/><br \/>\n<span style=\"font-size: 12pt; font-family: arial, helvetica, sans-serif;\"><strong>L\u2019\u00e9tat civil<\/strong> a pour objet de fixer la condition de l\u2019homme dans la soci\u00e9t\u00e9 et de consacrer, tant dans son int\u00e9r\u00eat que dans celui des familles et de la soci\u00e9t\u00e9, les droits qu\u2019il acquiert et les obligations qu\u2019il contracte ou qu\u2019il transmet par la naissance, le mariage ou la mort.<\/span><\/p>\n<div class=\"relative basis-auto flex-col -mb-(--composer-overlap-px) [--composer-overlap-px:28px] grow flex\">\n<div class=\"flex flex-col text-sm pb-25\">\n<article class=\"text-token-text-primary w-full focus:outline-none [--shadow-height:45px] has-data-writing-block:pointer-events-none has-data-writing-block:-mt-(--shadow-height) has-data-writing-block:pt-(--shadow-height) [&amp;:has([data-writing-block])&gt;*]:pointer-events-auto scroll-mt-[calc(var(--header-height)+min(200px,max(70px,20svh)))]\" dir=\"auto\" tabindex=\"-1\" data-turn-id=\"request-WEB:be4f8c9f-b0e4-4316-ae37-db13f1741260-9\" data-testid=\"conversation-turn-20\" data-scroll-anchor=\"true\" data-turn=\"assistant\">\n<div class=\"text-base my-auto mx-auto pb-10 [--thread-content-margin:--spacing(4)] @w-sm\/main:[--thread-content-margin:--spacing(6)] @w-lg\/main:[--thread-content-margin:--spacing(16)] px-(--thread-content-margin)\">\n<div class=\"[--thread-content-max-width:40rem] @w-lg\/main:[--thread-content-max-width:48rem] mx-auto max-w-(--thread-content-max-width) flex-1 group\/turn-messages focus-visible:outline-hidden relative flex w-full min-w-0 flex-col agent-turn\" tabindex=\"-1\">\n<div class=\"flex max-w-full flex-col grow\">\n<div class=\"min-h-8 text-message relative flex w-full flex-col items-end gap-2 text-start break-words whitespace-normal [.text-message+&amp;]:mt-1\" dir=\"auto\" data-message-author-role=\"assistant\" data-message-id=\"ea57ae88-465c-47b6-85c8-933fb74eb131\" data-message-model-slug=\"gpt-5-2\">\n<div class=\"flex w-full flex-col gap-1 empty:hidden first:pt-[1px]\">\n<div class=\"markdown prose dark:prose-invert w-full break-words light markdown-new-styling\">\n<p data-start=\"375\" data-end=\"601\"><span style=\"font-family: arial, helvetica, sans-serif; font-size: 14pt;\"><span style=\"color: #993366; font-size: 12pt;\"><strong>Les actes de l\u2019\u00e9tat civil<\/strong><\/span><br \/>\n<\/span><\/p>\n<p data-start=\"375\" data-end=\"601\"><span style=\"font-family: arial, helvetica, sans-serif; font-size: 12pt;\">Sont les documents destin\u00e9s \u00e0 constater cet \u00e9tat, et les fonctionnaires charg\u00e9s de la r\u00e9daction de ces actes et de la tenue des registres qui les contiennent, se nomment <strong data-start=\"571\" data-end=\"600\">officiers de l\u2019\u00e9tat civil<\/strong>.<\/span><\/p>\n<p data-start=\"603\" data-end=\"768\"><span style=\"font-size: 12pt; font-family: arial, helvetica, sans-serif;\">L\u2019art. 109 de la Constitution belge place dans les attributions exclusives des autorit\u00e9s communales la r\u00e9daction des actes de l\u2019\u00e9tat civil et la tenue des registres.<br \/>\nL\u2019art. 93 de la loi du 30 mars 1836 dispose que le coll\u00e8ge des bourgmestre et \u00e9chevins est charg\u00e9 de la tenue de ces registres.<br \/>\nLe bourgmestre, ou un \u00e9chevin d\u00e9sign\u00e9 \u00e0 cet effet par le coll\u00e8ge, remplit les fonctions d\u2019officier de l\u2019\u00e9tat civil, et est particuli\u00e8rement charg\u00e9 de faire observer exactement tout ce qui concerne les actes et la tenue des registres.<\/span><\/p>\n<p data-start=\"1134\" data-end=\"1371\"><span style=\"font-family: arial, helvetica, sans-serif; font-size: 12pt;\">Voy. <em data-start=\"1139\" data-end=\"1172\">Commentaire de la loi communale<\/em>, sub art. 93. Nous y avons expliqu\u00e9 ce qui se passe en cas d\u2019emp\u00eachement de l\u2019officier de l\u2019\u00e9tat civil.<\/span><br data-start=\"1276\" data-end=\"1279\" \/><span style=\"font-family: arial, helvetica, sans-serif; font-size: 12pt;\">Voy. ci-apr\u00e8s chap. III <em data-start=\"1303\" data-end=\"1355\">De la responsabilit\u00e9 des officiers de l\u2019\u00e9tat civil<\/em> (nos 58 et 59).<\/span><\/p>\n<p data-start=\"1373\" data-end=\"1472\"><span style=\"font-family: arial, helvetica, sans-serif; font-size: 12pt;\">La l\u00e9gislation relative \u00e0 l\u2019\u00e9tat civil est renferm\u00e9e dans le titre II, livre Ier du Code civil (1).<\/span><\/p>\n<h3 data-start=\"1479\" data-end=\"1536\"><span style=\"font-family: arial, helvetica, sans-serif; font-size: 18pt; color: #993366;\"><strong data-start=\"1483\" data-end=\"1536\">SECTION II. Des actes de l\u2019\u00e9tat civil en g\u00e9n\u00e9ral.<\/strong><\/span><\/h3>\n<h4 data-start=\"1538\" data-end=\"1599\"><span style=\"font-family: arial, helvetica, sans-serif; font-size: 14pt; color: #993366;\"><strong data-start=\"1543\" data-end=\"1599\">\u00a7 1. Tenue, publicit\u00e9 et conservation des registres.<\/strong><\/span><\/h4>\n<p data-start=\"1601\" data-end=\"1668\"><span style=\"font-family: arial, helvetica, sans-serif; font-size: 14pt; color: #993366;\"><strong data-start=\"1601\" data-end=\"1668\">2. Lieu o\u00f9 les actes sont inscrits. \u2014 Formalit\u00e9s des registres.<\/strong><\/span><\/p>\n<p data-start=\"1670\" data-end=\"1801\"><span style=\"font-size: 12pt;\"><span style=\"font-family: arial, helvetica, sans-serif;\"><strong data-start=\"1670\" data-end=\"1690\">Art. 40, C. civ.<\/strong> \u2014 Les actes de l\u2019\u00e9tat civil seront inscrits, dans chaque commune, sur un ou plusieurs registres tenus doubles.<br \/>\n<\/span><span style=\"font-family: arial, helvetica, sans-serif;\"><strong data-start=\"1803\" data-end=\"1815\">Art. 52.<\/strong> \u2014 Toute inscription de ces actes sur une feuille volante, et autrement que sur les registres \u00e0 ce destin\u00e9s, donnera lieu aux dommages-int\u00e9r\u00eats des parties, sans pr\u00e9judice des peines port\u00e9es au code p\u00e9nal.<br \/>\n<\/span><span style=\"font-family: arial, helvetica, sans-serif;\"><strong data-start=\"2022\" data-end=\"2049\">Art. 192 du code p\u00e9nal.<\/strong> \u2014 Les officiers de l\u2019\u00e9tat civil qui inscriront leurs actes sur de simples feuilles volantes seront punis d\u2019un emprisonnement d\u2019un mois au moins et de trois mois au plus et d\u2019une amende de 16 fr. \u00e0 200 francs.<br \/>\n<\/span><span style=\"font-family: arial, helvetica, sans-serif;\">Dans la pratique, on se sert g\u00e9n\u00e9ralement de registres distincts et en double, pour les naissances, les mariages et les d\u00e9c\u00e8s.<br \/>\n<\/span><span style=\"font-family: arial, helvetica, sans-serif;\">L\u2019art. 63 prescrit en outre la tenue d\u2019un registre (c\u2019est-\u00e0-dire non en double) pour les publications de mariage.<br \/>\n<\/span><span style=\"font-family: arial, helvetica, sans-serif;\">L\u2019achat et l\u2019entretien des registres constituent une d\u00e9pense obligatoire pour les communes.<\/span><\/span><br data-start=\"2599\" data-end=\"2602\" \/><span style=\"font-size: 12pt;\"><span style=\"font-family: arial, helvetica, sans-serif;\">(Art. 131, n\u00b0 1, de la loi communale.)<br \/>\n<\/span><span style=\"font-family: arial, helvetica, sans-serif;\"><strong data-start=\"2642\" data-end=\"2662\">Art. 41, C. civ.<\/strong> \u2014 Les registres seront cot\u00e9s par premi\u00e8re et derni\u00e8re feuille et paraph\u00e9s sur chaque feuille par le pr\u00e9sident du tribunal de premi\u00e8re instance ou par le juge qui le remplacera.<br \/>\n<\/span><span style=\"font-family: arial, helvetica, sans-serif;\"><strong data-start=\"2841\" data-end=\"2859\">Art. 4, \u00a7 1er.<\/strong> \u2014 Les registres seront clos et arr\u00eat\u00e9s par l\u2019officier de l\u2019\u00e9tat civil \u00e0 la fin de chaque ann\u00e9e (31 d\u00e9cembre).<\/span><\/span><\/p>\n<p data-start=\"2971\" data-end=\"3025\"><span style=\"font-family: arial, helvetica, sans-serif; font-size: 12pt;\">La formule de cl\u00f4ture peut \u00eatre con\u00e7ue en ces termes :<\/span><\/p>\n<blockquote data-start=\"3027\" data-end=\"3213\">\n<p data-start=\"3029\" data-end=\"3213\"><span style=\"font-family: arial, helvetica, sans-serif; font-size: 12pt;\">\u00ab Le pr\u00e9sent registre contenant (indiquer le nombre en toutes lettres) actes de \u2026 a \u00e9t\u00e9 clos et arr\u00eat\u00e9 ce jourd\u2019hui \u2026 (date en toutes lettres) par moi \u2026 officier de l\u2019\u00e9tat civil de \u2026 \u00bb<\/span><\/p>\n<\/blockquote>\n<p data-start=\"3215\" data-end=\"3420\"><span style=\"font-family: arial, helvetica, sans-serif; font-size: 12pt;\">Les registres sont envoy\u00e9s aux communes par le gouverneur de la province, auquel les bourgmestres font parvenir un \u00e9tat indiquant le nombre des feuilles n\u00e9cessaires, \u00e9tat dress\u00e9 d\u2019apr\u00e8s le mod\u00e8le suivant :<\/span><\/p>\n<p data-start=\"3215\" data-end=\"3420\"><span style=\"font-size: 14pt; font-family: arial, helvetica, sans-serif;\"><img decoding=\"async\" class=\"alignleft wp-image-228079 lazyload\" data-src=\"https:\/\/geniwal.be\/wp-content\/uploads\/2025\/12\/IMG_20251230_0007-Copie.jpg\" alt=\"\" width=\"500\" height=\"292\" data-srcset=\"https:\/\/geniwal.be\/wp-content\/uploads\/2025\/12\/IMG_20251230_0007-Copie.jpg 777w, https:\/\/geniwal.be\/wp-content\/uploads\/2025\/12\/IMG_20251230_0007-Copie-300x175.jpg 300w, https:\/\/geniwal.be\/wp-content\/uploads\/2025\/12\/IMG_20251230_0007-Copie-768x448.jpg 768w, https:\/\/geniwal.be\/wp-content\/uploads\/2025\/12\/IMG_20251230_0007-Copie-18x10.jpg 18w, https:\/\/geniwal.be\/wp-content\/uploads\/2025\/12\/IMG_20251230_0007-Copie-600x350.jpg 600w, https:\/\/geniwal.be\/wp-content\/uploads\/2025\/12\/IMG_20251230_0007-Copie-103x60.jpg 103w, https:\/\/geniwal.be\/wp-content\/uploads\/2025\/12\/IMG_20251230_0007-Copie-154x90.jpg 154w\" data-sizes=\"(max-width: 500px) 100vw, 500px\" src=\"data:image\/svg+xml;base64,PHN2ZyB3aWR0aD0iMSIgaGVpZ2h0PSIxIiB4bWxucz0iaHR0cDovL3d3dy53My5vcmcvMjAwMC9zdmciPjwvc3ZnPg==\" style=\"--smush-placeholder-width: 500px; --smush-placeholder-aspect-ratio: 500\/292;\" \/><\/span><\/p>\n<\/div>\n<\/div>\n<\/div>\n<\/div>\n<div class=\"mt-3 w-full empty:hidden\">\n<div class=\"text-center\">\n<div>\n<div class=\"inline-flex border border-gray-100 dark:border-gray-700 rounded-xl\">\n<div class=\"text-token-text-secondary flex items-center justify-center gap-4 px-4 py-2.5 text-sm whitespace-nowrap\">\n<p>&nbsp;<\/p>\n<div class=\"flex items-center gap-5\"><\/div>\n<\/div>\n<div class=\"bg-token-main-surface-tertiary w-px flex-1 self-stretch\"><\/div>\n<p>&nbsp;<\/p>\n<\/div>\n<\/div>\n<\/div>\n<\/div>\n<\/div>\n<\/div>\n<\/article>\n<\/div>\n<div class=\"pointer-events-none h-px w-px absolute bottom-0\" aria-hidden=\"true\" data-edge=\"true\"><\/div>\n<\/div>\n<div id=\"thread-bottom-container\" class=\"sticky bottom-0 group\/thread-bottom-container relative isolate z-10 w-full basis-auto has-data-has-thread-error:pt-2 has-data-has-thread-error:[box-shadow:var(--sharp-edge-bottom-shadow)] md:border-transparent md:pt-0 dark:border-white\/20 md:dark:border-transparent print:hidden content-fade single-line flex flex-col\">\n<div class=\"relative h-0\"><\/div>\n<div id=\"thread-bottom\">\n<div class=\"text-base mx-auto [--thread-content-margin:--spacing(4)] @w-sm\/main:[--thread-content-margin:--spacing(6)] @w-lg\/main:[--thread-content-margin:--spacing(16)] px-(--thread-content-margin)\">\n<div class=\"[--thread-content-max-width:40rem] @w-lg\/main:[--thread-content-max-width:48rem] mx-auto max-w-(--thread-content-max-width) flex-1 mb-4\">\n<div class=\"flex justify-center empty:hidden\"><\/div>\n<div class=\"pointer-events-auto relative z-1 flex h-(--composer-container-height,100%) max-w-full flex-(--composer-container-flex,1) flex-col\">\n<div class=\"absolute start-0 end-0 bottom-full z-20\"><\/div>\n<form class=\"group\/composer w-full\" data-type=\"unified-composer\">\n<div class=\"hidden\"><input tabindex=\"-1\" multiple=\"multiple\" type=\"file\" \/><\/div>\n<div class=\"\">\n<div class=\"bg-token-bg-primary corner-superellipse\/1.1 cursor-text overflow-clip bg-clip-padding p-2.5 contain-inline-size dark:bg-[#303030] grid grid-cols-[auto_1fr_auto] [grid-template-areas:'header_header_header'_'leading_primary_trailing'_'._footer_.'] group-data-expanded\/composer:[grid-template-areas:'header_header_header'_'primary_primary_primary'_'leading_footer_trailing'] shadow-short\">\n<div class=\"-my-2.5 flex min-h-14 items-center overflow-x-hidden px-1.5 [grid-area:primary] group-data-expanded\/composer:mb-0 group-data-expanded\/composer:px-2.5\">\n<div class=\"wcDTda_prosemirror-parent text-token-text-primary max-h-[max(30svh,5rem)] max-h-52 min-h-[var(--deep-research-composer-extra-height,unset)] flex-1 overflow-auto [scrollbar-width:thin] default-browser vertical-scroll-fade-mask\">\n<p><textarea class=\"wcDTda_fallbackTextarea\" name=\"prompt-textarea\" autofocus=\"\" placeholder=\"Poser une question\" data-virtualkeyboard=\"true\"><\/textarea><\/p>\n<div id=\"prompt-textarea\" class=\"ProseMirror\" contenteditable=\"true\" translate=\"no\" data-virtualkeyboard=\"true\">\n<h3 data-start=\"244\" data-end=\"275\"><span style=\"font-family: arial, helvetica, sans-serif;\"><strong data-start=\"248\" data-end=\"275\">3. D\u00e9p\u00f4t des registres.<\/strong><\/span><\/h3>\n<p data-start=\"277\" data-end=\"473\"><span style=\"font-family: arial, helvetica, sans-serif;\"><strong data-start=\"277\" data-end=\"304\">Art. 43, \u00a7 2, C. civil.<\/strong> \u2014 Dans le mois qui suit la fin de l\u2019ann\u00e9e, l\u2019un des doubles (des registres) sera d\u00e9pos\u00e9 aux archives de la commune ; l\u2019autre au greffe du tribunal de premi\u00e8re instance.<br \/>\n<\/span><span style=\"font-family: arial, helvetica, sans-serif;\">Ce d\u00e9p\u00f4t n\u2019est sujet \u00e0 aucun droit, en faisant, l\u2019officier doit demander au greffier une reconnaissance sur papier libre qui en constate la remise.<br \/>\n<\/span><span style=\"font-family: arial, helvetica, sans-serif;\"><strong data-start=\"624\" data-end=\"636\">Art. 44.<\/strong> \u2014 Les procurations et les autres pi\u00e8ces qui doivent demeurer annex\u00e9es aux actes de l\u2019\u00e9tat civil, seront d\u00e9pos\u00e9es, apr\u00e8s qu\u2019elles auront \u00e9t\u00e9 paraph\u00e9es par le juge ou par le pr\u00e9sident du tribunal de premi\u00e8re instance, au greffe du tribunal, avec le double des registres, dont le d\u00e9p\u00f4t doit avoir lieu audit greffe.<\/span><\/p>\n<p data-start=\"951\" data-end=\"1082\"><span style=\"font-family: arial, helvetica, sans-serif;\">Les autres pi\u00e8ces dont parle l\u2019art. 44 sont celles dont il est fait mention ou application dans les actes ou qui ont servi de base.<\/span><\/p>\n<p data-start=\"951\" data-end=\"1082\"><span style=\"font-family: arial, helvetica, sans-serif;\"><strong>A suivre les tables alphab\u00e9tiques :<\/strong> <a href=\"https:\/\/geniwal.be\/nos-pistes\/genealogie\/les-tables-alpha\u2026tables-annuelles\/\">https:\/\/geniwal.be\/nos-pistes\/genealogie\/les-tables-alpha\u2026tables-annuelles\/<\/a><\/span><\/p>\n<p data-start=\"1084\" data-end=\"1172\">\n<\/div>\n<\/div>\n<\/div>\n<div class=\"[grid-area:leading]\"><\/div>\n<div class=\"flex items-center gap-2 [grid-area:trailing]\">\n<div class=\"ms-auto flex items-center gap-1.5\">\n<p>&nbsp;<\/p>\n<div>\n<div>\n<div class=\"relative\"><\/div>\n<\/div>\n<\/div>\n<\/div>\n<\/div>\n<\/div>\n<\/div>\n<\/form>\n<\/div>\n<\/div>\n<\/div>\n<\/div>\n<\/div>\n","protected":false},"excerpt":{"rendered":"<p>&nbsp; L\u2019\u00e9tat civil a pour objet de fixer la condition de l\u2019homme dans la soci\u00e9t\u00e9 et de consacrer, tant dans son int\u00e9r\u00eat que dans celui des familles et de la [&hellip;]<\/p>\n","protected":false},"author":2,"featured_media":228075,"comment_status":"closed","ping_status":"open","sticky":false,"template":"","format":"standard","meta":{"_et_pb_use_builder":"","_et_pb_old_content":"","_et_gb_content_width":"","footnotes":""},"categories":[62],"tags":[],"class_list":["post-228073","post","type-post","status-publish","format-standard","has-post-thumbnail","hentry","category-genealogie","et-has-post-format-content","et_post_format-et-post-format-standard"],"aioseo_notices":[],"_links":{"self":[{"href":"https:\/\/geniwal.be\/en\/wp-json\/wp\/v2\/posts\/228073","targetHints":{"allow":["GET"]}}],"collection":[{"href":"https:\/\/geniwal.be\/en\/wp-json\/wp\/v2\/posts"}],"about":[{"href":"https:\/\/geniwal.be\/en\/wp-json\/wp\/v2\/types\/post"}],"author":[{"embeddable":true,"href":"https:\/\/geniwal.be\/en\/wp-json\/wp\/v2\/users\/2"}],"replies":[{"embeddable":true,"href":"https:\/\/geniwal.be\/en\/wp-json\/wp\/v2\/comments?post=228073"}],"version-history":[{"count":7,"href":"https:\/\/geniwal.be\/en\/wp-json\/wp\/v2\/posts\/228073\/revisions"}],"predecessor-version":[{"id":228090,"href":"https:\/\/geniwal.be\/en\/wp-json\/wp\/v2\/posts\/228073\/revisions\/228090"}],"wp:featuredmedia":[{"embeddable":true,"href":"https:\/\/geniwal.be\/en\/wp-json\/wp\/v2\/media\/228075"}],"wp:attachment":[{"href":"https:\/\/geniwal.be\/en\/wp-json\/wp\/v2\/media?parent=228073"}],"wp:term":[{"taxonomy":"category","embeddable":true,"href":"https:\/\/geniwal.be\/en\/wp-json\/wp\/v2\/categories?post=228073"},{"taxonomy":"post_tag","embeddable":true,"href":"https:\/\/geniwal.be\/en\/wp-json\/wp\/v2\/tags?post=228073"}],"curies":[{"name":"wp","href":"https:\/\/api.w.org\/{rel}","templated":true}]}}