{"id":295,"date":"2013-07-10T17:45:39","date_gmt":"2013-07-10T16:45:39","guid":{"rendered":"https:\/\/geniwal.be\/?p=295"},"modified":"2023-04-04T22:48:36","modified_gmt":"2023-04-04T20:48:36","slug":"gen-iberica","status":"publish","type":"post","link":"https:\/\/geniwal.be\/en\/nos-pistes\/karolus\/gen-iberica\/","title":{"rendered":"Gen-Iberica"},"content":{"rendered":"<p><b>\u00a0<\/b>The aim of this association is to bring together beginners and experienced genealogists researching their Spanish ancestors. In a spirit of exchange, sharing and mutual aid, it aims to reconstruct the history of their ancestry and to inform genealogists interested in the history and culture of Spanish society. To this end, the association carries out research in archive centres concerning Spanish immigration in the 37, 16, 57 and 42 departmental archives.<br \/>\nThe association is made up of amateurs with a wealth of experience in the field of research in Spain, but also in France. The association can guide you in your dealings with Spain and help you find the addresses of the various authorities that hold the documents you are looking for. It writes letters in Spanish and provides translations, as well as providing information on the history of Spain and their Spanish ancestors. The association publishes a quarterly magazine, \"Hola Gen-Ib\u00e9rica\", which is available to members and can be downloaded.<br \/>\n<img decoding=\"async\" data-src=\"http:\/\/www.geniwal.eu\/upload\/photo_242_menu_360.jpg\" alt=\"\" width=\"200\" height=\"254\" border=\"5\" src=\"data:image\/svg+xml;base64,PHN2ZyB3aWR0aD0iMSIgaGVpZ2h0PSIxIiB4bWxucz0iaHR0cDovL3d3dy53My5vcmcvMjAwMC9zdmciPjwvc3ZnPg==\" class=\"lazyload\" style=\"--smush-placeholder-width: 200px; --smush-placeholder-aspect-ratio: 200\/254;\" \/><br \/>\nObjectives:<\/p>\n<ul>\n<li>Bringing together people who practise genealogy or are interested in family history<\/li>\n<li>Promote the mutual exchange of information and spread knowledge of genealogy<\/li>\n<li>Meet people from the same area, a village that may already have researched the families you are interested in.<\/li>\n<\/ul>\n<p><strong>Contact:<\/strong><br \/>\nVal\u00e9rie Franco-Courtillet<br \/>\n8, rue Anatole France<br \/>\n33200 Bordeaux<br \/>\nFrance<br \/>\n<strong>Website :\u00a0<\/strong><a href=\"http:\/\/geniberica.free.fr\/association_geniberica.htm\">http:\/\/geniberica.free.fr\/geniberica_presentation.htm<\/a><br \/>\nE-mail: geniberica@orange.fr<br \/>\nAffiliated with the French Federation of Genealogy<\/p>","protected":false},"excerpt":{"rendered":"<p>\u00a0Cette association a pour but de rassembler des g\u00e9n\u00e9alogistes d\u00e9butants ou confirm\u00e9s, recherchant leurs anc\u00eatres espagnols. Dans un esprit d&rsquo;\u00e9change, de partage et d&rsquo;entraide elle souhaite reconstituer l&rsquo;histoire et celle [&hellip;]<\/p>\n","protected":false},"author":2,"featured_media":1825,"comment_status":"closed","ping_status":"closed","sticky":false,"template":"","format":"standard","meta":{"_et_pb_use_builder":"","_et_pb_old_content":"","_et_gb_content_width":"","footnotes":""},"categories":[65],"tags":[],"class_list":["post-295","post","type-post","status-publish","format-standard","has-post-thumbnail","hentry","category-karolus","et-has-post-format-content","et_post_format-et-post-format-standard"],"aioseo_notices":[],"_links":{"self":[{"href":"https:\/\/geniwal.be\/en\/wp-json\/wp\/v2\/posts\/295","targetHints":{"allow":["GET"]}}],"collection":[{"href":"https:\/\/geniwal.be\/en\/wp-json\/wp\/v2\/posts"}],"about":[{"href":"https:\/\/geniwal.be\/en\/wp-json\/wp\/v2\/types\/post"}],"author":[{"embeddable":true,"href":"https:\/\/geniwal.be\/en\/wp-json\/wp\/v2\/users\/2"}],"replies":[{"embeddable":true,"href":"https:\/\/geniwal.be\/en\/wp-json\/wp\/v2\/comments?post=295"}],"version-history":[{"count":0,"href":"https:\/\/geniwal.be\/en\/wp-json\/wp\/v2\/posts\/295\/revisions"}],"wp:featuredmedia":[{"embeddable":true,"href":"https:\/\/geniwal.be\/en\/wp-json\/wp\/v2\/media\/1825"}],"wp:attachment":[{"href":"https:\/\/geniwal.be\/en\/wp-json\/wp\/v2\/media?parent=295"}],"wp:term":[{"taxonomy":"category","embeddable":true,"href":"https:\/\/geniwal.be\/en\/wp-json\/wp\/v2\/categories?post=295"},{"taxonomy":"post_tag","embeddable":true,"href":"https:\/\/geniwal.be\/en\/wp-json\/wp\/v2\/tags?post=295"}],"curies":[{"name":"wp","href":"https:\/\/api.w.org\/{rel}","templated":true}]}}