{"id":3094,"date":"2019-04-10T21:28:08","date_gmt":"2019-04-10T19:28:08","guid":{"rendered":"https:\/\/geniwal.be\/?p=3094"},"modified":"2023-04-10T01:49:33","modified_gmt":"2023-04-09T23:49:33","slug":"letat-civil","status":"publish","type":"post","link":"https:\/\/geniwal.be\/en\/nos-pistes\/pistes-genealogiques-en-belgique\/archive-en-belgique\/letat-civil\/","title":{"rendered":"Civil status"},"content":{"rendered":"<p><span style=\"font-family: arial,helvetica,sans-serif;\"><b>Civil records: a favourite source for genealogists<\/b><\/span><\/p>\n<p>It was established by decree of the legislative assembly, the National Convention, on 20 September 1792. Our country was under French occupation following the retreat of the Prussians after their defeat at Valmy.<br \/>\n<span style=\"font-family: arial,helvetica,sans-serif;\">This agreement stipulates that the parish registers are to be closed and inventoried within a week. They are deposited in the common houses where they will be kept.<\/span><br \/>\n<span style=\"font-family: arial,helvetica,sans-serif;\">Records were no longer drawn up by the clergy (after the Concordat, the clergy continued to keep their own registers, but they had no legal value) but by the commune's civil registrar, usually the mayor (today's burgomaster) or one of his deputies. All the inhabitants (citizens) of a commune, regardless of their religion, are registered.<\/span><br \/>\n<span style=\"font-family: arial,helvetica,sans-serif;\">The 3 major acts in a man's life are: birth, marriage and death.<\/span><\/p>\n<p><span style=\"font-family: arial,helvetica,sans-serif;\"><img decoding=\"async\" class=\"aligncenter lazyload\" data-src=\"http:\/\/www.geniwal.eu\/upload\/photo_496_menu_377.jpg\" alt=\"\" width=\"170\" height=\"114\" border=\"5\" src=\"data:image\/svg+xml;base64,PHN2ZyB3aWR0aD0iMSIgaGVpZ2h0PSIxIiB4bWxucz0iaHR0cDovL3d3dy53My5vcmcvMjAwMC9zdmciPjwvc3ZnPg==\" style=\"--smush-placeholder-width: 170px; --smush-placeholder-aspect-ratio: 170\/114;\" \/><img decoding=\"async\" class=\"aligncenter lazyload\" data-src=\"http:\/\/www.geniwal.eu\/upload\/photo_499_menu_377.jpg\" alt=\"\" width=\"170\" height=\"241\" border=\"5\" src=\"data:image\/svg+xml;base64,PHN2ZyB3aWR0aD0iMSIgaGVpZ2h0PSIxIiB4bWxucz0iaHR0cDovL3d3dy53My5vcmcvMjAwMC9zdmciPjwvc3ZnPg==\" style=\"--smush-placeholder-width: 170px; --smush-placeholder-aspect-ratio: 170\/241;\" \/><img decoding=\"async\" class=\"aligncenter lazyload\" data-src=\"http:\/\/www.geniwal.eu\/upload\/photo_498_menu_377.jpg\" alt=\"\" width=\"170\" height=\"129\" border=\"5\" src=\"data:image\/svg+xml;base64,PHN2ZyB3aWR0aD0iMSIgaGVpZ2h0PSIxIiB4bWxucz0iaHR0cDovL3d3dy53My5vcmcvMjAwMC9zdmciPjwvc3ZnPg==\" style=\"--smush-placeholder-width: 170px; --smush-placeholder-aspect-ratio: 170\/129;\" \/><\/span><br \/>\n<span style=\"font-family: arial,helvetica,sans-serif;\">\u00a0<\/span><\/p>\n<p><span style=\"font-family: arial,helvetica,sans-serif;\"><b>NB. By the law of 13 fructitor year IV ( 30 august 1798 )<\/b>\u00a0weddings are celebrated\u00a0<b>in the county town<\/b>\u00a0and only decadis.<\/span><br \/>\n<span style=\"font-family: arial,helvetica,sans-serif;\">The celebration of marriages in the communes was re-established on\u00a0<b>7 thermidor year VIII ( 26 july 1800 )<\/b>.\u00a0<\/span><\/p>\n<p><span style=\"font-family: arial,helvetica,sans-serif;\">* It is possible to obtain a deed via our association<\/span><\/p>\n<p><span style=\"font-family: arial,helvetica,sans-serif;\"><b>Sources :<\/b><\/span><br \/>\n<span style=\"font-family: arial,helvetica,sans-serif;\"><b>L\u00e9on Roy<\/b>,\u00a0<i>Genealogy manual, Genealogy workshop of the Cercle d'histoire de Rixensart<\/i>, 2000, p 85.<\/span><br \/>\n<span style=\"font-family: arial,helvetica,sans-serif;\"><b>Tony Neulat<\/b>,\u00a0<i>marital status<\/i>Votre g\u00e9n\u00e9alogie n\u00b034, pp 40-41.<\/span><br \/>\n<span style=\"font-family: arial,helvetica,sans-serif;\"><b>Photographic Document<\/b>\u00a0: G\u00e9niWal asbl\u00a0<span style=\"font-size: 12pt;\">\u00a9<\/span>\u00a0all rights reserved<\/span><\/p>","protected":false},"excerpt":{"rendered":"<p>L&rsquo;\u00e9tat civil une source de pr\u00e9dilection du g\u00e9n\u00e9alogiste A \u00e9t\u00e9 instaur\u00e9 par d\u00e9cret de l&rsquo;assembl\u00e9e l\u00e9gislative la convention nationale du 20 septembre 1792. Notre pays est sous l&rsquo;occupation Fran\u00e7aise qui [&hellip;]<\/p>\n","protected":false},"author":2,"featured_media":3095,"comment_status":"open","ping_status":"open","sticky":false,"template":"","format":"standard","meta":{"_et_pb_use_builder":"","_et_pb_old_content":"","_et_gb_content_width":"","footnotes":""},"categories":[74,85],"tags":[],"class_list":["post-3094","post","type-post","status-publish","format-standard","has-post-thumbnail","hentry","category-archive-en-belgique","category-archives-modernes-1796-1918","et-has-post-format-content","et_post_format-et-post-format-standard"],"aioseo_notices":[],"_links":{"self":[{"href":"https:\/\/geniwal.be\/en\/wp-json\/wp\/v2\/posts\/3094","targetHints":{"allow":["GET"]}}],"collection":[{"href":"https:\/\/geniwal.be\/en\/wp-json\/wp\/v2\/posts"}],"about":[{"href":"https:\/\/geniwal.be\/en\/wp-json\/wp\/v2\/types\/post"}],"author":[{"embeddable":true,"href":"https:\/\/geniwal.be\/en\/wp-json\/wp\/v2\/users\/2"}],"replies":[{"embeddable":true,"href":"https:\/\/geniwal.be\/en\/wp-json\/wp\/v2\/comments?post=3094"}],"version-history":[{"count":0,"href":"https:\/\/geniwal.be\/en\/wp-json\/wp\/v2\/posts\/3094\/revisions"}],"wp:featuredmedia":[{"embeddable":true,"href":"https:\/\/geniwal.be\/en\/wp-json\/wp\/v2\/media\/3095"}],"wp:attachment":[{"href":"https:\/\/geniwal.be\/en\/wp-json\/wp\/v2\/media?parent=3094"}],"wp:term":[{"taxonomy":"category","embeddable":true,"href":"https:\/\/geniwal.be\/en\/wp-json\/wp\/v2\/categories?post=3094"},{"taxonomy":"post_tag","embeddable":true,"href":"https:\/\/geniwal.be\/en\/wp-json\/wp\/v2\/tags?post=3094"}],"curies":[{"name":"wp","href":"https:\/\/api.w.org\/{rel}","templated":true}]}}