{"id":351,"date":"2013-07-11T20:12:05","date_gmt":"2013-07-11T19:12:05","guid":{"rendered":"https:\/\/geniwal.be\/?p=351"},"modified":"2023-04-04T22:32:32","modified_gmt":"2023-04-04T20:32:32","slug":"cercle-de-genealogie-de-boulogne-billancourt-hauts-de-seine-sud","status":"publish","type":"post","link":"https:\/\/geniwal.be\/en\/nos-pistes\/karolus\/cercle-de-genealogie-de-boulogne-billancourt-hauts-de-seine-sud\/","title":{"rendered":"Boulogne-Billancourt &amp; Hauts de Seine Sud Genealogy Circle"},"content":{"rendered":"<p>The Cercle g\u00e9n\u00e9alogique de Boulogne-Billancourt was founded in 1996 on the private initiative of three people united by the same passion and desire to help each other.<br \/>\nThese founding members were soon joined by dozens of people of all ages and backgrounds, some of whom have ancestors in Boulogne but far from the majority.<br \/>\nIn 1997, the Association was registered with the Prefecture and set up around a team of motivated volunteers. A room was made available by a member, and the library was built up from contributions, purchases of books and subscriptions to various genealogical journals.<br \/>\nThe association offers :<br \/>\nAccompaniment \u00e0 la carte,<br \/>\nTechnical research advice,<br \/>\nProvincial theme groups,<br \/>\nIndividual palaeographical assistance, etc.<br \/>\nVenue for monthly meetings :<br \/>\n167, boulevard Jean-Jaur\u00e8s<br \/>\n92100 Boulogne-Billancourt<br \/>\nWebsite : <a href=\"http:\/\/cgbb.free.fr\/pg0100.html\">http:\/\/www.cgbb.free.fr<\/a><br \/>\nMail of the association : <a href=\"mailto:cgbb.info@free.fr\">cgbb.info@free.fr<\/a><br \/>\nTel.: 3333 1 47 12 08 94<br \/>\nTel: 0033 9 5018 66 59 (local call)<br \/>\nContact:\u00a0<a href=\"\/en\/info.cgbb@gmail.com\/\">info.cgbb@gmail.com<\/a><\/p>","protected":false},"excerpt":{"rendered":"<p>Le Cercle g\u00e9n\u00e9alogique de Boulogne-Billancourt a \u00e9t\u00e9 cr\u00e9\u00e9 en 1996 \u00e0 l&rsquo;initiative priv\u00e9e de trois personnes r\u00e9unies par la m\u00eame passion et le m\u00eame d\u00e9sir d&rsquo;entraide. Ces membres fondateurs ont [&hellip;]<\/p>\n","protected":false},"author":2,"featured_media":1822,"comment_status":"closed","ping_status":"closed","sticky":false,"template":"","format":"standard","meta":{"_et_pb_use_builder":"","_et_pb_old_content":"","_et_gb_content_width":"","footnotes":""},"categories":[65],"tags":[],"class_list":["post-351","post","type-post","status-publish","format-standard","has-post-thumbnail","hentry","category-karolus","et-has-post-format-content","et_post_format-et-post-format-standard"],"aioseo_notices":[],"_links":{"self":[{"href":"https:\/\/geniwal.be\/en\/wp-json\/wp\/v2\/posts\/351","targetHints":{"allow":["GET"]}}],"collection":[{"href":"https:\/\/geniwal.be\/en\/wp-json\/wp\/v2\/posts"}],"about":[{"href":"https:\/\/geniwal.be\/en\/wp-json\/wp\/v2\/types\/post"}],"author":[{"embeddable":true,"href":"https:\/\/geniwal.be\/en\/wp-json\/wp\/v2\/users\/2"}],"replies":[{"embeddable":true,"href":"https:\/\/geniwal.be\/en\/wp-json\/wp\/v2\/comments?post=351"}],"version-history":[{"count":0,"href":"https:\/\/geniwal.be\/en\/wp-json\/wp\/v2\/posts\/351\/revisions"}],"wp:featuredmedia":[{"embeddable":true,"href":"https:\/\/geniwal.be\/en\/wp-json\/wp\/v2\/media\/1822"}],"wp:attachment":[{"href":"https:\/\/geniwal.be\/en\/wp-json\/wp\/v2\/media?parent=351"}],"wp:term":[{"taxonomy":"category","embeddable":true,"href":"https:\/\/geniwal.be\/en\/wp-json\/wp\/v2\/categories?post=351"},{"taxonomy":"post_tag","embeddable":true,"href":"https:\/\/geniwal.be\/en\/wp-json\/wp\/v2\/tags?post=351"}],"curies":[{"name":"wp","href":"https:\/\/api.w.org\/{rel}","templated":true}]}}