{"id":3831,"date":"2019-07-31T16:14:51","date_gmt":"2019-07-31T14:14:51","guid":{"rendered":"https:\/\/geniwal.be\/?p=3831"},"modified":"2023-04-04T14:05:34","modified_gmt":"2023-04-04T12:05:34","slug":"claude-jaillard","status":"publish","type":"post","link":"https:\/\/geniwal.be\/en\/nos-pistes\/in-memoriam-a-la-memoire\/claude-jaillard\/","title":{"rendered":"Claude JAILLARD"},"content":{"rendered":"<p><img decoding=\"async\" class=\"size-medium wp-image-3832 alignleft lazyload\" data-src=\"https:\/\/geniwal.be\/wp-content\/uploads\/2019\/07\/67132574_2361037540656312_2206951821014990848_n-275x300.jpg\" alt=\"\" width=\"275\" height=\"300\" data-srcset=\"https:\/\/geniwal.be\/wp-content\/uploads\/2019\/07\/67132574_2361037540656312_2206951821014990848_n-275x300.jpg 275w, https:\/\/geniwal.be\/wp-content\/uploads\/2019\/07\/67132574_2361037540656312_2206951821014990848_n-300x327.jpg 300w, https:\/\/geniwal.be\/wp-content\/uploads\/2019\/07\/67132574_2361037540656312_2206951821014990848_n.jpg 302w\" data-sizes=\"(max-width: 275px) 100vw, 275px\" src=\"data:image\/svg+xml;base64,PHN2ZyB3aWR0aD0iMSIgaGVpZ2h0PSIxIiB4bWxucz0iaHR0cDovL3d3dy53My5vcmcvMjAwMC9zdmciPjwvc3ZnPg==\" style=\"--smush-placeholder-width: 275px; --smush-placeholder-aspect-ratio: 275\/300;\" \/><br \/>\n<span style=\"font-family: arial, helvetica, sans-serif; font-size: 18pt;\">It was with great sadness that we learned of the death of a great name in genealogy.<\/span><br \/>\n<span style=\"font-family: arial, helvetica, sans-serif; font-size: 18pt;\">Claude Jaillard has left us.\u00a0<\/span><span style=\"font-family: arial, helvetica, sans-serif; font-size: 18pt;\">President of the association G\u00e9n\u00e9alogie en Corr\u00e8ze, he devoted all his spare time to his passion, genealogy.\u00a0<\/span><span style=\"font-family: arial, helvetica, sans-serif; font-size: 18pt;\">Organiser of the major genealogical exhibition \"Genco\" in Brive La Gaillarde, he and his wife Anne-Marie travelled the length and breadth of France to represent the C<span class=\"text_exposed_show\">orr\u00e8ze at genealogy fairs. Many of us, whether visitors, organisers or exhibitors, had the opportunity to meet him at one of these fairs. An engaging and generous character, Claude never left anyone indifferent. He was always ready to share his experience, his organisational skills, his address book and his extensive knowledge of genealogy.<br \/>\nAlways ready to help his fellow man, although a great promoter of associative genealogy, he was always keen to help, as best he could, those who were embarking on a professional genealogical adventure.<\/span><\/span><\/p>\n<p><span style=\"font-family: arial, helvetica, sans-serif; font-size: 18pt;\">St Exup\u00e9ry said: \"A man is never quite dead as long as there is someone to speak his name\".<\/span><br \/>\n<span style=\"font-family: arial, helvetica, sans-serif; font-size: 18pt;\">Claude, if everyone you've met, supported or helped takes your first name in turn, you won't be leaving us any time soon...<\/span><\/p>\n<p><span style=\"font-family: arial, helvetica, sans-serif; font-size: 18pt;\">Our association shares the grief of his family and friends. Rest in peace Claude, we will always remember you fondly.<\/span><\/p>\n<p><span style=\"font-family: arial, helvetica, sans-serif; font-size: 18pt;\">Sources :<\/span><br \/>\n<span class=\"text_exposed_show\" style=\"font-family: arial, helvetica, sans-serif; font-size: 14pt;\">Alain ROUAULT, and the entire team at <a href=\"https:\/\/www.facebook.com\/geneagenda\/\">G\u00e9n\u00e9Agenda.<\/a><\/span><\/p>","protected":false},"excerpt":{"rendered":"<p>C&rsquo;est avec une grande tristesse que nous avons appris la disparition d&rsquo;un grand nom de la g\u00e9n\u00e9alogie. Claude Jaillard nous a quitt\u00e9.\u00a0Pr\u00e9sident de l&rsquo;association G\u00e9n\u00e9alogie en Corr\u00e8ze, il consacrait tout [&hellip;]<\/p>\n","protected":false},"author":2,"featured_media":3832,"comment_status":"open","ping_status":"open","sticky":false,"template":"","format":"standard","meta":{"_et_pb_use_builder":"","_et_pb_old_content":"","_et_gb_content_width":"","footnotes":""},"categories":[49,93],"tags":[],"class_list":["post-3831","post","type-post","status-publish","format-standard","has-post-thumbnail","hentry","category-in-memoriam-a-la-memoire","category-nos-pistes","et-has-post-format-content","et_post_format-et-post-format-standard"],"aioseo_notices":[],"_links":{"self":[{"href":"https:\/\/geniwal.be\/en\/wp-json\/wp\/v2\/posts\/3831","targetHints":{"allow":["GET"]}}],"collection":[{"href":"https:\/\/geniwal.be\/en\/wp-json\/wp\/v2\/posts"}],"about":[{"href":"https:\/\/geniwal.be\/en\/wp-json\/wp\/v2\/types\/post"}],"author":[{"embeddable":true,"href":"https:\/\/geniwal.be\/en\/wp-json\/wp\/v2\/users\/2"}],"replies":[{"embeddable":true,"href":"https:\/\/geniwal.be\/en\/wp-json\/wp\/v2\/comments?post=3831"}],"version-history":[{"count":0,"href":"https:\/\/geniwal.be\/en\/wp-json\/wp\/v2\/posts\/3831\/revisions"}],"wp:featuredmedia":[{"embeddable":true,"href":"https:\/\/geniwal.be\/en\/wp-json\/wp\/v2\/media\/3832"}],"wp:attachment":[{"href":"https:\/\/geniwal.be\/en\/wp-json\/wp\/v2\/media?parent=3831"}],"wp:term":[{"taxonomy":"category","embeddable":true,"href":"https:\/\/geniwal.be\/en\/wp-json\/wp\/v2\/categories?post=3831"},{"taxonomy":"post_tag","embeddable":true,"href":"https:\/\/geniwal.be\/en\/wp-json\/wp\/v2\/tags?post=3831"}],"curies":[{"name":"wp","href":"https:\/\/api.w.org\/{rel}","templated":true}]}}