{"id":629,"date":"2013-07-26T17:31:24","date_gmt":"2013-07-26T16:31:24","guid":{"rendered":"https:\/\/geniwal.be\/?p=629"},"modified":"2023-04-11T20:23:32","modified_gmt":"2023-04-11T18:23:32","slug":"gilberte-rousseau","status":"publish","type":"post","link":"https:\/\/geniwal.be\/en\/nos-pistes\/in-memoriam-a-la-memoire\/gilberte-rousseau\/","title":{"rendered":"Gilberte ROUSSEAU"},"content":{"rendered":"<p>&nbsp;<\/p>\n<p><span style=\"font-family: arial, helvetica, sans-serif; font-size: 18pt;\">In memory of Madame Gilberte Rousseau<\/span><br \/>\n<span style=\"font-family: arial, helvetica, sans-serif; font-size: 18pt;\">Born in Etterbeek on 12\/04\/194<\/span><br \/>\n<span style=\"font-family: arial, helvetica, sans-serif; font-size: 18pt;\">Died in Woluw\u00e9-Saint-Pierre on 31\/07\/2011<\/span><br \/>\n<span style=\"font-family: arial, helvetica, sans-serif; font-size: 18pt;\">Co-founder of G\u00e9niWal with her husband Claude Naulaers<\/span><br \/>\n<span style=\"font-family: arial, helvetica, sans-serif; font-size: 18pt;\">For Gigi<\/span><br \/>\n<span style=\"font-family: arial, helvetica, sans-serif; font-size: 18pt;\">It's a truism to say that it's difficult to take up a pen to pay tribute to someone you won't see again and about whom you're not yet used to speaking in the past tense. It's another to think that this kind of exercise is always conventional ... and that we always find all the qualities in those who have left. And yet... Community life is just like life itself: it's made up of sharing, encounters, laughter and smiles, tiredness and disappointments, heartfelt moments and outbursts, work and joy(s).<\/span><br \/>\n<span style=\"font-family: arial, helvetica, sans-serif; font-size: 18pt;\">Gigi (why say Gilberte when we never called her that?) was all that. I want to say that those who have shared (a little, a lot, madly) in the life of G\u00e9niWal since 1998 and beyond have always known Gigi, and have experienced all these moments with her. Even if everyone has (and will have) their own memories. For me, it will be the time spent together at various trade shows, answering questions from the public on the G\u00e9niWal stand. Let's forget - or pretend to forget - the family tree we filled in at the Lille congress in June to express our friendship: let's forget, because that was already a way of admitting that we had to say goodbye (quickly). Gigi? Genealogist\", \"volunteer\", \"chatty\", \"Dutch-speaking\"... and \"from Brussels\". Genealogist? Among other things, she gave us the benefit of her research in Great Britain and did a lot of work on the ancestry of Jacques Brel. A volunteer? In the original sense of the word: the one \"who wants to\": she rarely said \"no\" to Gigi. Chatty? Like me, with me, with others... A flaw and a quality when it comes to answering the questions of the Belgian and foreign genealogical public. Dutch-speaking? There have been times when she and I have been alone at VVF congresses - when our diaries were full - where she would have me repeat a few official words to her and, above all, where, unlike me, she could converse with our friends and neighbours in their own language. Brussels?  For me, this will be the last word or - if you prefer - the best: Gigi, when we met up in the evening (around a table of French and Belgians) liked to tell us stories in Brussels. Gigi loved to laugh and shared her humour with us, much to our delight, for example at the Marne-la-Vall\u00e9e conference in 2009. More than two years on ...<\/span><br \/>\n<span style=\"font-family: arial, helvetica, sans-serif; font-size: 18pt;\">You would have liked to know that I suggested to the French - as a joke - that they hold their 2015 congress in ... Waterloo. You would have laughed with me. For the next Geneatica in Wavre, or in Marseille in 2013, you won't be coming with us ... and no one will be telling us stories in Brussels like you ... But you'll be there all the same. So we'll be saying goodbye!<\/span><br \/>\n<span style=\"font-family: arial, helvetica, sans-serif; font-size: 18pt;\">Christophe Drugy, 12 August 2011<\/span><br \/>\n<span style=\"font-family: arial, helvetica, sans-serif; font-size: 18pt;\"><a href=\"https:\/\/geniwal.be\/wp-content\/uploads\/2013\/07\/photo_852_menu_775.jpg\"><img decoding=\"async\" class=\"alignnone size-medium wp-image-631 lazyload\" data-src=\"https:\/\/geniwal.be\/wp-content\/uploads\/2013\/07\/photo_852_menu_775-300x238.jpg\" alt=\"photo_852_menu_775\" width=\"300\" height=\"238\" src=\"data:image\/svg+xml;base64,PHN2ZyB3aWR0aD0iMSIgaGVpZ2h0PSIxIiB4bWxucz0iaHR0cDovL3d3dy53My5vcmcvMjAwMC9zdmciPjwvc3ZnPg==\" style=\"--smush-placeholder-width: 300px; --smush-placeholder-aspect-ratio: 300\/238;\" \/><\/a><\/span><br \/>\n<span style=\"font-family: arial, helvetica, sans-serif; font-size: 18pt;\">Gigi registered her genealogy during her lifetime so that it could be passed on to future generations.<\/span><br \/>\n<span style=\"font-family: arial, helvetica, sans-serif; font-size: 18pt;\">We will be delighted to answer any questions you may have about his genealogy.<\/span><\/p>","protected":false},"excerpt":{"rendered":"<p>&nbsp; A la m\u00e9moire de Madame Gilberte Rousseau N\u00e9e \u00e0 Etterbeek le 12\/04\/194 D\u00e9c\u00e9d\u00e9e \u00e0 Woluw\u00e9-Saint-Pierre le 31\/07\/2011 Co-fondatrice de G\u00e9niWal avec son \u00e9poux Claude Naulaers Pour Gigi C\u2019est une [&hellip;]<\/p>\n","protected":false},"author":2,"featured_media":1837,"comment_status":"closed","ping_status":"closed","sticky":false,"template":"","format":"standard","meta":{"_et_pb_use_builder":"","_et_pb_old_content":"","_et_gb_content_width":"","footnotes":""},"categories":[49],"tags":[],"class_list":["post-629","post","type-post","status-publish","format-standard","has-post-thumbnail","hentry","category-in-memoriam-a-la-memoire","et-has-post-format-content","et_post_format-et-post-format-standard"],"aioseo_notices":[],"_links":{"self":[{"href":"https:\/\/geniwal.be\/en\/wp-json\/wp\/v2\/posts\/629","targetHints":{"allow":["GET"]}}],"collection":[{"href":"https:\/\/geniwal.be\/en\/wp-json\/wp\/v2\/posts"}],"about":[{"href":"https:\/\/geniwal.be\/en\/wp-json\/wp\/v2\/types\/post"}],"author":[{"embeddable":true,"href":"https:\/\/geniwal.be\/en\/wp-json\/wp\/v2\/users\/2"}],"replies":[{"embeddable":true,"href":"https:\/\/geniwal.be\/en\/wp-json\/wp\/v2\/comments?post=629"}],"version-history":[{"count":0,"href":"https:\/\/geniwal.be\/en\/wp-json\/wp\/v2\/posts\/629\/revisions"}],"wp:featuredmedia":[{"embeddable":true,"href":"https:\/\/geniwal.be\/en\/wp-json\/wp\/v2\/media\/1837"}],"wp:attachment":[{"href":"https:\/\/geniwal.be\/en\/wp-json\/wp\/v2\/media?parent=629"}],"wp:term":[{"taxonomy":"category","embeddable":true,"href":"https:\/\/geniwal.be\/en\/wp-json\/wp\/v2\/categories?post=629"},{"taxonomy":"post_tag","embeddable":true,"href":"https:\/\/geniwal.be\/en\/wp-json\/wp\/v2\/tags?post=629"}],"curies":[{"name":"wp","href":"https:\/\/api.w.org\/{rel}","templated":true}]}}