{"id":662,"date":"2013-07-28T19:20:31","date_gmt":"2013-07-28T18:20:31","guid":{"rendered":"https:\/\/geniwal.be\/?p=662"},"modified":"2023-04-05T17:05:46","modified_gmt":"2023-04-05T15:05:46","slug":"le-cercle-genealogique-de-la-mayenne","status":"publish","type":"post","link":"https:\/\/geniwal.be\/en\/nos-pistes\/associations\/le-cercle-genealogique-de-la-mayenne\/","title":{"rendered":"Le Cercle G\u00e9n\u00e9alogique de la Mayenne (France)"},"content":{"rendered":"<p><span style=\"font-family: arial, helvetica, sans-serif;\">Is a not-for-profit association governed by the 1901 law, bringing together volunteer genealogists concerned with safeguarding, promoting and passing on our written heritage.<\/span><br \/>\n<span style=\"font-family: arial, helvetica, sans-serif;\">The association welcomes genealogists and amateur researchers with the aim of helping each other and popularising genealogy.<\/span><br \/>\n<span style=\"font-family: arial, helvetica, sans-serif;\">The permanent link between members is the quarterly magazine \"\u00a9 Itin\u00e9rage\". It publishes the questions asked and the answers provided by the volunteers or by the readers themselves. You will also find genealogies, historical accounts and information on the life of the association. Readers' contributions are accepted on a space and interest basis.<\/span><br \/>\n<span style=\"font-family: arial, helvetica, sans-serif;\">The association is federated at national level.<\/span><br \/>\n<span style=\"font-family: arial, helvetica, sans-serif;\">The Cercle G\u00e9n\u00e9alogique de la Mayenne<\/span><br \/>\n<span style=\"font-family: arial, helvetica, sans-serif;\">28 rue Henri de Gisors<\/span><br \/>\n<span style=\"font-family: arial, helvetica, sans-serif;\">53000 Laval<\/span><br \/>\n<span style=\"font-family: arial, helvetica, sans-serif;\">Tel: 00 33 2 43 53 39 98<\/span><br \/>\n<span style=\"font-family: arial, helvetica, sans-serif;\">Site : <a href=\"http:\/\/www.genealogie-53.org\">http:\/\/www.genealogie-53.org<\/a><\/span><br \/>\n<span style=\"font-family: arial, helvetica, sans-serif;\">Mail :\u00a0 <a href=\"mailto:cgmayenne@yahoo.fr\">cgmayenne@yahoo.fr<\/a><\/span><\/p>","protected":false},"excerpt":{"rendered":"<p>Est une association r\u00e9gie par la loi de 1901, \u00e0 but non lucratif, regroupant des g\u00e9n\u00e9alogistes b\u00e9n\u00e9voles soucieux de la sauvegarde, de la valorisation et de la transmission du patrimoine [&hellip;]<\/p>\n","protected":false},"author":2,"featured_media":1808,"comment_status":"closed","ping_status":"closed","sticky":false,"template":"","format":"standard","meta":{"_et_pb_use_builder":"","_et_pb_old_content":"","_et_gb_content_width":"","footnotes":""},"categories":[72],"tags":[],"class_list":["post-662","post","type-post","status-publish","format-standard","has-post-thumbnail","hentry","category-associations","et-has-post-format-content","et_post_format-et-post-format-standard"],"aioseo_notices":[],"_links":{"self":[{"href":"https:\/\/geniwal.be\/en\/wp-json\/wp\/v2\/posts\/662","targetHints":{"allow":["GET"]}}],"collection":[{"href":"https:\/\/geniwal.be\/en\/wp-json\/wp\/v2\/posts"}],"about":[{"href":"https:\/\/geniwal.be\/en\/wp-json\/wp\/v2\/types\/post"}],"author":[{"embeddable":true,"href":"https:\/\/geniwal.be\/en\/wp-json\/wp\/v2\/users\/2"}],"replies":[{"embeddable":true,"href":"https:\/\/geniwal.be\/en\/wp-json\/wp\/v2\/comments?post=662"}],"version-history":[{"count":0,"href":"https:\/\/geniwal.be\/en\/wp-json\/wp\/v2\/posts\/662\/revisions"}],"wp:featuredmedia":[{"embeddable":true,"href":"https:\/\/geniwal.be\/en\/wp-json\/wp\/v2\/media\/1808"}],"wp:attachment":[{"href":"https:\/\/geniwal.be\/en\/wp-json\/wp\/v2\/media?parent=662"}],"wp:term":[{"taxonomy":"category","embeddable":true,"href":"https:\/\/geniwal.be\/en\/wp-json\/wp\/v2\/categories?post=662"},{"taxonomy":"post_tag","embeddable":true,"href":"https:\/\/geniwal.be\/en\/wp-json\/wp\/v2\/tags?post=662"}],"curies":[{"name":"wp","href":"https:\/\/api.w.org\/{rel}","templated":true}]}}