{"id":6887,"date":"2021-03-23T12:21:41","date_gmt":"2021-03-23T11:21:41","guid":{"rendered":"https:\/\/geniwal.be\/?p=6887"},"modified":"2021-03-23T12:22:14","modified_gmt":"2021-03-23T11:22:14","slug":"a-la-memoire-de-gerard-schneider","status":"publish","type":"post","link":"https:\/\/geniwal.be\/en\/nos-pistes\/in-memoriam-a-la-memoire\/a-la-memoire-de-gerard-schneider\/","title":{"rendered":"In memory of G\u00e9rard SCHNEIDER"},"content":{"rendered":"<p>&nbsp;<\/p>\n<p><img decoding=\"async\" class=\"size-medium wp-image-6888 alignleft lazyload\" data-src=\"https:\/\/geniwal.be\/wp-content\/uploads\/2021\/03\/Gerard-Luneville-18-octobre-2015-002-244x300.jpg\" alt=\"\" width=\"244\" height=\"300\" src=\"data:image\/svg+xml;base64,PHN2ZyB3aWR0aD0iMSIgaGVpZ2h0PSIxIiB4bWxucz0iaHR0cDovL3d3dy53My5vcmcvMjAwMC9zdmciPjwvc3ZnPg==\" style=\"--smush-placeholder-width: 244px; --smush-placeholder-aspect-ratio: 244\/300;\" \/><\/p>\n<p>&nbsp;<\/p>\n<p>&nbsp;<\/p>\n<p>&nbsp;<\/p>\n<p>&nbsp;<\/p>\n<p>&nbsp;<\/p>\n<p>&nbsp;<\/p>\n<p>&nbsp;<\/p>\n<p style=\"text-align: left;\"><span style=\"font-family: arial, helvetica, sans-serif;\"><br \/>\nIt is with great sadness that we announce the death of G\u00e9rard <\/span><br \/>\n<span style=\"font-family: arial, helvetica, sans-serif;\">SCHNEIDER, our great friend and Vice-President of the Centre G\u00e9n\u00e9alogique de <\/span><br \/>\n<span style=\"font-family: arial, helvetica, sans-serif;\">Haute-Marne.<\/span><br \/>\n<span style=\"font-family: arial, helvetica, sans-serif;\">He died on Friday 19 March in Dijon, following a worsening of his condition. <\/span><br \/>\n<span style=\"font-family: arial, helvetica, sans-serif;\">his respiratory problems.<\/span><br \/>\n<span style=\"font-family: arial, helvetica, sans-serif;\">We're convinced that many of you and your members will be able to make a difference. <\/span><br \/>\n<span style=\"font-family: arial, helvetica, sans-serif;\">members got to know G\u00e9rard at one of the many events he attended. <\/span><br \/>\n<span style=\"font-family: arial, helvetica, sans-serif;\">genealogical studies in which he had been involved since 1999 with his late husband. <\/span><br \/>\n<span style=\"font-family: arial, helvetica, sans-serif;\">Nelly GIRARD, President of our Association, who passed away in 2013.<\/span><\/p>\n<p style=\"text-align: left;\"><span style=\"font-family: arial, helvetica, sans-serif;\">The Board of Directors of<\/span><br \/>\n<span style=\"font-family: arial, helvetica, sans-serif;\">Haute-Marne Genealogy Centre<\/span><br \/>\n<span style=\"font-family: arial, helvetica, sans-serif;\">BP 70175 - 52005 CHAUMONT CEDEX<\/span><br \/>\n<span style=\"font-family: arial, helvetica, sans-serif;\"><a href=\"http:\/\/www.actes52.fr\">http:\/\/www.actes52.fr<\/a><\/span><br \/>\n<span style=\"font-family: arial, helvetica, sans-serif;\">tel + 33 (0)3 25 31 19 73<\/span><br \/>\n<span style=\"font-family: arial, helvetica, sans-serif;\">e-mail <a href=\"mailto:52genealogie@orange.fr\">52genealogie@orange.fr<\/a><\/span><\/p>","protected":false},"excerpt":{"rendered":"<p>&nbsp; &nbsp; &nbsp; &nbsp; &nbsp; &nbsp; &nbsp; &nbsp; Nous avons la grande tristesse de vous annoncer le d\u00e9c\u00e8s de G\u00e9rard SCHNEIDER, notre grand ami et vice-pr\u00e9sident du Centre G\u00e9n\u00e9alogique de [&hellip;]<\/p>\n","protected":false},"author":2,"featured_media":6888,"comment_status":"closed","ping_status":"open","sticky":false,"template":"","format":"standard","meta":{"_et_pb_use_builder":"","_et_pb_old_content":"","_et_gb_content_width":"","footnotes":""},"categories":[49],"tags":[],"class_list":["post-6887","post","type-post","status-publish","format-standard","has-post-thumbnail","hentry","category-in-memoriam-a-la-memoire","et-has-post-format-content","et_post_format-et-post-format-standard"],"aioseo_notices":[],"_links":{"self":[{"href":"https:\/\/geniwal.be\/en\/wp-json\/wp\/v2\/posts\/6887","targetHints":{"allow":["GET"]}}],"collection":[{"href":"https:\/\/geniwal.be\/en\/wp-json\/wp\/v2\/posts"}],"about":[{"href":"https:\/\/geniwal.be\/en\/wp-json\/wp\/v2\/types\/post"}],"author":[{"embeddable":true,"href":"https:\/\/geniwal.be\/en\/wp-json\/wp\/v2\/users\/2"}],"replies":[{"embeddable":true,"href":"https:\/\/geniwal.be\/en\/wp-json\/wp\/v2\/comments?post=6887"}],"version-history":[{"count":0,"href":"https:\/\/geniwal.be\/en\/wp-json\/wp\/v2\/posts\/6887\/revisions"}],"wp:featuredmedia":[{"embeddable":true,"href":"https:\/\/geniwal.be\/en\/wp-json\/wp\/v2\/media\/6888"}],"wp:attachment":[{"href":"https:\/\/geniwal.be\/en\/wp-json\/wp\/v2\/media?parent=6887"}],"wp:term":[{"taxonomy":"category","embeddable":true,"href":"https:\/\/geniwal.be\/en\/wp-json\/wp\/v2\/categories?post=6887"},{"taxonomy":"post_tag","embeddable":true,"href":"https:\/\/geniwal.be\/en\/wp-json\/wp\/v2\/tags?post=6887"}],"curies":[{"name":"wp","href":"https:\/\/api.w.org\/{rel}","templated":true}]}}