{"id":6950,"date":"2021-04-24T16:39:05","date_gmt":"2021-04-24T14:39:05","guid":{"rendered":"https:\/\/geniwal.be\/?p=6950"},"modified":"2023-04-04T19:08:11","modified_gmt":"2023-04-04T17:08:11","slug":"de-brouckere-charles-marie-ghislain","status":"publish","type":"post","link":"https:\/\/geniwal.be\/en\/nos-pistes\/personnalites-belges\/de-brouckere-charles-marie-ghislain\/","title":{"rendered":"de BROUCKERE Charles Marie Joseph"},"content":{"rendered":"<div id=\"attachment_6954\" style=\"width: 410px\" class=\"wp-caption aligncenter\"><img decoding=\"async\" aria-describedby=\"caption-attachment-6954\" class=\"wp-image-6954 lazyload\" data-src=\"https:\/\/geniwal.be\/wp-content\/uploads\/2021\/04\/Charles_de_Brouckere-219x300.png\" alt=\"\" width=\"400\" height=\"548\" src=\"data:image\/svg+xml;base64,PHN2ZyB3aWR0aD0iMSIgaGVpZ2h0PSIxIiB4bWxucz0iaHR0cDovL3d3dy53My5vcmcvMjAwMC9zdmciPjwvc3ZnPg==\" style=\"--smush-placeholder-width: 400px; --smush-placeholder-aspect-ratio: 400\/548;\" \/><p id=\"caption-attachment-6954\" class=\"wp-caption-text\">de BROUCKERE Charles Marie Joseph<\/p><\/div>\n<p>&nbsp;<\/p>\n<p class=\"definition\" style=\"text-align: left;\"><span style=\"font-family: arial, helvetica, sans-serif; font-size: 14pt;\"><img decoding=\"async\" class=\"aligncenter wp-image-6958 size-large lazyload\" data-src=\"https:\/\/geniwal.be\/wp-content\/uploads\/2021\/04\/MAUBRAY_NAISSANCES_EC_1897_036-1024x388.jpg\" alt=\"\" width=\"1024\" height=\"388\" src=\"data:image\/svg+xml;base64,PHN2ZyB3aWR0aD0iMSIgaGVpZ2h0PSIxIiB4bWxucz0iaHR0cDovL3d3dy53My5vcmcvMjAwMC9zdmciPjwvc3ZnPg==\" style=\"--smush-placeholder-width: 1024px; --smush-placeholder-aspect-ratio: 1024\/388;\" \/><\/span><\/p>\n<p>&nbsp;<\/p>\n<p style=\"text-align: left;\"><span style=\"font-family: arial, helvetica, sans-serif; font-size: 14pt;\">Liberal politician, born in Bruges on 18 January 1796 and died in Brussels on 20 April 1860. Son of <strong>Charles de BROUCKERE<\/strong> and <strong>de STOOP<\/strong> Colette, married at Maastricht on 02\/09\/1819 Netherlands to <strong>VISSCHERS Marie Gertrude<\/strong> born 02 September 1798 in Maastricht, died 07\/02\/1876 in Brussels, daughter of VISSCHERS Guillaume and NIJST Marie Elisabeth. Elisabeth Marie Charlotte was born of this union. <strong>de BROUCKERE <\/strong>born on 24\/07\/1820, Alfred <strong>de BROUCKERE born<\/strong> 19\/02\/1827 and Caroline Marie <strong>de BROUCKERE <\/strong>born on 22\/08\/1828 all in Maastricht (Netherlands) then attached to Belgium until 1839, lawyer, in 1815 artillery officer, in 1824 member of the provincial states and of the permanent deputation of Limbourg, in 1826 member of the second chamber of the states general under the Dutch regime, in 1830 Colonel of Artillery and Military Governor of the Province of Li\u00e8ge, member of the Constitution Committee, he played an important role in the Belgian Revolution, in 1831 member of the National Congress for the district of Hasselt, in 1831 aide-de-camp to the King, he represented the district of Brussels in the Chamber from 1831 to 1832, in 1831 he became Minister of Finance and the Interior, then Minister of War between 1831 and 1832, in 1834 Professor at the Universit\u00e9 libre de Bruxelles where he taught special mathematics, astronomy, statistics and political economy, in 1835 Director of the Bank of Belgium, in 1847 he was a member of the Brussels Municipal Council, and from 1848 to 1856 and 1857 to 1860 a member of the House of Representatives, in 1851 and 1855 chairman of the Belgian commission at the Universal Exhibitions in London and Paris, and in 1848 mayor of Brussels, a post he held until his death at 10 a.m. on 20 April 1860. He was the brother of <strong>Henri de BROUCKERE<\/strong><\/span><\/p>\n<p><span style=\"font-size: 14pt; font-family: arial, helvetica, sans-serif;\"><span style=\"text-decoration: underline;\">Where to find the grave of de <strong>BROUCKERE Charles Marie Joseph<\/strong> in the<\/span> <span style=\"color: #0000ff;\"><a style=\"color: #0000ff;\" href=\"https:\/\/environnement.brussels\/fiche\/cimetiere-de-bruxelles\">Brussels necropolis<\/a><\/span><\/span><\/p>\n<div id=\"attachment_6968\" style=\"width: 410px\" class=\"wp-caption alignleft\"><img decoding=\"async\" aria-describedby=\"caption-attachment-6968\" class=\"wp-image-6968 lazyload\" data-src=\"https:\/\/geniwal.be\/wp-content\/uploads\/2021\/04\/img775.jpg\" alt=\"\" width=\"400\" height=\"563\" data-srcset=\"https:\/\/geniwal.be\/wp-content\/uploads\/2021\/04\/img775.jpg 628w, https:\/\/geniwal.be\/wp-content\/uploads\/2021\/04\/img775-450x633.jpg 450w, https:\/\/geniwal.be\/wp-content\/uploads\/2021\/04\/img775-600x845.jpg 600w, https:\/\/geniwal.be\/wp-content\/uploads\/2021\/04\/img775-213x300.jpg 213w, https:\/\/geniwal.be\/wp-content\/uploads\/2021\/04\/img775-300x422.jpg 300w\" data-sizes=\"(max-width: 400px) 100vw, 400px\" src=\"data:image\/svg+xml;base64,PHN2ZyB3aWR0aD0iMSIgaGVpZ2h0PSIxIiB4bWxucz0iaHR0cDovL3d3dy53My5vcmcvMjAwMC9zdmciPjwvc3ZnPg==\" style=\"--smush-placeholder-width: 400px; --smush-placeholder-aspect-ratio: 400\/563;\" \/><p id=\"caption-attachment-6968\" class=\"wp-caption-text\">Funerary monument: de BROUCKERE Charles Marie Joseph at the Brussels cemetery<\/p><\/div>\n<p style=\"text-align: left;\"><span style=\"font-family: arial, helvetica, sans-serif; font-size: 14pt;\">His funeral took place on 22 April 1860, on a foggy, cold day, led by an imposing procession to the ancient collegiate church of Saints Michel and Gudule. He was then taken to the town's main cemetery. <strong>Charles Marie Joseph de BROUCKERE<\/strong> was transferred in 1871 from the <em>Quartier L\u00e9opold cemetery<\/em> located in the commune of Saint-Josse, near the necropolis of the city of Brussels. His funerary monument was designed in 1861 by the architect <a href=\"https:\/\/geniwal.be\/en\/non-classe\/de-brouckere-charles-marie-joseph\/\"><strong>BEYAERT<\/strong><\/a> and the sculptor <strong>FIERS<\/strong>It is located on the 8th lawn of the rondpoint des bourgmestres, concession no. 12.  The monument is made of French stone with the following symbols: a cross \"one of the symbols attested to since the most ancient times, in Egypt, China, Knossos and Crete\", a flame \"In all traditions, the flame is the symbol of purification, illumination and spiritual love. It is the image of spirit and transcendence, the soul of fire\", upside-down torches \"can be associated with the eternal flame, the upside-down torch is the genie of death\", falling leaves and ivy branches.<\/span><\/p>\n<p style=\"text-align: left;\"><span style=\"font-family: arial, helvetica, sans-serif; font-size: 12pt;\"><strong><span style=\"text-decoration: underline;\">Additional document concerning<\/span>\u00a0:<\/strong> <strong>de BROUCKERE<\/strong> Charles Marie Joseph and <strong><span style=\"font-family: arial, helvetica, sans-serif;\">VISSCHERS Marie Gertrude<br \/>\n<\/span><\/strong><\/span><\/p>\n<p style=\"text-align: left;\"><span style=\"font-family: arial, helvetica, sans-serif;\">Birth certificate :\u00a0 <span style=\"color: #0000ff;\"><a style=\"color: #0000ff;\" href=\"https:\/\/geniwal.be\/en\/non-classe\/de-brouckere-charles-marie-joseph\/\"><strong>de BROUCKERE Charles Marie Joseph<\/strong><\/a><\/span><\/span><br \/>\n<span style=\"font-family: arial, helvetica, sans-serif;\">Parents' consent to marriage : <span style=\"color: #0000ff;\"><a style=\"color: #0000ff;\" href=\"https:\/\/geniwal.be\/en\/non-classe\/de-brouckere-charles-marie-joseph\/\"><strong>de BROUCKERE Charles Marie Joseph<\/strong><\/a><\/span><\/span><br \/>\n<span style=\"font-family: arial, helvetica, sans-serif;\">Birth certificate : <span style=\"font-size: 12pt;\"><strong><span style=\"color: #0000ff;\"><a style=\"color: #0000ff;\" href=\"https:\/\/geniwal.be\/en\/non-classe\/de-brouckere-charles-marie-joseph\/\">VISSCHERS Marie Gertrude<\/a><\/span><br \/>\n<\/strong>Birth certificate :<strong><span style=\"color: #0000ff;\"><a style=\"color: #0000ff;\" href=\"https:\/\/geniwal.be\/en\/non-classe\/de-brouckere-charles-marie-joseph\/\">de BROUCKERE <\/a><\/span><span style=\"font-family: arial, helvetica, sans-serif; font-size: 14pt;\"><span style=\"font-size: 12pt; color: #0000ff;\">Elisabeth Marie Charlotte<\/span><br \/>\n<\/span><\/strong><span style=\"font-family: arial, helvetica, sans-serif; font-size: 14pt;\"><span style=\"font-size: 12pt;\">Birth certificate :<\/span><\/span><strong><span style=\"font-family: arial, helvetica, sans-serif; font-size: 14pt;\"><span style=\"color: #0000ff;\"><a style=\"color: #0000ff;\" href=\"https:\/\/geniwal.be\/en\/non-classe\/de-brouckere-charles-marie-joseph\/\"><span style=\"font-size: 12pt;\"> de BROUCKERE Caroline Marie<\/span><\/a><\/span><br \/>\n<\/span><\/strong><\/span><\/span><\/p>\n<p>&nbsp;<\/p>\n<p>&nbsp;<\/p>\n<p>&nbsp;<\/p>\n<p style=\"text-align: left;\"><span style=\"font-family: arial, helvetica, sans-serif;\"><strong><br \/>\n<span style=\"font-size: 14pt;\">Photo credit :<br \/>\n<\/span><\/strong><br \/>\n<span style=\"text-decoration: underline;\"><span style=\"color: #0000ff; text-decoration: underline;\">https:\/\/www.google.com\/search?rlz=1C1CHBF_frBE917BE917&amp;sxsrf=ALeKk03P-wgjoX_heF8ZMqaNkUVPpNrD3Q:1619281957347&amp;source=univ&amp;tbm=isch&amp;q=Images+DE+BROUCKERE+Charles&amp;sa=X&amp;ved=2ahUKEwio_u6up5fwAhVjMewKHc1pCCMQjJkEegQIBRAB&amp;biw=1920&amp;bih=880#imgrc=FzyJApANau5l3M<\/span><\/span><br \/>\n<span style=\"text-decoration: underline;\"><span style=\"color: #0000ff; text-decoration: underline;\">https:\/\/fr.wikipedia.org\/wiki\/Charles_de_Brouck%C3%A8re<\/span><\/span><br \/>\n<span style=\"text-decoration: underline;\"><span style=\"color: #0000ff; text-decoration: underline;\">https:\/\/www.familiekunde-brussel.be\/pdf\/burgemeesters\/vs2000_bb_laporte_121-130_de-brouckere.pdf<\/span><\/span><br \/>\n<\/span><\/p>\n<p style=\"text-align: left;\"><span style=\"font-size: 14pt;\"><strong><span style=\"font-family: arial, helvetica, sans-serif;\">Sources :<br \/>\n<\/span><\/strong><\/span><br \/>\n<span style=\"font-family: arial, helvetica, sans-serif;\"> Le nouveau dictionnaire des Belges, published by Le CRI, 1993, p 167\u00a0<\/span><br \/>\n<span style=\"font-family: arial, helvetica, sans-serif;\">C\u00e9cilia <strong>VANDERVELDE<\/strong>La n\u00e9cropole de Bruxelles, published by the Commission for the History of Europe, 1991, p. 35<\/span><\/p>\n<p>All rights reserved<br \/>\n<strong><span style=\"font-family: arial, helvetica, sans-serif; font-size: 12pt;\">Yves Heraly<\/span><\/strong><\/p>\n<p>&nbsp;<\/p>","protected":false},"excerpt":{"rendered":"<p>&nbsp; &nbsp; Homme politique lib\u00e9ral, n\u00e9 \u00e0 Bruges le 18 janvier 1796 et d\u00e9c\u00e9d\u00e9 \u00e0 Bruxelles le 20 avril 1860. Fils de Charles de BROUCKERE et de STOOP Colette, mari\u00e9 [&hellip;]<\/p>\n","protected":false},"author":2,"featured_media":6968,"comment_status":"closed","ping_status":"open","sticky":false,"template":"","format":"standard","meta":{"_et_pb_use_builder":"","_et_pb_old_content":"","_et_gb_content_width":"","footnotes":""},"categories":[93,89],"tags":[],"class_list":["post-6950","post","type-post","status-publish","format-standard","has-post-thumbnail","hentry","category-nos-pistes","category-personnalites-belges","et-has-post-format-content","et_post_format-et-post-format-standard"],"aioseo_notices":[],"_links":{"self":[{"href":"https:\/\/geniwal.be\/en\/wp-json\/wp\/v2\/posts\/6950","targetHints":{"allow":["GET"]}}],"collection":[{"href":"https:\/\/geniwal.be\/en\/wp-json\/wp\/v2\/posts"}],"about":[{"href":"https:\/\/geniwal.be\/en\/wp-json\/wp\/v2\/types\/post"}],"author":[{"embeddable":true,"href":"https:\/\/geniwal.be\/en\/wp-json\/wp\/v2\/users\/2"}],"replies":[{"embeddable":true,"href":"https:\/\/geniwal.be\/en\/wp-json\/wp\/v2\/comments?post=6950"}],"version-history":[{"count":0,"href":"https:\/\/geniwal.be\/en\/wp-json\/wp\/v2\/posts\/6950\/revisions"}],"wp:featuredmedia":[{"embeddable":true,"href":"https:\/\/geniwal.be\/en\/wp-json\/wp\/v2\/media\/6968"}],"wp:attachment":[{"href":"https:\/\/geniwal.be\/en\/wp-json\/wp\/v2\/media?parent=6950"}],"wp:term":[{"taxonomy":"category","embeddable":true,"href":"https:\/\/geniwal.be\/en\/wp-json\/wp\/v2\/categories?post=6950"},{"taxonomy":"post_tag","embeddable":true,"href":"https:\/\/geniwal.be\/en\/wp-json\/wp\/v2\/tags?post=6950"}],"curies":[{"name":"wp","href":"https:\/\/api.w.org\/{rel}","templated":true}]}}