{"id":8180,"date":"2022-01-09T11:23:34","date_gmt":"2022-01-09T10:23:34","guid":{"rendered":"https:\/\/geniwal.be\/?p=8180"},"modified":"2022-01-10T10:13:50","modified_gmt":"2022-01-10T09:13:50","slug":"monument-au-mort-de-la-ville-de-spa-province-de-liege","status":"publish","type":"post","link":"https:\/\/geniwal.be\/en\/nos-pistes\/pistes-genealogiques-en-belgique\/recherche-14-18\/monument-au-mort-de-la-ville-de-spa-province-de-liege\/","title":{"rendered":"Monument to the dead of the town of Spa province of Li\u00e8ge"},"content":{"rendered":"<p><img decoding=\"async\" class=\"wp-image-8181 alignleft lazyload\" data-src=\"https:\/\/geniwal.be\/wp-content\/uploads\/2022\/01\/P1010150-225x300.jpg\" alt=\"\" width=\"350\" height=\"263\" src=\"data:image\/svg+xml;base64,PHN2ZyB3aWR0aD0iMSIgaGVpZ2h0PSIxIiB4bWxucz0iaHR0cDovL3d3dy53My5vcmcvMjAwMC9zdmciPjwvc3ZnPg==\" style=\"--smush-placeholder-width: 350px; --smush-placeholder-aspect-ratio: 350\/263;\" \/><\/p>\n<p><img decoding=\"async\" class=\"wp-image-8182 alignright lazyload\" data-src=\"https:\/\/geniwal.be\/wp-content\/uploads\/2022\/01\/P1010145-225x300.jpg\" alt=\"\" width=\"340\" height=\"453\" src=\"data:image\/svg+xml;base64,PHN2ZyB3aWR0aD0iMSIgaGVpZ2h0PSIxIiB4bWxucz0iaHR0cDovL3d3dy53My5vcmcvMjAwMC9zdmciPjwvc3ZnPg==\" style=\"--smush-placeholder-width: 340px; --smush-placeholder-aspect-ratio: 340\/453;\" \/><\/p>\n<p><strong style=\"font-family: arial, helvetica, sans-serif;\"><img decoding=\"async\" class=\"aligncenter wp-image-8183 lazyload\" data-src=\"https:\/\/geniwal.be\/wp-content\/uploads\/2022\/01\/spa_mom_cpa_03-300x194.jpg\" alt=\"\" width=\"500\" height=\"323\" src=\"data:image\/svg+xml;base64,PHN2ZyB3aWR0aD0iMSIgaGVpZ2h0PSIxIiB4bWxucz0iaHR0cDovL3d3dy53My5vcmcvMjAwMC9zdmciPjwvc3ZnPg==\" style=\"--smush-placeholder-width: 500px; --smush-placeholder-aspect-ratio: 500\/323;\" \/><\/strong><\/p>\n<p>&nbsp;<\/p>\n<p><strong style=\"font-family: arial, helvetica, sans-serif;\">\u00a0<\/strong><\/p>\n<p>&nbsp;<\/p>\n<p><span style=\"font-family: arial, helvetica, sans-serif;\"><strong>\u00a0<\/strong><\/span><\/p>\n<hr \/>\n<p><span style=\"font-family: arial, helvetica, sans-serif;\"><strong>ALBERT Nicolas Joseph Marcel :<br \/>\n<\/strong><\/span><span style=\"font-family: arial, helvetica, sans-serif;\">Born on 11\/11\/1882 at Spa and died on 24\/10\/1914 place unknown.<br \/>\n<\/span><span style=\"font-family: arial, helvetica, sans-serif;\">Soldier 2<sup>th<\/sup> Class 14<sup>th<\/sup> de Ligne<\/span><\/p>\n<p><span style=\"font-family: arial, helvetica, sans-serif;\"><strong>ALBERT Victor Joseph Alphonse :<br \/>\n<\/strong><\/span><span style=\"font-family: arial, helvetica, sans-serif;\">Born in Spa on 25\/10\/1884 and died in Vinkem on 15\/09\/1917.<br \/>\n<\/span><span style=\"font-family: arial, helvetica, sans-serif;\">Second Lieutenant 2<sup>th<\/sup> de Ligne.<br \/>\n<\/span><a href=\"https:\/\/bel-memorial.org\/photos\/ALBERT_Victor_9619\"><span style=\"font-family: arial, helvetica, sans-serif;\">https:\/\/bel-memorial.org\/photos\/ALBERT_Victor_9619<\/span><\/a><\/p>\n<p><span style=\"font-family: arial, helvetica, sans-serif;\"><strong>AUBINET Henri Joseph :<br \/>\n<\/strong><\/span><span style=\"font-family: arial, helvetica, sans-serif;\">Born unknown in Spa on 04\/11\/1914 and died in Pervijze on 04\/11\/1914.<br \/>\n<\/span><span style=\"font-family: arial, helvetica, sans-serif;\">Soldier 2<sup>th <\/sup>Class 12<sup>th<\/sup> de Ligne.<\/span><\/p>\n<p><span style=\"font-family: arial, helvetica, sans-serif;\"><strong>BAIWIR Charles James :<br \/>\n<\/strong><\/span><span style=\"font-family: arial, helvetica, sans-serif;\">Born 15\/06\/1891 in Spa 21\/10\/1918 and died in Adegem.<br \/>\n<\/span><span style=\"font-family: arial, helvetica, sans-serif;\">Corporal at 21<sup>th<\/sup> de ligne matricule 2099.<\/span><\/p>\n<p><span style=\"font-family: arial, helvetica, sans-serif;\"><strong>BRODURE Hubert Joseph :<br \/>\n<\/strong><\/span><span style=\"font-family: arial, helvetica, sans-serif;\">Born on an unknown date in Spa and died on 17\/04\/1917 at an unknown place.<br \/>\n<\/span><span style=\"font-family: arial, helvetica, sans-serif;\">Soldier 2<sup>th<\/sup> class 15<sup>th<\/sup> artillery.<br \/>\n<\/span><span style=\"font-family: arial, helvetica, sans-serif;\"><a href=\"https:\/\/bel-memorial.org\/photos_liege\/BRODURE_Rene_30212.htm\">https:\/\/bel-memorial.org\/photos_liege\/BRODURE_Rene_30212.htm<\/a><\/span><\/p>\n<p><span style=\"font-family: arial, helvetica, sans-serif;\"><strong>CHRISTIANE Jules Auguste Louis :<br \/>\n<\/strong><\/span><span style=\"font-family: arial, helvetica, sans-serif;\">Born in 1895 in Spa and died on 17\/04\/1918 in Merkem.<br \/>\n<\/span><span style=\"font-family: arial, helvetica, sans-serif;\">Soldier 9<sup>th<\/sup> line.<br \/>\n<\/span><span style=\"font-family: arial, helvetica, sans-serif;\"><a href=\"https:\/\/bel-memorial.org\/photos\/CHRISTIANE_Jules_26217.htm\">https:\/\/bel-memorial.org\/photos\/CHRISTIANE_Jules_26217.htm<\/a><\/span><\/p>\n<p><span style=\"font-family: arial, helvetica, sans-serif;\"><strong>CURTIUS Guillaume :<br \/>\n<\/strong><\/span><span style=\"font-family: arial, helvetica, sans-serif;\">Born 25\/05\/1878 at Spa died 02\/10\/1918 at Oostnieuwkerke.<br \/>\n<\/span><span style=\"font-family: arial, helvetica, sans-serif;\">Regimental soldier 2<sup>th<\/sup> Line <sup>4th<\/sup> of Chasseurs \u00e0 pied.<\/span><\/p>\n<p><span style=\"font-family: arial, helvetica, sans-serif;\"><strong>DEBRUS Julien Eug\u00e8ne :<br \/>\n<\/strong><\/span><span style=\"font-family: arial, helvetica, sans-serif;\">Born place and date of birth unknown and died 06\/05\/1919 place unknown.<br \/>\n<\/span><span style=\"font-family: arial, helvetica, sans-serif;\">Soldier 2<sup>th<\/sup> Class 4<sup>th<\/sup> of Genius.<\/span><\/p>\n<p><span style=\"font-family: arial, helvetica, sans-serif;\"><strong>DECERF Ivan Mathieu Edmond :<br \/>\n<\/strong><\/span><span style=\"font-family: arial, helvetica, sans-serif;\">Born 27\/02\/1898 at Spa and died 09\/10\/1918 at Oostnieuwkerke.<br \/>\n<\/span><span style=\"font-family: arial, helvetica, sans-serif;\">Soldier 2<sup>th<\/sup> Regimental class 12<sup>th<\/sup> artillery.<br \/>\n<\/span><span style=\"font-family: arial, helvetica, sans-serif;\">Buried at Mosselmarkt, Passendale.<\/span><\/p>\n<p><span style=\"font-family: arial, helvetica, sans-serif;\"><strong>DEVILLE Fran\u00e7ois Constantin :<br \/>\n<\/strong><\/span><span style=\"font-family: arial, helvetica, sans-serif;\">Born on an unknown date in Spa and died on 07\/07\/1918 at an unknown place.<br \/>\n<\/span><span style=\"font-family: arial, helvetica, sans-serif;\">Soldier 2<sup>th<\/sup> Militia class special contingent<\/span><\/p>\n<p><span style=\"font-family: arial, helvetica, sans-serif;\"><strong>DRESSE Charles Marie Antoine Amand :<br \/>\n<\/strong><\/span><span style=\"font-family: arial, helvetica, sans-serif;\">Born 23\/01\/1897 in Li\u00e8ge and died 28\/09\/1918 in Poelkapelle.<br \/>\n<\/span><span style=\"font-family: arial, helvetica, sans-serif;\">Warrant Officer Regiment 9<sup>th<\/sup> de Ligne<br \/>\n<\/span><span style=\"font-family: arial, helvetica, sans-serif;\"><a href=\"https:\/\/bel-memorial.org\/photos\/DRESSE_Charles_9631.htm\">https:\/\/bel-memorial.org\/photos\/DRESSE_Charles_9631.htm<\/a><\/span><\/p>\n<p><span style=\"font-family: arial, helvetica, sans-serif;\"><strong>DUJARDIN Evrard :<br \/>\n<\/strong><\/span><span style=\"font-family: arial, helvetica, sans-serif;\">Born 09\/04\/1887 at Orchies (France), died 01\/03\/1916 on the Yser.<br \/>\n<\/span><span style=\"font-family: arial, helvetica, sans-serif;\">Soldier 2<sup>th<\/sup> Regimental class 43<sup>th<\/sup> Infantry.<\/span><\/p>\n<p><span style=\"font-family: arial, helvetica, sans-serif;\"><strong>EMONTS Henri Joseph Hubert Marie No\u00ebl :<br \/>\n<\/strong><\/span><span style=\"font-family: arial, helvetica, sans-serif;\">Born 25\/12\/1891 at Spa died 01\/03\/1916 on the Yser.<br \/>\n<\/span><span style=\"font-family: arial, helvetica, sans-serif;\">Soldier 2<sup>th<\/sup> Regimental class 5<sup>th<\/sup> de Ligne.<br \/>\n<\/span><span style=\"font-family: arial, helvetica, sans-serif;\"><a href=\"https:\/\/www.bel-memorial.org\/photos\/EMONTS_Henri_20352.htm\">https:\/\/www.bel-memorial.org\/photos\/EMONTS_Henri_20352.htm<\/a><\/span><\/p>\n<p><span style=\"font-family: arial, helvetica, sans-serif;\"><strong>FANDEL Marcel :<br \/>\n<\/strong><\/span><span style=\"font-family: arial, helvetica, sans-serif;\">Born in Spa on 22\/06\/1899 and died in Passendale on 09\/10\/1918.<br \/>\n<\/span><span style=\"font-family: arial, helvetica, sans-serif;\">Brigadier regiment 18<sup>th<\/sup> artillery.<br \/>\n<\/span><span style=\"font-family: arial, helvetica, sans-serif;\"><a href=\"https:\/\/bel-memorial.org\/photos\/FANDEL_Marcel_26227.htm\">https:\/\/bel-memorial.org\/photos\/FANDEL_Marcel_26227.htm<\/a><\/span><\/p>\n<p><span style=\"font-family: arial, helvetica, sans-serif;\"><strong>GASPAR Gustave :<br \/>\n<\/strong><\/span><span style=\"font-family: arial, helvetica, sans-serif;\">Born place and date unknown in Spa and died 21\/11\/1917 place unknown.<br \/>\n<\/span><span style=\"font-family: arial, helvetica, sans-serif;\">Soldier 2<sup>th<\/sup> Class 12<sup>th<\/sup> Artillery.<\/span><br \/>\n<span style=\"font-family: arial, helvetica, sans-serif;\">Burial: Zuidschote<\/span><\/p>\n<p><span style=\"font-family: arial, helvetica, sans-serif;\"><strong>GONAY Hubert Eloi Joseph :<br \/>\n<\/strong><\/span><span style=\"font-family: arial, helvetica, sans-serif;\">Born in Petit Rechain and died on 02\/10\/1918 in Houthulst.<br \/>\n<\/span><span style=\"font-family: arial, helvetica, sans-serif;\">Soldier 2<sup>th<\/sup> class regiment 12<sup>th<\/sup> de Ligne<br \/>\n<\/span><span style=\"font-family: arial, helvetica, sans-serif;\">https:\/\/bel-memorial.org\/photos_liege\/GONAY_Hubert_26229.htm<\/span><\/p>\n<p><span style=\"font-family: arial, helvetica, sans-serif;\"><strong>GONAY Jacques Pierre Joseph :<br \/>\n<\/strong><\/span><span style=\"font-family: arial, helvetica, sans-serif;\">Born in Spa on 03\/09\/1891 and died in Loncin on 15\/08\/1914.<br \/>\n<\/span><span style=\"font-family: arial, helvetica, sans-serif;\">Soldier 2<sup>th<\/sup> class regiment 14<sup>th<\/sup> de Ligne<\/span><br \/>\n<span style=\"font-family: arial, helvetica, sans-serif;\">Killed in the explosion at Fort de Loncin.<\/span><\/p>\n<p><span style=\"font-family: arial, helvetica, sans-serif;\"><strong>HALLEUX Alexis :<br \/>\n<\/strong>Born place and date unknown and died place unknown.<\/span><br \/>\n<span style=\"font-family: arial, helvetica, sans-serif;\">Military service in the 1914-1918 conflict.<\/span><\/p>\n<p><span style=\"font-family: arial, helvetica, sans-serif;\"><strong>HESSE Am\u00e9d\u00e9e :<br \/>\n<\/strong><\/span><span style=\"font-family: arial, helvetica, sans-serif;\">Born 26\/07\/1870 at Metz (France), died 18\/10\/1915, place unknown<\/span><br \/>\n<span style=\"font-family: arial, helvetica, sans-serif;\">Resistance fighter shot<br \/>\n<\/span><span style=\"font-family: arial, helvetica, sans-serif;\"><a href=\"https:\/\/bel-memorial.org\/photos\/HESSE_Amedee_22957.htm\">https:\/\/bel-memorial.org\/photos\/HESSE_Amedee_22957.htm<\/a><\/span><\/p>\n<p><span style=\"font-family: arial, helvetica, sans-serif;\"><strong>HEYNEN D\u00e9sir\u00e9 Mathieu Isidore :<br \/>\n<\/strong><\/span><span style=\"font-family: arial, helvetica, sans-serif;\">Born on an unknown date in Spa and died on 17\/04\/1918 at an unknown place.<br \/>\n<\/span><span style=\"font-family: arial, helvetica, sans-serif;\">Militiaman war volunteer<\/span><\/p>\n<p><span style=\"font-family: arial, helvetica, sans-serif;\"><strong>HOUET Albert Victor Marie :<br \/>\n<\/strong><\/span><span style=\"font-family: arial, helvetica, sans-serif;\">Born 17\/12\/1891 at Spa and died 02\/07\/1916 at La panne.<br \/>\n<\/span><span style=\"font-family: arial, helvetica, sans-serif;\">Soldier 1<sup>era<\/sup> Regimental class 12<sup>th<\/sup> line.<br \/>\n<\/span><span style=\"font-family: arial, helvetica, sans-serif;\"><a href=\"https:\/\/bel-memorial.org\/photos_liege\/spa\/HOUET_Albert_9640.htm\">https:\/\/bel-memorial.org\/photos_liege\/spa\/HOUET_Albert_9640.htm<\/a><\/span><\/p>\n<p><span style=\"font-family: arial, helvetica, sans-serif;\"><strong>JAMBON Yvan Marie Joseph :<br \/>\n<\/strong><\/span><span style=\"font-family: arial, helvetica, sans-serif;\">Born on an unknown date in Spa and died on 13\/14\/1914 at a place unknown.<br \/>\n<\/span><span style=\"font-family: arial, helvetica, sans-serif;\">Soldier 2<sup>th<\/sup> Regimental class 1<sup>er<\/sup> Guides.<\/span><\/p>\n<p><span style=\"font-family: arial, helvetica, sans-serif;\"><strong>JEHIN Jean Joseph August :<br \/>\n<\/strong><\/span><span style=\"font-family: arial, helvetica, sans-serif;\">Born unknown date in Spa died 28\/04\/1918 place unknown.<br \/>\n<\/span><span style=\"font-family: arial, helvetica, sans-serif;\">Soldier 2<sup>th<\/sup> Grand Parc Automobile de R\u00e9serve class<br \/>\n<\/span><span style=\"font-family: arial, helvetica, sans-serif;\">Buried at Beveren-Aan-den-Ijser.<\/span><\/p>\n<p><span style=\"font-family: arial, helvetica, sans-serif;\"><strong>JEROME Georges :<br \/>\n<\/strong><\/span><span style=\"font-family: arial, helvetica, sans-serif;\">Born place and date unknown and died place unknown.<br \/>\n<\/span><span style=\"font-family: arial, helvetica, sans-serif;\">Military.<\/span><\/p>\n<p><span style=\"font-family: arial, helvetica, sans-serif;\"><strong>JOB Andr\u00e9 :<br \/>\n<\/strong><\/span><span style=\"font-family: arial, helvetica, sans-serif;\">Born place and date unknown and died place unknown.<br \/>\n<\/span><span style=\"font-family: arial, helvetica, sans-serif;\">Military.<\/span><\/p>\n<p><span style=\"font-family: arial, helvetica, sans-serif;\"><strong>JOSSELET Gustave.<br \/>\n<\/strong><\/span><span style=\"font-family: arial, helvetica, sans-serif;\">Born place and date unknown and died place unknown.<br \/>\n<\/span><span style=\"font-family: arial, helvetica, sans-serif;\">Military.<\/span><\/p>\n<p><span style=\"font-family: arial, helvetica, sans-serif;\"><strong>MANGNAY Paul Emile Marius :<br \/>\n<\/strong><\/span><span style=\"font-family: arial, helvetica, sans-serif;\">Born 26\/10\/1896 at Spa, died 24\/04\/1915, place unknown.<br \/>\n<\/span><span style=\"font-family: arial, helvetica, sans-serif;\">Soldier 2<sup>th<\/sup> Regimental class 1<sup>er<\/sup> Grenadiers.<br \/>\n<\/span><span style=\"font-family: arial, helvetica, sans-serif;\">Burial at Westvleteren ?<br \/>\n<\/span><span style=\"font-family: arial, helvetica, sans-serif;\"><a href=\"https:\/\/bel-memorial.org\/photos\/MANGNAY_Paul_26239.htm\">https:\/\/bel-memorial.org\/photos\/MANGNAY_Paul_26239.htm<\/a><\/span><\/p>\n<p><span style=\"font-family: arial, helvetica, sans-serif;\"><strong>MARCOTTE Henri :<br \/>\n<\/strong><\/span><span style=\"font-family: arial, helvetica, sans-serif;\">Born place and date unknown and died place unknown.<br \/>\n<\/span><span style=\"font-family: arial, helvetica, sans-serif;\">Military.<\/span><\/p>\n<p><span style=\"font-family: arial, helvetica, sans-serif;\"><strong>MARECHAL Paul :<br \/>\n<\/strong><\/span><span style=\"font-family: arial, helvetica, sans-serif;\">Born place and date unknown and died place unknown<br \/>\n<\/span><span style=\"font-family: arial, helvetica, sans-serif;\">Military.<\/span><\/p>\n<p><span style=\"font-family: arial, helvetica, sans-serif;\"><strong>MESTDAGH Alphonse Edouard :<br \/>\n<\/strong><\/span><span style=\"font-family: arial, helvetica, sans-serif;\">Born 24\/05\/1880 in Lille France and died 25\/05\/1919 Spa.<\/span><br \/>\n<span style=\"font-family: arial, helvetica, sans-serif;\">Soldier 2<sup>th<\/sup> class regiment 24<sup>th<\/sup> Infantry<\/span><\/p>\n<p><span style=\"font-family: arial, helvetica, sans-serif;\"><strong>MICHEL Ernest :<br \/>\n<\/strong><\/span><span style=\"font-family: arial, helvetica, sans-serif;\">Born place and date unknown and died place unknown.<br \/>\n<\/span><span style=\"font-family: arial, helvetica, sans-serif;\">Military.<\/span><\/p>\n<p><span style=\"font-family: arial, helvetica, sans-serif;\"><strong>MOSTENNE Albert :<br \/>\n<\/strong><\/span><span style=\"font-family: arial, helvetica, sans-serif;\">Born place and date unknown and died place unknown.<br \/>\n<\/span><span style=\"font-family: arial, helvetica, sans-serif;\">Military.<\/span><\/p>\n<p><span style=\"font-family: arial, helvetica, sans-serif;\"><strong>MOUREAU Prosper Joseph :<br \/>\n<\/strong><\/span><span style=\"font-family: arial, helvetica, sans-serif;\">Born 08\/06\/1893 at Spa, died 29\/10\/1918 at Guemps (France)<\/span><br \/>\n<span style=\"font-family: arial, helvetica, sans-serif;\">Soldier 2<sup>th<\/sup> regimental class 20<sup>th<\/sup> de Ligne.<\/span><\/p>\n<p><span style=\"font-family: arial, helvetica, sans-serif;\"><strong>PALLA Maurice Jean Julien (Marcel) :<br \/>\n<\/strong><\/span><span style=\"font-family: arial, helvetica, sans-serif;\">Born on an unknown date in Spa and died on 23\/05\/1918 at an unknown place.<br \/>\n<\/span><span style=\"font-family: arial, helvetica, sans-serif;\">Private 2nd Class, Regiment 4<sup>th<\/sup> Artillery.<\/span><\/p>\n<p><span style=\"font-family: arial, helvetica, sans-serif;\"><strong>PIETTE Victor Joseph :<br \/>\n<\/strong><\/span><span style=\"font-family: arial, helvetica, sans-serif;\">Born on an unknown date in Spa and died on 24\/10\/1914 at an unknown place.<br \/>\n<\/span><span style=\"font-family: arial, helvetica, sans-serif;\">Soldier 2<sup>th<\/sup> Regimental class 14<sup>th<\/sup> de Ligne.<\/span><\/p>\n<p><span style=\"font-family: arial, helvetica, sans-serif;\"><strong>POTTIER Charles Hubert<\/strong>\u00a0:<br \/>\n<\/span><span style=\"font-family: arial, helvetica, sans-serif;\">Born in Spa on 10\/06\/1892 and died in Poelkapelle on 02\/10\/1918.<br \/>\n<\/span><span style=\"font-family: arial, helvetica, sans-serif;\">Private 2nd class, 3rd Engineers regiment.<\/span><\/p>\n<p><span style=\"font-family: arial, helvetica, sans-serif;\"><strong>POTTIER L\u00e9on Alexandre :<br \/>\n<\/strong><\/span><span style=\"font-family: arial, helvetica, sans-serif;\">Born 15\/12\/1883 in Spa and died 08\/12\/1918 in Tirlemont.<br \/>\n<\/span><span style=\"font-family: arial, helvetica, sans-serif;\">Soldier 2<sup>th<\/sup> regimental class 3<sup>th<\/sup> Engineers or regiment 15<sup>th<\/sup> of Genius.<\/span><\/p>\n<p><span style=\"font-family: arial, helvetica, sans-serif;\"><strong>RAWAY Eug\u00e8ne Edmond Adam :<br \/>\n<\/strong><\/span><span style=\"font-family: arial, helvetica, sans-serif;\">Born 20\/11\/1897 at Spa, died 28\/09\/1918 at Westrozebeke.<br \/>\n<\/span><span style=\"font-family: arial, helvetica, sans-serif;\">Soldier 2<sup>th<\/sup> class regiment 12<sup>th<\/sup> de Ligne.<\/span><\/p>\n<p><span style=\"font-family: arial, helvetica, sans-serif;\"><strong>THIMISTER Jean Joseph :<br \/>\n<\/strong><\/span><span style=\"font-family: arial, helvetica, sans-serif;\">Born 02\/04\/1886 at Dison and died 05\/06\/1915 at Alveringem. s<\/span><br \/>\n<span style=\"font-family: arial, helvetica, sans-serif;\">Corporal regiment 3<sup>th<\/sup> of Hunters<br \/>\n<\/span><span style=\"font-family: arial, helvetica, sans-serif;\"><a href=\"https:\/\/bel-memorial.org\/photos_liege\/spa\/THIMISTER_Jean_Joseph_9658.htm\">https:\/\/bel-memorial.org\/photos_liege\/spa\/THIMISTER_Jean_Joseph_9658.htm<\/a><\/span><\/p>\n<p><span style=\"font-family: arial, helvetica, sans-serif;\"><strong>TROEGER Emile Fran\u00e7ois Joseph :<br \/>\n<\/strong><\/span><span style=\"font-family: arial, helvetica, sans-serif;\">Born 28\/11\/1890 Reims (France), died 16\/09\/1914 La Vaux Marie (France).<br \/>\n<\/span><span style=\"font-family: arial, helvetica, sans-serif;\">Soldier 2<sup>th<\/sup> class regiment 106<sup>th<\/sup> infantry.<br \/>\n<\/span><span style=\"font-family: arial, helvetica, sans-serif;\">Died for France.<br \/>\n<\/span><span style=\"font-family: arial, helvetica, sans-serif;\"><a href=\"https:\/\/bel-memorial.org\/photos_liege\/TROEGER_Emile_26253.htm\">https:\/\/bel-memorial.org\/photos_liege\/TROEGER_Emile_26253.htm<\/a><\/span><\/p>\n<p><span style=\"font-family: arial, helvetica, sans-serif;\"><strong>WARNOTTE Robert Charles :<br \/>\n<\/strong><\/span><span style=\"font-family: arial, helvetica, sans-serif;\">Born unknown in Theux, died 17\/08\/1914 in Li\u00e8ge.<br \/>\n<\/span><span style=\"font-family: arial, helvetica, sans-serif;\">Brigadier of artillery.<br \/>\n<\/span><span style=\"font-family: arial, helvetica, sans-serif;\"><a href=\"http:\/\/www.bel-memorial.org\/photos\/WARNOTTE_Robert_18455.htm\">http:\/\/www.bel-memorial.org\/photos\/WARNOTTE_Robert_18455.htm<\/a><\/span><\/p>\n<p><span style=\"font-family: arial, helvetica, sans-serif;\"><strong>WILKIN Maurice :<br \/>\n<\/strong><\/span><span style=\"font-family: arial, helvetica, sans-serif;\">Born place and date unknown and died place unknown.<br \/>\n<\/span><span style=\"font-family: arial, helvetica, sans-serif;\">Military.<br \/>\n<\/span><span style=\"font-family: arial, helvetica, sans-serif;\"><a href=\"https:\/\/bel-memorial.org\/photos\/WILKIN_Maurice_26311.htm\">https:\/\/bel-memorial.org\/photos\/WILKIN_Maurice_26311.htm<\/a><\/span><\/p>\n<p><span style=\"font-family: arial, helvetica, sans-serif;\"><strong>WINTGENS Joseph :<br \/>\n<\/strong><\/span><span style=\"font-family: arial, helvetica, sans-serif;\">Born place and date unknown and died place unknown.<br \/>\n<\/span><span style=\"font-family: arial, helvetica, sans-serif;\">Military.<\/span><\/p>\n<p><span style=\"font-family: arial, helvetica, sans-serif;\"><strong>WISLET Henri Joseph :<br \/>\n<\/strong><\/span><span style=\"font-family: arial, helvetica, sans-serif;\">Born 31\/05\/1884 at Spa, died 30\/06\/1919 at Spa.<\/span><br \/>\n<span style=\"font-family: arial, helvetica, sans-serif;\">Spent 52 months in captivity<br \/>\n<\/span><span style=\"font-family: arial, helvetica, sans-serif;\"><a href=\"https:\/\/bel-memorial.org\/photos\/WISLET_Henri_26256.htm\">https:\/\/bel-memorial.org\/photos\/WISLET_Henri_26256.htm<\/a><\/span><\/p>\n<p><span style=\"font-family: arial, helvetica, sans-serif;\"><strong>XHROUET Camille :<br \/>\n<\/strong><\/span><span style=\"font-family: arial, helvetica, sans-serif;\">Born place and date unknown and died place unknown.<br \/>\n<\/span><span style=\"font-family: arial, helvetica, sans-serif;\">Civil victim.<\/span><span style=\"font-family: arial, helvetica, sans-serif;\"><a href=\"https:\/\/bel-memorial.org\/photos\/XHROUET_Armand_9680.htm\">https:\/\/bel-memorial.org\/photos\/XHROUET_Armand_9680.htm<\/a><\/span><\/p>\n<p><strong><span style=\"font-family: arial, helvetica, sans-serif;\">Sources :<\/span><\/strong><br \/>\n<span style=\"font-family: arial, helvetica, sans-serif;\">https:\/\/bel-memorial.org\/cities\/liege\/spa\/spa_mom.htm<\/span><\/p>\n<p style=\"text-align: left;\"><strong><span style=\"font-family: arial, helvetica, sans-serif;\">Photo credit :<\/span><\/strong><br \/>\n<span style=\"font-family: arial, helvetica, sans-serif;\">All rights reserved on the monument and commemorative plaque<br \/>\n<\/span>\u00a9\u00a0<span style=\"font-family: arial, helvetica, sans-serif;\">Yves Heraly<br \/>\nPostcard image taken from the website :https:\/\/bel-memorial.org\/cities\/liege\/spa\/spa_mom.htm<br \/>\n<\/span><\/p>","protected":false},"excerpt":{"rendered":"<p>&nbsp; \u00a0 &nbsp; \u00a0 ALBERT Nicolas Joseph Marcel\u00a0: N\u00e9 le 11\/11\/1882 \u00e0 Spa et d\u00e9c\u00e9d\u00e9 le 24\/10\/1914 lieu inconnu. Soldat de 2\u00e8me Classe 14\u00e8me de Ligne ALBERT Victor Joseph Alphonse\u00a0: [&hellip;]<\/p>\n","protected":false},"author":2,"featured_media":8183,"comment_status":"closed","ping_status":"open","sticky":false,"template":"","format":"standard","meta":{"_et_pb_use_builder":"","_et_pb_old_content":"","_et_gb_content_width":"","footnotes":""},"categories":[93,78],"tags":[],"class_list":["post-8180","post","type-post","status-publish","format-standard","has-post-thumbnail","hentry","category-nos-pistes","category-recherche-14-18","et-has-post-format-content","et_post_format-et-post-format-standard"],"aioseo_notices":[],"_links":{"self":[{"href":"https:\/\/geniwal.be\/en\/wp-json\/wp\/v2\/posts\/8180","targetHints":{"allow":["GET"]}}],"collection":[{"href":"https:\/\/geniwal.be\/en\/wp-json\/wp\/v2\/posts"}],"about":[{"href":"https:\/\/geniwal.be\/en\/wp-json\/wp\/v2\/types\/post"}],"author":[{"embeddable":true,"href":"https:\/\/geniwal.be\/en\/wp-json\/wp\/v2\/users\/2"}],"replies":[{"embeddable":true,"href":"https:\/\/geniwal.be\/en\/wp-json\/wp\/v2\/comments?post=8180"}],"version-history":[{"count":0,"href":"https:\/\/geniwal.be\/en\/wp-json\/wp\/v2\/posts\/8180\/revisions"}],"wp:featuredmedia":[{"embeddable":true,"href":"https:\/\/geniwal.be\/en\/wp-json\/wp\/v2\/media\/8183"}],"wp:attachment":[{"href":"https:\/\/geniwal.be\/en\/wp-json\/wp\/v2\/media?parent=8180"}],"wp:term":[{"taxonomy":"category","embeddable":true,"href":"https:\/\/geniwal.be\/en\/wp-json\/wp\/v2\/categories?post=8180"},{"taxonomy":"post_tag","embeddable":true,"href":"https:\/\/geniwal.be\/en\/wp-json\/wp\/v2\/tags?post=8180"}],"curies":[{"name":"wp","href":"https:\/\/api.w.org\/{rel}","templated":true}]}}