{"id":8441,"date":"2022-04-09T18:08:40","date_gmt":"2022-04-09T16:08:40","guid":{"rendered":"https:\/\/geniwal.be\/?p=8441"},"modified":"2022-04-21T10:43:11","modified_gmt":"2022-04-21T08:43:11","slug":"chambres-des-comptes","status":"publish","type":"post","link":"https:\/\/geniwal.be\/en\/nos-pistes\/karolus\/chambres-des-comptes\/","title":{"rendered":"Audit Chambers"},"content":{"rendered":"<p style=\"text-align: left;\"><span style=\"font-family: arial, helvetica, sans-serif; font-size: 14pt;\">The role of the Chambre des Comptes was to control all the accounts of the various accounting officers and therefore had full administrative and judicial powers. This documentation dates back more or less 500 years, and includes charters and cartularies, administrative files, court works, etc. It comprises the most important part of the archives of the Ancien R\u00e9gime.<\/span><\/p>\n<div id=\"attachment_8445\" style=\"width: 232px\" class=\"wp-caption alignleft\"><img decoding=\"async\" aria-describedby=\"caption-attachment-8445\" class=\"wp-image-8445 size-medium lazyload\" data-src=\"https:\/\/geniwal.be\/wp-content\/uploads\/2022\/04\/260px-Antoine_de_Bourgogne-222x300.jpg\" alt=\"\" width=\"222\" height=\"300\" src=\"data:image\/svg+xml;base64,PHN2ZyB3aWR0aD0iMSIgaGVpZ2h0PSIxIiB4bWxucz0iaHR0cDovL3d3dy53My5vcmcvMjAwMC9zdmciPjwvc3ZnPg==\" style=\"--smush-placeholder-width: 222px; --smush-placeholder-aspect-ratio: 222\/300;\" \/><p id=\"caption-attachment-8445\" class=\"wp-caption-text\"><span style=\"font-family: arial, helvetica, sans-serif;\">Antoine de Bourgogne, born in August 1384, died at Azincourt on 25 October 1415<\/span><\/p><\/div>\n<p style=\"text-align: left;\"><span style=\"font-family: arial, helvetica, sans-serif; font-size: 14pt;\">In 1407 <strong>Antoine de Bourgogne<\/strong>\u00a0moved into the palace, and the first works were limited to completing the extension to the receivers' room, which was to become the Chambre des comptes. An adjoining room had been fitted out as early as 1404.<\/span><\/p>\n<div id=\"attachment_8446\" style=\"width: 190px\" class=\"wp-caption alignleft\"><img decoding=\"async\" aria-describedby=\"caption-attachment-8446\" class=\"wp-image-8446 size-medium lazyload\" data-src=\"https:\/\/geniwal.be\/wp-content\/uploads\/2022\/04\/Philippe_de_Bourgogne_1389-1415-180x300.png\" alt=\"N\u00e9 \u00e0 Dijon le 31 juillet 1396, mort \u00e0 Bruges le 15 juin 1467\" width=\"180\" height=\"300\" data-srcset=\"https:\/\/geniwal.be\/wp-content\/uploads\/2022\/04\/Philippe_de_Bourgogne_1389-1415-180x300.png 180w, https:\/\/geniwal.be\/wp-content\/uploads\/2022\/04\/Philippe_de_Bourgogne_1389-1415.png 220w\" data-sizes=\"(max-width: 180px) 100vw, 180px\" src=\"data:image\/svg+xml;base64,PHN2ZyB3aWR0aD0iMSIgaGVpZ2h0PSIxIiB4bWxucz0iaHR0cDovL3d3dy53My5vcmcvMjAwMC9zdmciPjwvc3ZnPg==\" style=\"--smush-placeholder-width: 180px; --smush-placeholder-aspect-ratio: 180\/300;\" \/><p id=\"caption-attachment-8446\" class=\"wp-caption-text\"><span style=\"font-family: arial, helvetica, sans-serif;\">Philippe le Bon Born in Dijon on 31 July 1396, died in Bruges on 15 June 1467<\/span><\/p><\/div>\n<p style=\"text-align: left;\"><span style=\"font-family: arial, helvetica, sans-serif; font-size: 14pt;\">In 1436. A new house was built, larger and adjoining the place where the chamber then sat. The end of the reign of Philip III, Duke of Burgundy <strong>\"says<\/strong> <strong>Philippe le Bon<\/strong>His extended stays and his court at the palace gave rise to other expansion projects. In 1459, the Chambre des Comptes had become too small.<br \/>\nPierre <strong>Du Chesne<\/strong> acquired a building on the docks.  This building, which had become too small, was deserted by the administrative services in 1473, and the Chamber moved to Mechelen as a result of the institutional reforms. During the following reign, the Chamber of Accounts moved to new quarters outside the palace. In 1503, the archives were housed in the \"Chartres Tower\" on the old city wall. This tower was destroyed in 1761 due to its dilapidated state, and the archives were moved to part of the Jesuit College. They then moved to a new building in the left wing of the palace, built for the Sovereign Council of Brabant (now the Palace of the Nation). It was the first general repository for contemporary archives.<\/span><\/p>\n<div id=\"attachment_8447\" style=\"width: 270px\" class=\"wp-caption alignleft\"><img decoding=\"async\" aria-describedby=\"caption-attachment-8447\" class=\"wp-image-8447 size-full lazyload\" data-src=\"https:\/\/geniwal.be\/wp-content\/uploads\/2022\/04\/260px-Palais_de_la_Nation_Bruxelles_13.jpg\" alt=\"\" width=\"260\" height=\"193\" src=\"data:image\/svg+xml;base64,PHN2ZyB3aWR0aD0iMSIgaGVpZ2h0PSIxIiB4bWxucz0iaHR0cDovL3d3dy53My5vcmcvMjAwMC9zdmciPjwvc3ZnPg==\" style=\"--smush-placeholder-width: 260px; --smush-placeholder-aspect-ratio: 260\/193;\" \/><p id=\"caption-attachment-8447\" class=\"wp-caption-text\"><span style=\"font-family: arial, helvetica, sans-serif;\">Palais de la nation<\/span><\/p><\/div>\n<p>&nbsp;<\/p>\n<p>&nbsp;<\/p>\n<p>&nbsp;<\/p>\n<p>&nbsp;<\/p>\n<p>&nbsp;<\/p>\n<p>&nbsp;<\/p>\n<p style=\"text-align: left;\"><span style=\"font-family: arial, helvetica, sans-serif;\"><strong>Sources :<\/strong> Les archives centrales et le quartier de la cour, AR &amp; AGR, exhibition organised to mark the bicentenary of the State Archives, 1996, page 7<\/span><\/p>\n<p style=\"text-align: left;\"><strong><span style=\"font-family: arial, helvetica, sans-serif;\">Photo credit :<\/span><\/strong><br \/>\n<span style=\"font-family: arial, helvetica, sans-serif;\">https:\/\/fr.wikipedia.org\/wiki\/Antoine_de_Brabant<\/span><br \/>\n<span style=\"font-family: arial, helvetica, sans-serif;\"> https:\/\/www.bing.com\/search?q=Philippe+le+Bon&amp;qs=n&amp;form=QBRE&amp;sp=-1&amp;pq=philippe+le+bon&amp;sc=8-15&amp;sk=&amp;cvid=F6F0B41E81BE4BDCA042A272C0C64D88<\/span><br \/>\n<span style=\"font-family: arial, helvetica, sans-serif;\">https:\/\/fr.wikipedia.org\/wiki\/Palais_de_la_Nation_(Bruxelles)<\/span><\/p>\n<p><span style=\"color: #ff0000;\"><a style=\"color: #ff0000;\" href=\"https:\/\/geniwal.be\/en\/nos-pistes\/karolus\/belgique\/\"><span style=\"font-family: arial, helvetica, sans-serif; font-size: 14pt;\">Back to Belgium<\/span><\/a><\/span><\/p>\n<p>&nbsp;<\/p>\n<p><span style=\"font-family: arial, helvetica, sans-serif; font-size: 14pt;\">\u00a0<\/span><\/p>\n<p style=\"text-align: left;\"><span style=\"font-family: arial, helvetica, sans-serif; font-size: 14pt;\">\u00a0<\/span><\/p>\n<p>&nbsp;<\/p>","protected":false},"excerpt":{"rendered":"<p>La chambre des comptes avait pour mission de contr\u00f4ler toute la comptabilit\u00e9 des divers officiers comptables et avaient de ce fait toutes les comp\u00e9tences administratives et judiciaires. Cette documentation remonte [&hellip;]<\/p>\n","protected":false},"author":2,"featured_media":8447,"comment_status":"closed","ping_status":"open","sticky":false,"template":"","format":"standard","meta":{"_et_pb_use_builder":"","_et_pb_old_content":"","_et_gb_content_width":"","footnotes":""},"categories":[262,69,65,93],"tags":[],"class_list":["post-8441","post","type-post","status-publish","format-standard","has-post-thumbnail","hentry","category-belgique","category-europe-occidentale","category-karolus","category-nos-pistes","et-has-post-format-content","et_post_format-et-post-format-standard"],"aioseo_notices":[],"_links":{"self":[{"href":"https:\/\/geniwal.be\/en\/wp-json\/wp\/v2\/posts\/8441","targetHints":{"allow":["GET"]}}],"collection":[{"href":"https:\/\/geniwal.be\/en\/wp-json\/wp\/v2\/posts"}],"about":[{"href":"https:\/\/geniwal.be\/en\/wp-json\/wp\/v2\/types\/post"}],"author":[{"embeddable":true,"href":"https:\/\/geniwal.be\/en\/wp-json\/wp\/v2\/users\/2"}],"replies":[{"embeddable":true,"href":"https:\/\/geniwal.be\/en\/wp-json\/wp\/v2\/comments?post=8441"}],"version-history":[{"count":0,"href":"https:\/\/geniwal.be\/en\/wp-json\/wp\/v2\/posts\/8441\/revisions"}],"wp:featuredmedia":[{"embeddable":true,"href":"https:\/\/geniwal.be\/en\/wp-json\/wp\/v2\/media\/8447"}],"wp:attachment":[{"href":"https:\/\/geniwal.be\/en\/wp-json\/wp\/v2\/media?parent=8441"}],"wp:term":[{"taxonomy":"category","embeddable":true,"href":"https:\/\/geniwal.be\/en\/wp-json\/wp\/v2\/categories?post=8441"},{"taxonomy":"post_tag","embeddable":true,"href":"https:\/\/geniwal.be\/en\/wp-json\/wp\/v2\/tags?post=8441"}],"curies":[{"name":"wp","href":"https:\/\/api.w.org\/{rel}","templated":true}]}}