{"id":8492,"date":"2022-04-19T19:12:30","date_gmt":"2022-04-19T17:12:30","guid":{"rendered":"https:\/\/geniwal.be\/?p=8492"},"modified":"2022-04-20T22:33:11","modified_gmt":"2022-04-20T20:33:11","slug":"archives-de-wavre-et-environs-en-depot-chez-geniwal","status":"publish","type":"post","link":"https:\/\/geniwal.be\/en\/nos-pistes\/karolus\/archives-de-wavre-et-environs-en-depot-chez-geniwal\/","title":{"rendered":"BELGIUM"},"content":{"rendered":"<p style=\"text-align: left;\"><span style=\"font-family: arial, helvetica, sans-serif; font-size: 18pt;\"><strong>Manuscript archives on deposit at G\u00e9niWal<\/strong><\/span><\/p>\n<table class=\"alignleft\" style=\"border-collapse: collapse; width: 62.5091%;\">\n<tbody>\n<tr>\n<td style=\"width: 7.50544%;\"><span style=\"font-family: arial, helvetica, sans-serif;\"><strong>N\u00b0 Photos<\/strong><\/span><\/td>\n<td style=\"width: 55.0037%;\"><span style=\"font-family: arial, helvetica, sans-serif;\"><strong>\u00a0 \u00a0 \u00a0 \u00a0 \u00a0 \u00a0 \u00a0 \u00a0 \u00a0 \u00a0 \u00a0 Content of the document<\/strong><\/span><\/td>\n<\/tr>\n<\/tbody>\n<\/table>\n<p>&nbsp;<\/p>\n<p style=\"text-align: left;\"><span style=\"font-family: arial, helvetica, sans-serif; font-size: 14pt;\"><br \/>\nParish priests and vicars of the Villers-la-Ville area 1892.<br \/>\n<\/span><span style=\"font-family: arial, helvetica, sans-serif; font-size: 14pt;\"><strong>PIERSON<\/strong> Victor \u00b0 15\/04\/1845 Wavre + 14\/06\/1907 Villers la Ville.<\/span><br \/>\n<a href=\"https:\/\/geniwal.be\/wp-admin\/post.php?post=8503&amp;action=edit\"><span style=\"font-family: arial, helvetica, sans-serif; font-size: 14pt;\">Analysis of manuscripts <strong>LEFORT<\/strong> Li\u00e8ge.<\/span><\/a><\/p>\n<p style=\"text-align: left;\"><strong><span style=\"font-family: arial, helvetica, sans-serif;\">Indexation Guy Maes<\/span><\/strong><\/p>","protected":false},"excerpt":{"rendered":"<p>Archives Manuscrite en d\u00e9p\u00f4t chez G\u00e9niWal N\u00b0 Photos \u00a0 \u00a0 \u00a0 \u00a0 \u00a0 \u00a0 \u00a0 \u00a0 \u00a0 \u00a0 \u00a0 Contenu du document &nbsp; Cur\u00e9s et Vicaires des environs de Villers-la-Ville [&hellip;]<\/p>\n","protected":false},"author":2,"featured_media":9022,"comment_status":"closed","ping_status":"open","sticky":false,"template":"","format":"standard","meta":{"_et_pb_use_builder":"","_et_pb_old_content":"","_et_gb_content_width":"","footnotes":""},"categories":[69,65],"tags":[],"class_list":["post-8492","post","type-post","status-publish","format-standard","has-post-thumbnail","hentry","category-europe-occidentale","category-karolus","et-has-post-format-content","et_post_format-et-post-format-standard"],"aioseo_notices":[],"_links":{"self":[{"href":"https:\/\/geniwal.be\/en\/wp-json\/wp\/v2\/posts\/8492","targetHints":{"allow":["GET"]}}],"collection":[{"href":"https:\/\/geniwal.be\/en\/wp-json\/wp\/v2\/posts"}],"about":[{"href":"https:\/\/geniwal.be\/en\/wp-json\/wp\/v2\/types\/post"}],"author":[{"embeddable":true,"href":"https:\/\/geniwal.be\/en\/wp-json\/wp\/v2\/users\/2"}],"replies":[{"embeddable":true,"href":"https:\/\/geniwal.be\/en\/wp-json\/wp\/v2\/comments?post=8492"}],"version-history":[{"count":0,"href":"https:\/\/geniwal.be\/en\/wp-json\/wp\/v2\/posts\/8492\/revisions"}],"wp:featuredmedia":[{"embeddable":true,"href":"https:\/\/geniwal.be\/en\/wp-json\/wp\/v2\/media\/9022"}],"wp:attachment":[{"href":"https:\/\/geniwal.be\/en\/wp-json\/wp\/v2\/media?parent=8492"}],"wp:term":[{"taxonomy":"category","embeddable":true,"href":"https:\/\/geniwal.be\/en\/wp-json\/wp\/v2\/categories?post=8492"},{"taxonomy":"post_tag","embeddable":true,"href":"https:\/\/geniwal.be\/en\/wp-json\/wp\/v2\/tags?post=8492"}],"curies":[{"name":"wp","href":"https:\/\/api.w.org\/{rel}","templated":true}]}}