{"id":8540,"date":"2022-04-20T22:59:15","date_gmt":"2022-04-20T20:59:15","guid":{"rendered":"https:\/\/geniwal.be\/?p=8540"},"modified":"2022-04-20T23:01:08","modified_gmt":"2022-04-20T21:01:08","slug":"descendance-de-la-famille-favillon-de-modave","status":"publish","type":"post","link":"https:\/\/geniwal.be\/en\/nos-pistes\/karolus\/descendance-de-la-famille-favillon-de-modave\/","title":{"rendered":"Descendants of the FAVILLON family from Modave"},"content":{"rendered":"<p><img decoding=\"async\" class=\"aligncenter wp-image-8542 size-full lazyload\" data-src=\"https:\/\/geniwal.be\/wp-content\/uploads\/2022\/04\/Extrait-manuscrit-du-recueil-LEFORT-Tome-IX-FAVILLON-1-scaled.jpg\" alt=\"\" width=\"786\" height=\"1200\" data-srcset=\"https:\/\/geniwal.be\/wp-content\/uploads\/2022\/04\/Extrait-manuscrit-du-recueil-LEFORT-Tome-IX-FAVILLON-1-scaled.jpg 786w, https:\/\/geniwal.be\/wp-content\/uploads\/2022\/04\/Extrait-manuscrit-du-recueil-LEFORT-Tome-IX-FAVILLON-1-scaled-450x687.jpg 450w, https:\/\/geniwal.be\/wp-content\/uploads\/2022\/04\/Extrait-manuscrit-du-recueil-LEFORT-Tome-IX-FAVILLON-1-scaled-600x916.jpg 600w\" data-sizes=\"(max-width: 786px) 100vw, 786px\" src=\"data:image\/svg+xml;base64,PHN2ZyB3aWR0aD0iMSIgaGVpZ2h0PSIxIiB4bWxucz0iaHR0cDovL3d3dy53My5vcmcvMjAwMC9zdmciPjwvc3ZnPg==\" style=\"--smush-placeholder-width: 786px; --smush-placeholder-aspect-ratio: 786\/1200;\" \/><\/p>\n<p style=\"text-align: left;\"><span style=\"font-size: 18pt;\"><strong><span style=\"font-family: arial, helvetica, sans-serif;\">Surnames cited in the document :<\/span><\/strong><\/span><\/p>\n<p style=\"text-align: left;\"><span style=\"font-family: arial, helvetica, sans-serif; font-size: 14pt;\">On the left of the document :<\/span><\/p>\n<p style=\"text-align: left;\"><span style=\"font-family: arial, helvetica, sans-serif; font-size: 14pt;\"><strong>SERVAIS DE HOYOUL<\/strong> Agn\u00e8s<\/span><br \/>\n<span style=\"font-family: arial, helvetica, sans-serif; font-size: 14pt;\"><strong>SERVAIS DE HOYOUL<\/strong> alderman of Huy husband <strong>BEECKMAN<\/strong> Catherine<\/span><br \/>\n<span style=\"font-family: arial, helvetica, sans-serif; font-size: 14pt;\"><strong>SERVAIS DE HOYOUL<\/strong> Canon of Huy<\/span><br \/>\n<span style=\"font-family: arial, helvetica, sans-serif; font-size: 14pt;\"><strong>DE HOYOUL<\/strong> Marie married to <strong>DES MARETZ<\/strong> Jean, alderman of Huy<\/span><br \/>\n<span style=\"font-family: arial, helvetica, sans-serif; font-size: 14pt;\"><strong>DES MARETZ<\/strong> Marie married to <strong>DUCQUETZ<\/strong> John of which Sacred, John, Mary and Julienne<\/span><\/p>\n<p style=\"text-align: left;\"><span style=\"font-family: arial, helvetica, sans-serif; font-size: 14pt;\">To the right of the document :<\/span><\/p>\n<p style=\"text-align: left;\"><span style=\"font-family: arial, helvetica, sans-serif; font-size: 14pt;\"><strong>DE HOYOUL<\/strong> Anne married to <strong>DONNEUX<\/strong> Gilchon<\/span><br \/>\n<span style=\"font-family: arial, helvetica, sans-serif; font-size: 14pt;\"><strong>DONNEUX<\/strong> Jean married DU CHESNE Beatrix<\/span><br \/>\n<span style=\"font-family: arial, helvetica, sans-serif; font-size: 14pt;\"><strong>DONNEUX<\/strong> Gile, Dean Douffeit<\/span><br \/>\n<span style=\"font-family: arial, helvetica, sans-serif; font-size: 14pt;\"><strong>DONNEUX<\/strong> Antoine, parish priest of Coroix<\/span><br \/>\n<span style=\"font-family: arial, helvetica, sans-serif; font-size: 14pt;\"><strong>DONEUX<\/strong> Jean living in Brabant married to <strong>PIRCHON de WAILHAIN<\/strong> Marie<\/span><br \/>\n<span style=\"font-family: arial, helvetica, sans-serif; font-size: 14pt;\"><strong>DONEUX<\/strong> Jean V\u00e9n\u00e9rable pastor of Wailhain modern owner of the purse<\/span><\/p>\n<p style=\"text-align: left;\"><span style=\"font-family: arial, helvetica, sans-serif; font-size: 14pt;\">Anno Dn 169\/1 mensis octobris die coramme notario et commrio infranscripto personaliter constitictus Rdus adm: Dominus Sacratius Ducquet\u00a0<\/span><br \/>\n<span style=\"font-family: arial, helvetica, sans-serif; font-size: 14pt;\">Insignis Eccliae Huyensis Decanus ommibus, D\u00e9claravit et fides sacerdotali asseruit se titulo<\/span><\/p>\n<p style=\"text-align: left;\"><span style=\"font-family: arial, helvetica, sans-serif; font-size: 14pt;\">what I attest <strong>JLEFORT<\/strong> Roy d'armes.<\/span><\/p>\n<p>&nbsp;<\/p>\n<p>&nbsp;<\/p>\n<p>&nbsp;<\/p>\n<p>&nbsp;<\/p>\n<p>&nbsp;<\/p>\n<p>&nbsp;<\/p>\n<p>&nbsp;<\/p>\n<p>&nbsp;<\/p>\n<p>&nbsp;<\/p>\n<p>&nbsp;<\/p>\n<p>&nbsp;<\/p>","protected":false},"excerpt":{"rendered":"<p>Patronymes cit\u00e9s dans le document : A gauche du document : SERVAIS DE HOYOUL Agn\u00e8s SERVAIS DE HOYOUL \u00e9chevin de Huy \u00e9poux BEECKMAN Catherine SERVAIS DE HOYOUL , chanoine de [&hellip;]<\/p>\n","protected":false},"author":2,"featured_media":8542,"comment_status":"closed","ping_status":"open","sticky":false,"template":"","format":"standard","meta":{"_et_pb_use_builder":"","_et_pb_old_content":"","_et_gb_content_width":"","footnotes":""},"categories":[262,69,65,93],"tags":[],"class_list":["post-8540","post","type-post","status-publish","format-standard","has-post-thumbnail","hentry","category-belgique","category-europe-occidentale","category-karolus","category-nos-pistes","et-has-post-format-content","et_post_format-et-post-format-standard"],"aioseo_notices":[],"_links":{"self":[{"href":"https:\/\/geniwal.be\/en\/wp-json\/wp\/v2\/posts\/8540","targetHints":{"allow":["GET"]}}],"collection":[{"href":"https:\/\/geniwal.be\/en\/wp-json\/wp\/v2\/posts"}],"about":[{"href":"https:\/\/geniwal.be\/en\/wp-json\/wp\/v2\/types\/post"}],"author":[{"embeddable":true,"href":"https:\/\/geniwal.be\/en\/wp-json\/wp\/v2\/users\/2"}],"replies":[{"embeddable":true,"href":"https:\/\/geniwal.be\/en\/wp-json\/wp\/v2\/comments?post=8540"}],"version-history":[{"count":0,"href":"https:\/\/geniwal.be\/en\/wp-json\/wp\/v2\/posts\/8540\/revisions"}],"wp:featuredmedia":[{"embeddable":true,"href":"https:\/\/geniwal.be\/en\/wp-json\/wp\/v2\/media\/8542"}],"wp:attachment":[{"href":"https:\/\/geniwal.be\/en\/wp-json\/wp\/v2\/media?parent=8540"}],"wp:term":[{"taxonomy":"category","embeddable":true,"href":"https:\/\/geniwal.be\/en\/wp-json\/wp\/v2\/categories?post=8540"},{"taxonomy":"post_tag","embeddable":true,"href":"https:\/\/geniwal.be\/en\/wp-json\/wp\/v2\/tags?post=8540"}],"curies":[{"name":"wp","href":"https:\/\/api.w.org\/{rel}","templated":true}]}}