{"id":8549,"date":"2022-05-12T16:54:15","date_gmt":"2022-05-12T14:54:15","guid":{"rendered":"https:\/\/geniwal.be\/?p=8549"},"modified":"2022-05-13T21:26:39","modified_gmt":"2022-05-13T19:26:39","slug":"origine-de-la-paroisse-de-villers-la-ville","status":"publish","type":"post","link":"https:\/\/geniwal.be\/en\/nos-pistes\/karolus\/origine-de-la-paroisse-de-villers-la-ville\/","title":{"rendered":"Origin of the parish of Villers-la-Ville"},"content":{"rendered":"<p style=\"text-align: left;\"><strong><span style=\"font-family: arial, helvetica, sans-serif; font-size: 18pt;\">A little history<\/span><\/strong><\/p>\n<div id=\"attachment_8556\" style=\"width: 235px\" class=\"wp-caption alignleft\"><img decoding=\"async\" aria-describedby=\"caption-attachment-8556\" class=\"wp-image-8556 size-medium lazyload\" data-src=\"https:\/\/geniwal.be\/wp-content\/uploads\/2022\/05\/Saint-Bernard-de-Clairvaux-225x300.jpg\" alt=\"\" width=\"225\" height=\"300\" src=\"data:image\/svg+xml;base64,PHN2ZyB3aWR0aD0iMSIgaGVpZ2h0PSIxIiB4bWxucz0iaHR0cDovL3d3dy53My5vcmcvMjAwMC9zdmciPjwvc3ZnPg==\" style=\"--smush-placeholder-width: 225px; --smush-placeholder-aspect-ratio: 225\/300;\" \/><p id=\"caption-attachment-8556\" class=\"wp-caption-text\">Saint Bernard with his abbot's crozier, holding the Benedictine rule for the Cistercian order he reformed, Saint-Bernard church, Fontaine-l\u00e8s-Dijon<\/p><\/div>\n<p style=\"text-align: left;\"><span style=\"font-family: arial, helvetica, sans-serif; font-size: 14pt;\">Au 12<sup>\u00e8<\/sup> The first monks settled in the woods of Villers-la-Ville in Walloon Brabant (Belgium) in the 11th century. By 1125 <b>Bernard de Fontaine, abbot of Clairvaux<\/b>born in Fontaine-l\u00e8s-Dijon in 1090, was a Burgundian monk and reformer of Catholic religious life. He died on\u00a0<\/span><span style=\"font-family: arial, helvetica, sans-serif; font-size: 14pt;\"><time class=\"nowrap date-lien dday\" datetime=\"1153-08-27\" data-sort-value=\"1153-08-27\"><a title=\"20 August\" href=\"https:\/\/fr.wikipedia.org\/wiki\/20_ao%C3%BBt\">20 August<\/a>\u00a0<a title=\"1153\" href=\"https:\/\/fr.wikipedia.org\/wiki\/1153\">1153<\/a><\/time>\u00a0to the<a title=\"Clairvaux Abbey\" href=\"https:\/\/fr.wikipedia.org\/wiki\/Abbaye_de_Clairvaux\">Clairvaux Abbey<\/a>He was canonised in 1174 and thus became\u00a0<b>Saint Bernard of Clairvaux<\/b>. He was proclaimed Doctor of the Catholic Church (<i>Doctor mellifluus<\/i>) in 1830 by the Pope\u00a0<a title=\"Pius VIII\" href=\"https:\/\/fr.wikipedia.org\/wiki\/Pie_VIII\"><span class=\"nowrap\">Magpie\u00a0<abbr class=\"abbr\" title=\"8\"><span class=\"romain\">VIII<\/span><\/abbr><\/span><\/a>.\u00a0<\/span><span style=\"font-family: arial, helvetica, sans-serif; font-size: 14pt;\">This\u00a0<\/span><span style=\"font-family: arial, helvetica, sans-serif; font-size: 14pt;\">The same year, during his visit to a place called \"la Bover\u00e9e\", he indicated the place where a new abbey would be built. In 1146, Blessed Laurent, the first abbot of Villers, with 12 monks and 7 brothers, came to settle in .<\/span><\/p>\n<div id=\"attachment_8557\" style=\"width: 230px\" class=\"wp-caption alignleft\"><img decoding=\"async\" aria-describedby=\"caption-attachment-8557\" class=\"wp-image-8557 size-medium lazyload\" data-src=\"https:\/\/geniwal.be\/wp-content\/uploads\/2022\/05\/Clemente_Alberi_\u2013_Ritratto_di_papa_Pio_VIII_c._1830-220x300.jpg\" alt=\"Tableau peint par Clemente Alberi vers 1830. Pinacoth\u00e8que civique de Forl\u00ec.\" width=\"220\" height=\"300\" src=\"data:image\/svg+xml;base64,PHN2ZyB3aWR0aD0iMSIgaGVpZ2h0PSIxIiB4bWxucz0iaHR0cDovL3d3dy53My5vcmcvMjAwMC9zdmciPjwvc3ZnPg==\" style=\"--smush-placeholder-width: 220px; --smush-placeholder-aspect-ratio: 220\/300;\" \/><p id=\"caption-attachment-8557\" class=\"wp-caption-text\">Pius VIII Painted by Clemente Alberi around 1830. Civic Picture Gallery of Forl\u00ec.<\/p><\/div>\n<div id=\"attachment_8560\" style=\"width: 310px\" class=\"wp-caption alignleft\"><img decoding=\"async\" aria-describedby=\"caption-attachment-8560\" class=\"wp-image-8560 lazyload\" data-src=\"https:\/\/geniwal.be\/wp-content\/uploads\/2022\/05\/Villers-la-Ville.jpg\" alt=\"\" width=\"300\" height=\"228\" src=\"data:image\/svg+xml;base64,PHN2ZyB3aWR0aD0iMSIgaGVpZ2h0PSIxIiB4bWxucz0iaHR0cDovL3d3dy53My5vcmcvMjAwMC9zdmciPjwvc3ZnPg==\" style=\"--smush-placeholder-width: 300px; --smush-placeholder-aspect-ratio: 300\/228;\" \/><p id=\"caption-attachment-8560\" class=\"wp-caption-text\">The abbey seen from the west - Engraving by Vorstermans the Younger (1659)<\/p><\/div>\n<p style=\"text-align: left;\"><span style=\"font-family: arial, helvetica, sans-serif; font-size: 14pt;\"><strong>N.B :<\/strong> Today's Villers-la-Ville Abbey is located on a different site from the one established in 1125.<br \/>\n<\/span><\/p>\n<p style=\"text-align: left;\"><span style=\"font-family: arial, helvetica, sans-serif; font-size: 14pt;\">This abbey of Villers-la-Ville, whose canonical name is \"\u00a0<b>Villers-en-Brabant abbey<\/b>\u00a0\"sometimes incorrectly referred to as\u00a0<b>Villers-la-Ville abbey<\/b> \"At the time, it was a monastery of the C\u00eeteaux order and one of the first daughters of the Abbey of Clairvaux. <\/span><span style=\"font-family: arial, helvetica, sans-serif; font-size: 14pt;\">It was protected from an early date by the Dukes of Brabant, and was soon fertile. Visit <u>XIII<abbr class=\"abbr\" title=\"14\u1d49 century\"><sup>e<\/sup><\/abbr><\/u>\u00a0century marks its apogee. Between the\u00a0<abbr class=\"abbr\" title=\"14\u1d49 century\"><span class=\"romain\">XIV<\/span><sup>e<\/sup><\/abbr>\u00a0and\u00a0<abbr class=\"abbr\" title=\"17\u1d49 century\"><span class=\"romain\">XVII<\/span><sup>e<\/sup><\/abbr>\u00a0Over the centuries, the abbey went through a succession of calm and troubled periods, during which the monks left the site on nine occasions for reasons of insecurity. At\u00a0<abbr class=\"abbr\" title=\"18\u1d49 century\"><span class=\"romain\">XVIII<\/span><sup>e<\/sup><\/abbr>\u00a0In the 19th century, the abbey enjoyed its second golden age, marked by a great architectural ebullience. After the French Revolution, the monastic community had to disperse, and the abbey was sold as national property.<\/span><\/p>\n<p>&nbsp;<\/p>\n<p style=\"text-align: left;\"><span style=\"font-size: 14pt; font-family: arial, helvetica, sans-serif; color: #ff0000;\">Discover the Villers Abbey podcast: https:\/\/villers.be\/fr\/podcast<\/span><\/p>\n<p style=\"text-align: left;\"><strong><span style=\"font-size: 18pt; font-family: arial, helvetica, sans-serif;\">Creation of the parish of Villers-la-Ville<\/span><\/strong><\/p>\n<div id=\"attachment_8562\" style=\"width: 410px\" class=\"wp-caption alignleft\"><img decoding=\"async\" aria-describedby=\"caption-attachment-8562\" class=\"wp-image-8562 lazyload\" data-src=\"https:\/\/geniwal.be\/wp-content\/uploads\/2022\/05\/Eglise-villers-la-ville.jpg\" alt=\"\" width=\"400\" height=\"300\" src=\"data:image\/svg+xml;base64,PHN2ZyB3aWR0aD0iMSIgaGVpZ2h0PSIxIiB4bWxucz0iaHR0cDovL3d3dy53My5vcmcvMjAwMC9zdmciPjwvc3ZnPg==\" style=\"--smush-placeholder-width: 400px; --smush-placeholder-aspect-ratio: 400\/300;\" \/><p id=\"caption-attachment-8562\" class=\"wp-caption-text\">Our Lady of the Visitation<\/p><\/div>\n<p style=\"text-align: left;\"><span style=\"font-family: arial, helvetica, sans-serif; font-size: 14pt;\">This parish was formed later, around the year 1200. It was also partly called Hollers, which was a franchise, this part was located on the other side of the river. \"la Thylle\". The side where the church is located was called Villers-la-Ville as it is today. In the beginning, Villers was only a chapel dependent on Marbaix; there was a vicar who lived there and acted as parish priest. Tilly and Wagnel\u00e9e, situated very close to Villers-la-Ville, were in the same situation and both depended on the lords of Marbaix. There is a tomb of these lords and their wives in the choir of the church on the left as you enter, where you can see their epitaphs. The chapel is very old and its tower has not always had the same shape as today's church. The choir was not there, and the chapel was entered through a small lateral door on the side that now serves as the baptistery. The choir was added in 1731, and the chapel contains an altar remarkable for its antique figures, carved in oak with many figures that are usually referred to as Bethlehem, representing the story of the Blessed Virgin from the time she was betrothed to Saint Joseph until the time of her death. This altar was erected in 1593 and dedicated to Saint Anne. The church's patron saint is Our Lady of the Visitation.<br \/>\nFor 300 years the parish of Villers-la-Ville was dependent on Marbaix. Since then, it has had independent parish priests.<\/span><\/p>\n<p style=\"text-align: left;\"><a href=\"https:\/\/geniwal.be\/en\/non-classe\/les-cures-de-villers-la-ville-de-1511-a-1870\/\"><span style=\"font-family: arial, helvetica, sans-serif; font-size: 14pt;\">List of parish priests in Villers-la-Ville<\/span><\/a><\/p>\n<p style=\"text-align: left;\"><span style=\"font-family: arial, helvetica, sans-serif; font-size: 14pt;\">See also : <a href=\"https:\/\/geniwal.be\/en\/nos-pistes\/karolus\/cures-et-vicaires-des-environs-de-villers-la-ville-vers-1892\/\">https:\/\/geniwal.be\/nos-pistes\/karolus\/cures-et-vicaires-des-environs-de-villers-la-ville-vers-1892\/<\/a><\/span><\/p>\n<p style=\"text-align: left;\"><strong><span style=\"font-family: arial, helvetica, sans-serif;\">Iconographic sources :<\/span><\/strong><\/p>\n<p style=\"text-align: left;\"><span style=\"font-family: arial, helvetica, sans-serif; font-size: 10pt;\">https:\/\/fr.wikipedia.org\/wiki\/Bernard_de_Clairvaux<\/span><br \/>\n<span style=\"font-family: arial, helvetica, sans-serif; font-size: 10pt;\">https:\/\/fr.wikipedia.org\/wiki\/Abbaye_de_Villers<\/span><br \/>\n<span style=\"font-family: arial, helvetica, sans-serif; font-size: 10pt;\">https:\/\/www.google.com\/search?rlz=1C1CHBF_frBE1000BE1000&amp;source=univ&amp;tbm=isch&amp;q=Images+de+Villers-la-Villes&amp;fir=VG_HzUs1oax4OM%252C1nDJw7-PlPM1zM%252C_%253B3HGGsvUjVrP4UM%252CaUu8w1lEKYSkSM%252C_%253BeqbSxlyQohhX6M%252CN9c-oqQ7d_XbuM%252C_%253BE-UVkH16OfND_M%252CRZWhb5lPOTlFjM%252C_%253BOeP5zHFvHWStJM%252CN9c-oqQ7d_XbuM%252C_%253B_g4NV1VyuNkf8M%252CRZWhb5lPOTlFjM%252C_%253BaqRqyXUOxKqwyM%252CN9c-oqQ7d_XbuM%252C_%253BRu-4nHUy_Vh3GM%252CN9c-oqQ7d_XbuM%252C_%253B3tC4g9jWpAkbjM%252C_E6knGaZjMKziM%252C_%253BjYxOoV_2dVvogM%252CN9c-oqQ7d_XbuM%252C_&amp;usg=AI4_-kR8E6hE6slu4-aLxLGbdtN1BOTqGQ&amp;sa=X&amp;ved=2ahUKEwi7gJy2ptz3AhWN16QKHUJMAI4QjJkEegQICRAC&amp;biw=1920&amp;bih=912&amp;dpr=1<\/span><br \/>\n<span style=\"font-family: arial, helvetica, sans-serif; font-size: 10pt;\">https:\/\/www.paroissevillerslaville.be\/<\/span><\/p>\n<p style=\"text-align: left;\"><span style=\"font-family: arial, helvetica, sans-serif; font-size: 10pt;\">Ps :The article above has been extracted from a donation of old manuscripts deposited at G\u00e9niWal and updated with some texts from Wikipedia.<\/span><\/p>","protected":false},"excerpt":{"rendered":"<p>Un peu d&rsquo;histoire Au 12\u00e8 si\u00e8cle des premiers moines sont venus s&rsquo;\u00e9tablir dans les bois de Villers-la-Ville en Brabant wallon (Belgique). En 1125 Bernard de Fontaine, abb\u00e9 de Clairvaux, n\u00e9 [&hellip;]<\/p>\n","protected":false},"author":2,"featured_media":8562,"comment_status":"closed","ping_status":"open","sticky":false,"template":"","format":"standard","meta":{"_et_pb_use_builder":"","_et_pb_old_content":"","_et_gb_content_width":"","footnotes":""},"categories":[262,69,65,93],"tags":[],"class_list":["post-8549","post","type-post","status-publish","format-standard","has-post-thumbnail","hentry","category-belgique","category-europe-occidentale","category-karolus","category-nos-pistes","et-has-post-format-content","et_post_format-et-post-format-standard"],"aioseo_notices":[],"_links":{"self":[{"href":"https:\/\/geniwal.be\/en\/wp-json\/wp\/v2\/posts\/8549","targetHints":{"allow":["GET"]}}],"collection":[{"href":"https:\/\/geniwal.be\/en\/wp-json\/wp\/v2\/posts"}],"about":[{"href":"https:\/\/geniwal.be\/en\/wp-json\/wp\/v2\/types\/post"}],"author":[{"embeddable":true,"href":"https:\/\/geniwal.be\/en\/wp-json\/wp\/v2\/users\/2"}],"replies":[{"embeddable":true,"href":"https:\/\/geniwal.be\/en\/wp-json\/wp\/v2\/comments?post=8549"}],"version-history":[{"count":0,"href":"https:\/\/geniwal.be\/en\/wp-json\/wp\/v2\/posts\/8549\/revisions"}],"wp:featuredmedia":[{"embeddable":true,"href":"https:\/\/geniwal.be\/en\/wp-json\/wp\/v2\/media\/8562"}],"wp:attachment":[{"href":"https:\/\/geniwal.be\/en\/wp-json\/wp\/v2\/media?parent=8549"}],"wp:term":[{"taxonomy":"category","embeddable":true,"href":"https:\/\/geniwal.be\/en\/wp-json\/wp\/v2\/categories?post=8549"},{"taxonomy":"post_tag","embeddable":true,"href":"https:\/\/geniwal.be\/en\/wp-json\/wp\/v2\/tags?post=8549"}],"curies":[{"name":"wp","href":"https:\/\/api.w.org\/{rel}","templated":true}]}}