{"id":8567,"date":"2022-05-13T17:59:38","date_gmt":"2022-05-13T15:59:38","guid":{"rendered":"https:\/\/geniwal.be\/?p=8567"},"modified":"2022-05-13T21:15:24","modified_gmt":"2022-05-13T19:15:24","slug":"les-cures-de-villers-la-ville-de-1511-a-1870","status":"publish","type":"post","link":"https:\/\/geniwal.be\/en\/nos-pistes\/non-classe\/les-cures-de-villers-la-ville-de-1511-a-1870\/","title":{"rendered":"The parish priests of Villers-la-Ville from 1511 to 1870"},"content":{"rendered":"<p style=\"text-align: left;\"><span style=\"font-family: arial, helvetica, sans-serif; font-size: 14pt;\"><strong>RUFFIN Jean<\/strong>He was appointed parish priest in 1511 and died in 1557, having administered the parish for 46 years.<\/span><\/p>\n<p style=\"text-align: left;\"><span style=\"font-family: arial, helvetica, sans-serif; font-size: 14pt;\"><strong>YERNAU Nicolas<\/strong>appointed in 1557, died in 1577 after 20 years in office.<\/span><\/p>\n<p style=\"text-align: left;\"><span style=\"font-family: arial, helvetica, sans-serif; font-size: 14pt;\"><strong>TOUSSAINT Jean<\/strong> of Villers-la-Ville, appointed in 1577, died on 20\/06\/1619. He resigned his curacy in 1618, after having been parish priest there for 41 years.<\/span><\/p>\n<p style=\"text-align: left;\"><span style=\"font-family: arial, helvetica, sans-serif; font-size: 14pt;\"><strong>DELFORGE Jean<\/strong>appointed in 1618 and died on 26\/01\/1662 after having administered the parish for 44 years.<\/span><\/p>\n<p style=\"text-align: left;\"><span style=\"font-family: arial, helvetica, sans-serif; font-size: 14pt;\"><strong>DELVAUX Simon<\/strong>He was appointed in 1663 and died on 16\/02\/1677 after serving for 14 years. He had been the parish priest of Marbaix for 9 years.<\/span><\/p>\n<p style=\"text-align: left;\"><span style=\"font-family: arial, helvetica, sans-serif; font-size: 14pt;\"><strong>BAUDE Fran\u00e7ois<\/strong>appointed in 1677 and died in 1716, having served for 39 years.<\/span><\/p>\n<p style=\"text-align: left;\"><span style=\"font-family: arial, helvetica, sans-serif; font-size: 14pt;\"><strong>DESSART Jean Baptiste<\/strong>appointed in 1715 and died on 26 May 1755, having served for 39 years, he was at the same time Dean of the Cantille (<i>the altar of the Dominus Flevit church in Genappe.<\/i><\/span><\/p>\n<p style=\"text-align: left;\"><span style=\"font-family: arial, helvetica, sans-serif; font-size: 14pt;\"><strong>PETIT Charles Philippe<\/strong>appointed in 1755 and died on 30\/07\/1800, having served for 47 years.<\/span><\/p>\n<p style=\"text-align: left;\"><span style=\"font-family: arial, helvetica, sans-serif; font-size: 14pt;\"><strong>VRAY Nicolas<\/strong>He was appointed minister in 1801 and left in 1803 to become parish priest of Limelette.<\/span><\/p>\n<p style=\"text-align: left;\"><span style=\"font-family: arial, helvetica, sans-serif; font-size: 14pt;\"><strong>TAYMANS E<\/strong>The parish priest of Sart-Dame-Aveline, who was appointed in 1803 and left in March 1804, served from that year until 1803.<\/span><\/p>\n<p style=\"text-align: left;\"><span style=\"font-family: arial, helvetica, sans-serif; font-size: 14pt;\"><strong>GAUTOT Jean Fran\u00e7ois<\/strong>appointed on 17\/04\/1805, who after having served the parish for 26 years resigned on 18\/04\/1831 because of his age, to retire to Fleurus, where he died in 1855 at the age of 96.<\/span><\/p>\n<p style=\"text-align: left;\"><span style=\"font-family: arial, helvetica, sans-serif; font-size: 14pt;\"><strong>ROULIN Pierre<\/strong>born in Brussels on 01\/05\/1802, entered the seminary of Malines on 29\/09\/1820, ordained priest on 18\/09\/1824, appointed vicar at Braine-l'Alleud on 18\/09\/1824, appointed parish priest at Villers-la-Ville on 28\/06\/1831, died there date unknown.<\/span><\/p>\n<p style=\"text-align: left;\"><span style=\"font-family: arial, helvetica, sans-serif; font-size: 14pt;\"><strong>PIERSON Victor<\/strong>ordained priest in 1870, co-adjutor at Houtain-le Val in 1871, vicar at Marbais in 1884, appointed parish priest at Villers-la-Ville on 22\/10\/1886, died there on 14\/06\/1907<\/span><\/p>\n<p style=\"text-align: left;\"><span style=\"font-family: arial, helvetica, sans-serif; font-size: 14pt;\">N.B.: This list has been extracted from handwritten archives created between 1940 and 1950 and donated to G\u00e9niWal, whose author is unknown.<\/span><\/p>\n<p>&nbsp;<\/p>\n<p>&nbsp;<\/p>","protected":false},"excerpt":{"rendered":"<p>RUFFIN Jean, nomm\u00e9 cur\u00e9 en 1511 et d\u00e9c\u00e9d\u00e9 en 1557 apr\u00e8s avoir administr\u00e9 sa paroisse pendant 46 ans. YERNAU Nicolas, nomm\u00e9 en 1557 d\u00e9c\u00e9d\u00e9 en 1577 apr\u00e8s avoir administr\u00e9 pendant [&hellip;]<\/p>\n","protected":false},"author":2,"featured_media":9022,"comment_status":"closed","ping_status":"open","sticky":false,"template":"","format":"standard","meta":{"_et_pb_use_builder":"","_et_pb_old_content":"","_et_gb_content_width":"","footnotes":""},"categories":[1],"tags":[],"class_list":["post-8567","post","type-post","status-publish","format-standard","has-post-thumbnail","hentry","category-non-classe","et-has-post-format-content","et_post_format-et-post-format-standard"],"aioseo_notices":[],"_links":{"self":[{"href":"https:\/\/geniwal.be\/en\/wp-json\/wp\/v2\/posts\/8567","targetHints":{"allow":["GET"]}}],"collection":[{"href":"https:\/\/geniwal.be\/en\/wp-json\/wp\/v2\/posts"}],"about":[{"href":"https:\/\/geniwal.be\/en\/wp-json\/wp\/v2\/types\/post"}],"author":[{"embeddable":true,"href":"https:\/\/geniwal.be\/en\/wp-json\/wp\/v2\/users\/2"}],"replies":[{"embeddable":true,"href":"https:\/\/geniwal.be\/en\/wp-json\/wp\/v2\/comments?post=8567"}],"version-history":[{"count":0,"href":"https:\/\/geniwal.be\/en\/wp-json\/wp\/v2\/posts\/8567\/revisions"}],"wp:featuredmedia":[{"embeddable":true,"href":"https:\/\/geniwal.be\/en\/wp-json\/wp\/v2\/media\/9022"}],"wp:attachment":[{"href":"https:\/\/geniwal.be\/en\/wp-json\/wp\/v2\/media?parent=8567"}],"wp:term":[{"taxonomy":"category","embeddable":true,"href":"https:\/\/geniwal.be\/en\/wp-json\/wp\/v2\/categories?post=8567"},{"taxonomy":"post_tag","embeddable":true,"href":"https:\/\/geniwal.be\/en\/wp-json\/wp\/v2\/tags?post=8567"}],"curies":[{"name":"wp","href":"https:\/\/api.w.org\/{rel}","templated":true}]}}