{"id":964,"date":"2017-09-20T14:44:37","date_gmt":"2017-09-20T12:44:37","guid":{"rendered":"https:\/\/geniwal.be\/?p=964"},"modified":"2023-04-04T14:24:44","modified_gmt":"2023-04-04T12:24:44","slug":"nouveau-manuel-de-paleographie","status":"publish","type":"post","link":"https:\/\/geniwal.be\/en\/nos-pistes\/bibliotheque-de-geniwal\/nouveau-manuel-de-paleographie\/","title":{"rendered":"New palaeography manual"},"content":{"rendered":"<p><a href=\"https:\/\/geniwal.be\/wp-content\/uploads\/2017\/09\/LIVRE-PALEO.png\"><img decoding=\"async\" class=\"size-medium wp-image-965 aligncenter lazyload\" data-src=\"https:\/\/geniwal.be\/wp-content\/uploads\/2017\/09\/LIVRE-PALEO-209x300.png\" alt=\"LIVRE PALEO\" width=\"209\" height=\"300\" src=\"data:image\/svg+xml;base64,PHN2ZyB3aWR0aD0iMSIgaGVpZ2h0PSIxIiB4bWxucz0iaHR0cDovL3d3dy53My5vcmcvMjAwMC9zdmciPjwvc3ZnPg==\" style=\"--smush-placeholder-width: 209px; --smush-placeholder-aspect-ratio: 209\/300;\" \/><\/a><\/p>\n<div>It's impossible to do genealogy without encountering problems deciphering old documents at one time or another. Regular, repeated and, above all, progressive reading of old documents contributes to the individual learning of palaeography. But this may seem a long time to the impatient researcher or the person working on digitised archives online, which are a little less easy to read. As for those who are moving on from parish registers to immerse themselves in notarial, legal or tax documents, they encounter new difficulties linked to professional abbreviations and feel the need for a tool to help them.<\/div>\n<div><\/div>\n<div>Last but not least, the region's specific characteristics are an additional obstacle for anyone unfamiliar with local archives. This vast region, historically defined as the former Austrian Netherlands, now straddles several countries, including France and Belgium. It presents difficulties linked to the language used (often Latin, but also, depending on the region and the period, Flemish, German and French) and the writing (Gothic in the eastern regions).<br \/>\nThe aim of this book of Franco-Belgian palaeography (16th-20th centuries) is to teach you to read faster and better than if you were left to face the texts alone, and to help you discover the historical developments that have implications for genealogical research.<\/div>\n<div><\/div>\n<div>The three authors are members of the G\u00e9niWal association for computer genealogy in Wallonia.<\/div>\n<div><\/div>\n<div>Thomas Delvaux publishes articles on www.morinie.com to bring the history of Hauts-de-France to the attention of the general public. He has published several historical and genealogical works, including L'histoire et g\u00e9n\u00e9alogie des Van Pradelles (2016).<\/div>\n<div><\/div>\n<div>Yves Heraly, former treasurer of the Cercle d'histoire, d'arch\u00e9ologie et de g\u00e9n\u00e9alogie de Wavre et du Brabant wallon, founded the G\u00e9niWal association (G\u00e9n\u00e9alogie Informatique Wallonie) in 1998, of which he is president.<\/div>\n<div><\/div>\n<div>Robert Van Hecke, a member of GeniWal since its inception, gives palaeography courses to the Namur and Walloon Brabant sections. He writes articles for the Mouvement dynastique belge, Brabant wallon section, on the first Belgian medals and the volunteers of the Belgian revolution of 1830.<\/div>","protected":false},"excerpt":{"rendered":"<p>Impossible de faire de la g\u00e9n\u00e9alogie sans rencontrer un jour ou l\u2019autre des probl\u00e8mes de d\u00e9chiffrage d\u2019actes anciens. La lecture r\u00e9guli\u00e8re, r\u00e9p\u00e9t\u00e9e et surtout progressive des documents anciens contribue \u00e0 [&hellip;]<\/p>\n","protected":false},"author":2,"featured_media":5953,"comment_status":"closed","ping_status":"closed","sticky":false,"template":"","format":"standard","meta":{"_et_pb_use_builder":"","_et_pb_old_content":"","_et_gb_content_width":"","footnotes":""},"categories":[19,90],"tags":[60],"class_list":["post-964","post","type-post","status-publish","format-standard","has-post-thumbnail","hentry","category-bibliotheque-de-geniwal","category-paleographie","tag-paleographie","et-has-post-format-content","et_post_format-et-post-format-standard"],"aioseo_notices":[],"_links":{"self":[{"href":"https:\/\/geniwal.be\/en\/wp-json\/wp\/v2\/posts\/964","targetHints":{"allow":["GET"]}}],"collection":[{"href":"https:\/\/geniwal.be\/en\/wp-json\/wp\/v2\/posts"}],"about":[{"href":"https:\/\/geniwal.be\/en\/wp-json\/wp\/v2\/types\/post"}],"author":[{"embeddable":true,"href":"https:\/\/geniwal.be\/en\/wp-json\/wp\/v2\/users\/2"}],"replies":[{"embeddable":true,"href":"https:\/\/geniwal.be\/en\/wp-json\/wp\/v2\/comments?post=964"}],"version-history":[{"count":0,"href":"https:\/\/geniwal.be\/en\/wp-json\/wp\/v2\/posts\/964\/revisions"}],"wp:featuredmedia":[{"embeddable":true,"href":"https:\/\/geniwal.be\/en\/wp-json\/wp\/v2\/media\/5953"}],"wp:attachment":[{"href":"https:\/\/geniwal.be\/en\/wp-json\/wp\/v2\/media?parent=964"}],"wp:term":[{"taxonomy":"category","embeddable":true,"href":"https:\/\/geniwal.be\/en\/wp-json\/wp\/v2\/categories?post=964"},{"taxonomy":"post_tag","embeddable":true,"href":"https:\/\/geniwal.be\/en\/wp-json\/wp\/v2\/tags?post=964"}],"curies":[{"name":"wp","href":"https:\/\/api.w.org\/{rel}","templated":true}]}}