{"id":227441,"global_id":"geniwal.be\/es?id=227441","global_id_lineage":["geniwal.be\/es?id=227441"],"author":"2","status":"publish","date":"2025-08-15 18:54:20","date_utc":"2025-08-15 16:54:20","modified":"2025-08-23 19:08:09","modified_utc":"2025-08-23 17:08:09","url":"https:\/\/geniwal.be\/es\/event\/lantenne-genealogique-de-geniwal-namur-3\/","rest_url":"https:\/\/geniwal.be\/es\/wp-json\/tribe\/events\/v1\/events\/227441","title":"L\u2019antenne g\u00e9n\u00e9alogique de G\u00e9niWal Namur","description":"<p data-start=\"64\" data-end=\"331\">La r\u00e9union mensuelle a lieu le 4\u00e8me jeudi du mois, \u00e0 partir de 19h30 \u00e0 22h30.<br data-start=\"140\" data-end=\"143\" \/>L\u2019antenne est ouverte \u00e0 tous les adh\u00e9rents de G\u00e9niWal. Les g\u00e9n\u00e9alogistes amateurs non membres, les \u00e9tudiants et les curieux sont \u00e9galement les bienvenus pour d\u00e9couvrir notre association.<\/p>\n<p data-start=\"333\" data-end=\"384\">Nous vous proposons une aide personnalis\u00e9e pour :<\/p>\n<p>la recherche de vos anc\u00eatres,<br \/>\nl\u2019\u00e9tude de familles,<br \/>\nles recherches historiques li\u00e9es \u00e0 la province du Namurois.<\/p>\n<p data-start=\"509\" data-end=\"621\">Vous pourrez \u00e9galement consulter nos bases de donn\u00e9es, qui comptent pr\u00e8s de <strong data-start=\"585\" data-end=\"618\">6 800 000 pistes de recherche<\/strong>.<\/p>","excerpt":"","slug":"lantenne-genealogique-de-geniwal-namur-3","image":{"url":"https:\/\/geniwal.be\/wp-content\/uploads\/2023\/08\/NECROLOGIE_AVENIR_2025_1241.jpg","id":227549,"extension":"jpg","width":731,"height":688,"filesize":133808,"sizes":{"medium":{"width":300,"height":282,"mime-type":"image\/jpeg","filesize":15987,"url":"https:\/\/geniwal.be\/wp-content\/uploads\/2023\/08\/NECROLOGIE_AVENIR_2025_1241-300x282.jpg"},"thumbnail":{"width":150,"height":150,"mime-type":"image\/jpeg","filesize":5401,"url":"https:\/\/geniwal.be\/wp-content\/uploads\/2023\/08\/NECROLOGIE_AVENIR_2025_1241-150x150.jpg"},"trp-custom-language-flag":{"width":13,"height":12,"mime-type":"image\/jpeg","filesize":380,"url":"https:\/\/geniwal.be\/wp-content\/uploads\/2023\/08\/NECROLOGIE_AVENIR_2025_1241-13x12.jpg"},"et-builder-post-main-image":{"width":400,"height":250,"mime-type":"image\/jpeg","filesize":19901,"url":"https:\/\/geniwal.be\/wp-content\/uploads\/2023\/08\/NECROLOGIE_AVENIR_2025_1241-400x250.jpg"},"et-builder-post-main-image-fullwidth":{"width":731,"height":675,"mime-type":"image\/jpeg","filesize":97012,"url":"https:\/\/geniwal.be\/wp-content\/uploads\/2023\/08\/NECROLOGIE_AVENIR_2025_1241-731x675.jpg"},"et-builder-portfolio-image":{"width":400,"height":284,"mime-type":"image\/jpeg","filesize":21804,"url":"https:\/\/geniwal.be\/wp-content\/uploads\/2023\/08\/NECROLOGIE_AVENIR_2025_1241-400x284.jpg"},"et-builder-gallery-image-portrait":{"width":400,"height":516,"mime-type":"image\/jpeg","filesize":38712,"url":"https:\/\/geniwal.be\/wp-content\/uploads\/2023\/08\/NECROLOGIE_AVENIR_2025_1241-400x516.jpg"},"extra-image-single-post":{"width":731,"height":640,"mime-type":"image\/jpeg","filesize":105335,"url":"https:\/\/geniwal.be\/wp-content\/uploads\/2023\/08\/NECROLOGIE_AVENIR_2025_1241-731x640.jpg"},"extra-image-medium":{"width":627,"height":376,"mime-type":"image\/jpeg","filesize":45366,"url":"https:\/\/geniwal.be\/wp-content\/uploads\/2023\/08\/NECROLOGIE_AVENIR_2025_1241-627x376.jpg"},"extra-image-small":{"width":440,"height":264,"mime-type":"image\/jpeg","filesize":22948,"url":"https:\/\/geniwal.be\/wp-content\/uploads\/2023\/08\/NECROLOGIE_AVENIR_2025_1241-440x264.jpg"},"extra-image-square-medium":{"width":440,"height":440,"mime-type":"image\/jpeg","filesize":34630,"url":"https:\/\/geniwal.be\/wp-content\/uploads\/2023\/08\/NECROLOGIE_AVENIR_2025_1241-440x440.jpg"},"extra-image-square-small":{"width":150,"height":150,"mime-type":"image\/jpeg","filesize":5401,"url":"https:\/\/geniwal.be\/wp-content\/uploads\/2023\/08\/NECROLOGIE_AVENIR_2025_1241-150x150.jpg"},"woocommerce_thumbnail":{"width":300,"height":282,"mime-type":"image\/jpeg","filesize":15987,"url":"https:\/\/geniwal.be\/wp-content\/uploads\/2023\/08\/NECROLOGIE_AVENIR_2025_1241-300x282.jpg"},"woocommerce_single":{"width":600,"height":565,"mime-type":"image\/jpeg","filesize":58663,"url":"https:\/\/geniwal.be\/wp-content\/uploads\/2023\/08\/NECROLOGIE_AVENIR_2025_1241-600x565.jpg"},"woocommerce_gallery_thumbnail":{"width":100,"height":100,"mime-type":"image\/jpeg","filesize":2946,"url":"https:\/\/geniwal.be\/wp-content\/uploads\/2023\/08\/NECROLOGIE_AVENIR_2025_1241-100x100.jpg"},"cmplz_banner_image":{"width":350,"height":100,"mime-type":"image\/jpeg","filesize":8654,"url":"https:\/\/geniwal.be\/wp-content\/uploads\/2023\/08\/NECROLOGIE_AVENIR_2025_1241-350x100.jpg"},"ppec_logo_image_size":{"width":64,"height":60,"mime-type":"image\/jpeg","filesize":1401,"url":"https:\/\/geniwal.be\/wp-content\/uploads\/2023\/08\/NECROLOGIE_AVENIR_2025_1241-64x60.jpg"},"ppec_header_image_size":{"width":96,"height":90,"mime-type":"image\/jpeg","filesize":2506,"url":"https:\/\/geniwal.be\/wp-content\/uploads\/2023\/08\/NECROLOGIE_AVENIR_2025_1241-96x90.jpg"}}},"all_day":false,"start_date":"2025-09-25 19:30:00","start_date_details":{"year":"2025","month":"09","day":"25","hour":"19","minutes":"30","seconds":"00"},"end_date":"2025-09-25 22:30:00","end_date_details":{"year":"2025","month":"09","day":"25","hour":"22","minutes":"30","seconds":"00"},"utc_start_date":"2025-09-25 17:30:00","utc_start_date_details":{"year":"2025","month":"09","day":"25","hour":"17","minutes":"30","seconds":"00"},"utc_end_date":"2025-09-25 20:30:00","utc_end_date_details":{"year":"2025","month":"09","day":"25","hour":"20","minutes":"30","seconds":"00"},"timezone":"Europe\/Paris","timezone_abbr":"CEST","cost":"","cost_details":{"currency_symbol":"$","currency_code":"USD","currency_position":"prefix","values":[]},"website":"","show_map":true,"show_map_link":true,"hide_from_listings":false,"sticky":false,"featured":false,"categories":[],"tags":[],"venue":{"id":227432,"author":"2","status":"publish","date":"2025-08-15 18:19:24","date_utc":"2025-08-15 16:19:24","modified":"2025-08-22 11:06:18","modified_utc":"2025-08-22 09:06:18","url":"https:\/\/geniwal.be\/es\/recinto\/antenne-genealogique-de-geniwal-namur\/","venue":"Antenne g\u00e9n\u00e9alogique de GeniWal Namur","slug":"antenne-genealogique-de-geniwal-namur","image":{"url":"https:\/\/geniwal.be\/wp-content\/uploads\/2023\/03\/cropped-icone-geniwal-3.jpg","id":9022,"extension":"jpg","width":769,"height":769,"filesize":"46902","sizes":{"medium":{"width":300,"height":300,"mime-type":"image\/jpeg","filesize":"5546","url":"https:\/\/geniwal.be\/wp-content\/uploads\/2023\/03\/cropped-icone-geniwal-3-300x300.jpg"},"thumbnail":{"width":150,"height":150,"mime-type":"image\/jpeg","filesize":"2435","url":"https:\/\/geniwal.be\/wp-content\/uploads\/2023\/03\/cropped-icone-geniwal-3-150x150.jpg"},"et-builder-post-main-image":{"width":400,"height":250,"mime-type":"image\/jpeg","filesize":"7076","url":"https:\/\/geniwal.be\/wp-content\/uploads\/2023\/03\/cropped-icone-geniwal-3-400x250.jpg"},"et-builder-post-main-image-fullwidth":{"width":769,"height":675,"mime-type":"image\/jpeg","filesize":"18786","url":"https:\/\/geniwal.be\/wp-content\/uploads\/2023\/03\/cropped-icone-geniwal-3-769x675.jpg"},"et-builder-portfolio-image":{"width":400,"height":284,"mime-type":"image\/jpeg","filesize":"7306","url":"https:\/\/geniwal.be\/wp-content\/uploads\/2023\/03\/cropped-icone-geniwal-3-400x284.jpg"},"et-builder-gallery-image-portrait":{"width":400,"height":516,"mime-type":"image\/jpeg","filesize":"9928","url":"https:\/\/geniwal.be\/wp-content\/uploads\/2023\/03\/cropped-icone-geniwal-3-400x516.jpg"},"extra-image-single-post":{"width":769,"height":640,"mime-type":"image\/jpeg","filesize":"18453","url":"https:\/\/geniwal.be\/wp-content\/uploads\/2023\/03\/cropped-icone-geniwal-3-769x640.jpg"},"extra-image-medium":{"width":627,"height":376,"mime-type":"image\/jpeg","filesize":"11870","url":"https:\/\/geniwal.be\/wp-content\/uploads\/2023\/03\/cropped-icone-geniwal-3-627x376.jpg"},"extra-image-small":{"width":440,"height":264,"mime-type":"image\/jpeg","filesize":"7813","url":"https:\/\/geniwal.be\/wp-content\/uploads\/2023\/03\/cropped-icone-geniwal-3-440x264.jpg"},"extra-image-square-medium":{"width":440,"height":440,"mime-type":"image\/jpeg","filesize":"8985","url":"https:\/\/geniwal.be\/wp-content\/uploads\/2023\/03\/cropped-icone-geniwal-3-440x440.jpg"},"extra-image-square-small":{"width":150,"height":150,"mime-type":"image\/jpeg","filesize":"2435","url":"https:\/\/geniwal.be\/wp-content\/uploads\/2023\/03\/cropped-icone-geniwal-3-150x150.jpg"},"woocommerce_thumbnail":{"width":300,"height":300,"mime-type":"image\/jpeg","filesize":"5546","uncropped":"1","url":"https:\/\/geniwal.be\/wp-content\/uploads\/2023\/03\/cropped-icone-geniwal-3-300x300.jpg"},"woocommerce_single":{"width":600,"height":600,"mime-type":"image\/jpeg","filesize":"13692","url":"https:\/\/geniwal.be\/wp-content\/uploads\/2023\/03\/cropped-icone-geniwal-3-600x600.jpg"},"woocommerce_gallery_thumbnail":{"width":100,"height":100,"mime-type":"image\/jpeg","filesize":"1702","url":"https:\/\/geniwal.be\/wp-content\/uploads\/2023\/03\/cropped-icone-geniwal-3-100x100.jpg"}}},"address":"Rue du Village n\u00b02 \u00e0 \"NOSSE MAUJONE\",","city":"La Bruy\u00e8re","country":"Belgium","province":"Namur","zip":"5081","phone":"++ 32 496 32 49 42","website":"https:\/\/geniwal.be\/antennes-de-geniwal\/antenne-de-namur\/","stateprovince":"Namur","json_ld":{"@type":"Place","name":"Antenne g\u00e9n\u00e9alogique de GeniWal Namur","description":"","image":"https:\/\/geniwal.be\/wp-content\/uploads\/2023\/03\/cropped-icone-geniwal-3.jpg","url":"https:\/\/geniwal.be\/es\/recinto\/antenne-genealogique-de-geniwal-namur\/","address":{"@type":"PostalAddress","streetAddress":"Rue du Village n\u00b02 \u00e0 &quot;NOSSE MAUJONE&quot;,","addressLocality":"La Bruy\u00e8re","addressRegion":"Namur","postalCode":"5081","addressCountry":"Belgium"},"telephone":"++ 32 496 32 49 42","sameAs":"https:\/\/geniwal.be\/antennes-de-geniwal\/antenne-de-namur\/"},"show_map":true,"show_map_link":true,"global_id":"geniwal.be\/es?id=227432","global_id_lineage":["geniwal.be\/es?id=227432"]},"organizer":[{"id":227708,"author":"2","status":"publish","date":"2025-08-22 10:09:21","date_utc":"2025-08-22 08:09:21","modified":"2025-08-22 10:27:25","modified_utc":"2025-08-22 08:27:25","url":"https:\/\/geniwal.be\/es\/organizador\/antenne-genealogie-de-namur\/","organizer":"Antenne g\u00e9n\u00e9alogie de G\u00e9niwal Namur","slug":"antenne-genealogie-de-namur","image":{"url":"https:\/\/geniwal.be\/wp-content\/uploads\/2023\/03\/cropped-icone-geniwal-3.jpg","id":9022,"extension":"jpg","width":769,"height":769,"filesize":"46902","sizes":{"medium":{"width":300,"height":300,"mime-type":"image\/jpeg","filesize":"5546","url":"https:\/\/geniwal.be\/wp-content\/uploads\/2023\/03\/cropped-icone-geniwal-3-300x300.jpg"},"thumbnail":{"width":150,"height":150,"mime-type":"image\/jpeg","filesize":"2435","url":"https:\/\/geniwal.be\/wp-content\/uploads\/2023\/03\/cropped-icone-geniwal-3-150x150.jpg"},"et-builder-post-main-image":{"width":400,"height":250,"mime-type":"image\/jpeg","filesize":"7076","url":"https:\/\/geniwal.be\/wp-content\/uploads\/2023\/03\/cropped-icone-geniwal-3-400x250.jpg"},"et-builder-post-main-image-fullwidth":{"width":769,"height":675,"mime-type":"image\/jpeg","filesize":"18786","url":"https:\/\/geniwal.be\/wp-content\/uploads\/2023\/03\/cropped-icone-geniwal-3-769x675.jpg"},"et-builder-portfolio-image":{"width":400,"height":284,"mime-type":"image\/jpeg","filesize":"7306","url":"https:\/\/geniwal.be\/wp-content\/uploads\/2023\/03\/cropped-icone-geniwal-3-400x284.jpg"},"et-builder-gallery-image-portrait":{"width":400,"height":516,"mime-type":"image\/jpeg","filesize":"9928","url":"https:\/\/geniwal.be\/wp-content\/uploads\/2023\/03\/cropped-icone-geniwal-3-400x516.jpg"},"extra-image-single-post":{"width":769,"height":640,"mime-type":"image\/jpeg","filesize":"18453","url":"https:\/\/geniwal.be\/wp-content\/uploads\/2023\/03\/cropped-icone-geniwal-3-769x640.jpg"},"extra-image-medium":{"width":627,"height":376,"mime-type":"image\/jpeg","filesize":"11870","url":"https:\/\/geniwal.be\/wp-content\/uploads\/2023\/03\/cropped-icone-geniwal-3-627x376.jpg"},"extra-image-small":{"width":440,"height":264,"mime-type":"image\/jpeg","filesize":"7813","url":"https:\/\/geniwal.be\/wp-content\/uploads\/2023\/03\/cropped-icone-geniwal-3-440x264.jpg"},"extra-image-square-medium":{"width":440,"height":440,"mime-type":"image\/jpeg","filesize":"8985","url":"https:\/\/geniwal.be\/wp-content\/uploads\/2023\/03\/cropped-icone-geniwal-3-440x440.jpg"},"extra-image-square-small":{"width":150,"height":150,"mime-type":"image\/jpeg","filesize":"2435","url":"https:\/\/geniwal.be\/wp-content\/uploads\/2023\/03\/cropped-icone-geniwal-3-150x150.jpg"},"woocommerce_thumbnail":{"width":300,"height":300,"mime-type":"image\/jpeg","filesize":"5546","uncropped":"1","url":"https:\/\/geniwal.be\/wp-content\/uploads\/2023\/03\/cropped-icone-geniwal-3-300x300.jpg"},"woocommerce_single":{"width":600,"height":600,"mime-type":"image\/jpeg","filesize":"13692","url":"https:\/\/geniwal.be\/wp-content\/uploads\/2023\/03\/cropped-icone-geniwal-3-600x600.jpg"},"woocommerce_gallery_thumbnail":{"width":100,"height":100,"mime-type":"image\/jpeg","filesize":"1702","url":"https:\/\/geniwal.be\/wp-content\/uploads\/2023\/03\/cropped-icone-geniwal-3-100x100.jpg"}}},"phone":"++ 32 496 32 49 42","website":"https:\/\/geniwal.be\/antennes-de-geniwal\/antenne-de-namur\/","email":"michel.mouyart@gmail.com","json_ld":{"@type":"Person","name":"Antenne g\u00e9n\u00e9alogie de G\u00e9niwal Namur","description":"","image":"https:\/\/geniwal.be\/wp-content\/uploads\/2023\/03\/cropped-icone-geniwal-3.jpg","url":"https:\/\/geniwal.be\/antennes-de-geniwal\/antenne-de-namur\/","telephone":"++ 32 496 32 49 42","email":"&#109;i&#99;h&#101;&#108;&#46;&#109;o&#117;ya&#114;t&#64;g&#109;&#97;i&#108;&#46;&#99;om","sameAs":"https:\/\/geniwal.be\/antennes-de-geniwal\/antenne-de-namur\/"},"global_id":"geniwal.be\/es?id=227708","global_id_lineage":["geniwal.be\/es?id=227708"]}],"custom_fields":[],"json_ld":{"@context":"http:\/\/schema.org","@type":"Event","name":"L\u2019antenne g\u00e9n\u00e9alogique de G\u00e9niWal Namur","description":"&lt;p&gt;La r\u00e9union mensuelle a lieu le 4\u00e8me jeudi du mois, \u00e0 partir de 19h30 \u00e0 22h30.L\u2019antenne est ouverte \u00e0 tous les adh\u00e9rents de G\u00e9niWal. Les g\u00e9n\u00e9alogistes amateurs non membres, les [&hellip;]&lt;\/p&gt;\\n","image":"https:\/\/geniwal.be\/wp-content\/uploads\/2023\/08\/NECROLOGIE_AVENIR_2025_1241.jpg","url":"https:\/\/geniwal.be\/es\/event\/lantenne-genealogique-de-geniwal-namur-3\/","eventAttendanceMode":"https:\/\/schema.org\/OfflineEventAttendanceMode","eventStatus":"https:\/\/schema.org\/EventScheduled","startDate":"2025-09-25T19:30:00+02:00","endDate":"2025-09-25T22:30:00+02:00","location":{"@type":"Place","name":"Antenne g\u00e9n\u00e9alogique de GeniWal Namur","description":"","image":"https:\/\/geniwal.be\/wp-content\/uploads\/2023\/03\/cropped-icone-geniwal-3.jpg","url":"https:\/\/geniwal.be\/es\/recinto\/antenne-genealogique-de-geniwal-namur\/","address":{"@type":"PostalAddress","streetAddress":"Rue du Village n\u00b02 \u00e0 &quot;NOSSE MAUJONE&quot;,","addressLocality":"La Bruy\u00e8re","addressRegion":"Namur","postalCode":"5081","addressCountry":"Belgium"},"telephone":"++ 32 496 32 49 42","sameAs":"https:\/\/geniwal.be\/antennes-de-geniwal\/antenne-de-namur\/"},"organizer":{"@type":"Person","name":"Antenne g\u00e9n\u00e9alogie de G\u00e9niwal Namur","description":"","image":"https:\/\/geniwal.be\/wp-content\/uploads\/2023\/03\/cropped-icone-geniwal-3.jpg","url":"https:\/\/geniwal.be\/antennes-de-geniwal\/antenne-de-namur\/","telephone":"++ 32 496 32 49 42","email":"m&#105;&#99;he&#108;&#46;mouy&#97;&#114;t&#64;g&#109;&#97;il.c&#111;m","sameAs":"https:\/\/geniwal.be\/antennes-de-geniwal\/antenne-de-namur\/"},"performer":"Organization"}}