{"id":226779,"date":"2023-09-29T22:52:57","date_gmt":"2023-09-29T20:52:57","guid":{"rendered":"https:\/\/geniwal.be\/?p=226779"},"modified":"2023-09-29T22:52:57","modified_gmt":"2023-09-29T20:52:57","slug":"de-burlet-jules-philippe-marie-bourgmestre-de-nivelles-et-premier-ministre","status":"publish","type":"post","link":"https:\/\/geniwal.be\/es\/nos-pistes\/personnalites-belges\/de-burlet-jules-philippe-marie-bourgmestre-de-nivelles-et-premier-ministre\/","title":{"rendered":"DE BURLET Jules Philippe Marie Alcalde de Nivelles y Primer Ministro"},"content":{"rendered":"<p style=\"text-align: left;\"><span style=\"font-family: arial, helvetica, sans-serif; font-size: 14pt;\">Nacido en Ixelles el 10 de abril de 1844, falleci\u00f3 en su domicilio de la Place Saint Paul de Nivelles el 1 de marzo de 1897. Hijo de <strong>VILLARD de BURLET<\/strong> Joseph Dieudonn\u00e9 y <strong>DUGNIOLLE<\/strong> Louis y Jeanne Julie Jos\u00e9phine.<br \/>\nViudo de <strong>VAN PUT<\/strong> Julia Marie Justine, esposo de <strong>VERHAEGEN<\/strong> Eulalie Jos\u00e9phine Marie. Fue padre de Pierre \u00c9mile L\u00e9on Charles <strong>de BURLET<\/strong>nacido el 27 de julio de 1876<\/span><\/p>\n<p data-wp-editing=\"1\"><img decoding=\"async\" class=\"wp-image-226781 aligncenter lazyload\" data-src=\"https:\/\/geniwal.be\/wp-content\/uploads\/2023\/09\/DE-BURLET-JULES-NAISSANCES-1024x626-1-300x183.jpg\" alt=\"\" width=\"698\" height=\"426\" data-srcset=\"https:\/\/geniwal.be\/wp-content\/uploads\/2023\/09\/DE-BURLET-JULES-NAISSANCES-1024x626-1-300x183.jpg 300w, https:\/\/geniwal.be\/wp-content\/uploads\/2023\/09\/DE-BURLET-JULES-NAISSANCES-1024x626-1-768x470.jpg 768w, https:\/\/geniwal.be\/wp-content\/uploads\/2023\/09\/DE-BURLET-JULES-NAISSANCES-1024x626-1-18x12.jpg 18w, https:\/\/geniwal.be\/wp-content\/uploads\/2023\/09\/DE-BURLET-JULES-NAISSANCES-1024x626-1-600x367.jpg 600w, https:\/\/geniwal.be\/wp-content\/uploads\/2023\/09\/DE-BURLET-JULES-NAISSANCES-1024x626-1-98x60.jpg 98w, https:\/\/geniwal.be\/wp-content\/uploads\/2023\/09\/DE-BURLET-JULES-NAISSANCES-1024x626-1-147x90.jpg 147w, https:\/\/geniwal.be\/wp-content\/uploads\/2023\/09\/DE-BURLET-JULES-NAISSANCES-1024x626-1.jpg 1024w\" data-sizes=\"(max-width: 698px) 100vw, 698px\" src=\"data:image\/svg+xml;base64,PHN2ZyB3aWR0aD0iMSIgaGVpZ2h0PSIxIiB4bWxucz0iaHR0cDovL3d3dy53My5vcmcvMjAwMC9zdmciPjwvc3ZnPg==\" style=\"--smush-placeholder-width: 698px; --smush-placeholder-aspect-ratio: 698\/426;\" \/><\/p>\n<p>&nbsp;<\/p>\n<p><img decoding=\"async\" class=\"wp-image-226780 aligncenter lazyload\" data-src=\"https:\/\/geniwal.be\/wp-content\/uploads\/2023\/09\/ACTE-DE-DECES-DE-BURLET-JULES-1-300x201.jpg\" alt=\"\" width=\"710\" height=\"476\" data-srcset=\"https:\/\/geniwal.be\/wp-content\/uploads\/2023\/09\/ACTE-DE-DECES-DE-BURLET-JULES-1-300x201.jpg 300w, https:\/\/geniwal.be\/wp-content\/uploads\/2023\/09\/ACTE-DE-DECES-DE-BURLET-JULES-1-768x515.jpg 768w, https:\/\/geniwal.be\/wp-content\/uploads\/2023\/09\/ACTE-DE-DECES-DE-BURLET-JULES-1-18x12.jpg 18w, https:\/\/geniwal.be\/wp-content\/uploads\/2023\/09\/ACTE-DE-DECES-DE-BURLET-JULES-1-600x402.jpg 600w, https:\/\/geniwal.be\/wp-content\/uploads\/2023\/09\/ACTE-DE-DECES-DE-BURLET-JULES-1-89x60.jpg 89w, https:\/\/geniwal.be\/wp-content\/uploads\/2023\/09\/ACTE-DE-DECES-DE-BURLET-JULES-1-134x90.jpg 134w, https:\/\/geniwal.be\/wp-content\/uploads\/2023\/09\/ACTE-DE-DECES-DE-BURLET-JULES-1.jpg 896w\" data-sizes=\"(max-width: 710px) 100vw, 710px\" src=\"data:image\/svg+xml;base64,PHN2ZyB3aWR0aD0iMSIgaGVpZ2h0PSIxIiB4bWxucz0iaHR0cDovL3d3dy53My5vcmcvMjAwMC9zdmciPjwvc3ZnPg==\" style=\"--smush-placeholder-width: 710px; --smush-placeholder-aspect-ratio: 710\/476;\" \/><\/p>\n<p>&nbsp;<\/p>\n<p style=\"text-align: left;\"><span style=\"font-family: arial, helvetica, sans-serif; font-size: 14pt;\">Pol\u00edtico cat\u00f3lico belga, comenz\u00f3 su carrera pol\u00edtica a los 21 a\u00f1os. Es doctor en Derecho y<\/span><span style=\"font-family: arial, helvetica, sans-serif; font-size: 14pt;\">espu\u00e9s de estudiar Derecho y ser nombrado Doctor en Derecho por la Universidad Cat\u00f3lica de Lovaina en 1866, Jules de BURLET se convirti\u00f3 en abogado en Nivelles (1866-1872), y posteriormente en juez adjunto del Tribunal de 1\u00aa Instancia de Nivelles (1872-1892). Elegido concejal en 1871, era el \u00fanico representante del partido cat\u00f3lico y fue elegido por el Rey \"para presidir los destinos de la ciudad de Nivelles (1 de julio de 1872)\" hasta 1891.<\/span><span style=\"font-family: arial, helvetica, sans-serif; font-size: 14pt;\">Miembro del Partido Cat\u00f3lico, represent\u00f3 a Nivelles en la C\u00e1mara de Representantes belga desde 1884. Fue \"Ministro del Interior y Bellas Artes\" en 1891. No era partidario del sufragio universal, y su actitud provoc\u00f3 la huelga general de abril de 1893 a favor del sufragio universal.<br \/>\n<\/span><span style=\"font-family: arial, helvetica, sans-serif; font-size: 14pt;\">Ministro de Estado en 1896. Enviado Extraordinario y Ministro Plenipotenciario de Su Majestad el Rey de los Belgas Leopoldo 2 ante Su Majestad el Rey de Portugal y de los Algarves, abogado, antiguo Alcalde de la ciudad de Nivelles, antiguo Ministro del Interior y de Instrucci\u00f3n P\u00fablica, antiguo Ministro de Asuntos Exteriores, antiguo miembro de la C\u00e1mara de Representantes y del Senado, Gran Oficial de la Orden de Leopoldo, Gran Cord\u00f3n de las \u00d3rdenes de la Legi\u00f3n de Honor, de San Miguel, de la Estrella Polar, de la Estrella de Ruman\u00eda, de Nuestra Se\u00f1ora de la Concepci\u00f3n de Villa Vicosa del M\u00e9rito Civil de Bulgaria, Comendador de la Orden de San Gregorio Magno, condecorado con la Cruz pro Ecclesia et Pontifice, domiciliado en Nivelles. propietario<\/span><\/p>\n<p style=\"text-align: left;\"><span style=\"font-family: arial, helvetica, sans-serif; font-size: 14pt;\">En 1894 fue elegido senador y m\u00e1s tarde Primer Ministro de B\u00e9lgica.<\/span><\/p>\n<p style=\"text-align: left;\"><span style=\"font-family: arial, helvetica, sans-serif; font-size: 14pt;\">Despu\u00e9s de dejar el cargo en 1896 y dimitir el 21 de febrero de 1896 tras sufrir un derrame cerebral el 19 de diciembre de 1895, fue nombrado Ministro de Estado y ejerci\u00f3 de Embajador en Portugal desde 1896 hasta su muerte en 1897.<\/span><\/p>\n<p style=\"text-align: left;\"><span style=\"font-family: arial, helvetica, sans-serif;\"><strong>Fuentes :<\/strong><\/span><br \/>\n<span style=\"font-family: arial, helvetica, sans-serif;\">Le nouveau dictionnaire des belges, editado por Thierry Den\u00f6el, publicado por Le Cri, 1993, p\u00e1gina 169.\u00a0<\/span><br \/>\n<span style=\"font-family: arial, helvetica, sans-serif;\">https:\/\/fr.wikipedia.org\/wiki\/Jules_de_Burlet<\/span><br \/>\n<span style=\"font-family: arial, helvetica, sans-serif;\">L'avenir Brabant Wallon del lunes 7 de agosto de 2023, p\u00e1gina 12<\/span><\/p>\n<p style=\"text-align: left;\"><span style=\"font-family: arial, helvetica, sans-serif;\"><strong>Cr\u00e9dito de la foto :<\/strong><\/span><br \/>\n<span style=\"font-family: arial, helvetica, sans-serif;\">https:\/\/fr.wikipedia.org\/wiki\/Jules_de_Burlet#\/media\/Fichier:Jules_de_burlet.jpg<\/span><\/p>","protected":false},"excerpt":{"rendered":"<p>N\u00e9 \u00e0 Ixelles le 10 avril 1844 est d\u00e9c\u00e9d\u00e9 en sa demeure Place Saint Paul le 01 mars 1897 \u00e0 Nivelles. Fils de VILLARD de BURLET Joseph Dieudonn\u00e9 et de [&hellip;]<\/p>\n","protected":false},"author":1,"featured_media":226782,"comment_status":"closed","ping_status":"open","sticky":false,"template":"","format":"standard","meta":{"_et_pb_use_builder":"","_et_pb_old_content":"","_et_gb_content_width":"","footnotes":""},"categories":[93,89],"tags":[],"class_list":["post-226779","post","type-post","status-publish","format-standard","has-post-thumbnail","hentry","category-nos-pistes","category-personnalites-belges","et-has-post-format-content","et_post_format-et-post-format-standard"],"aioseo_notices":[],"_links":{"self":[{"href":"https:\/\/geniwal.be\/es\/wp-json\/wp\/v2\/posts\/226779","targetHints":{"allow":["GET"]}}],"collection":[{"href":"https:\/\/geniwal.be\/es\/wp-json\/wp\/v2\/posts"}],"about":[{"href":"https:\/\/geniwal.be\/es\/wp-json\/wp\/v2\/types\/post"}],"author":[{"embeddable":true,"href":"https:\/\/geniwal.be\/es\/wp-json\/wp\/v2\/users\/1"}],"replies":[{"embeddable":true,"href":"https:\/\/geniwal.be\/es\/wp-json\/wp\/v2\/comments?post=226779"}],"version-history":[{"count":1,"href":"https:\/\/geniwal.be\/es\/wp-json\/wp\/v2\/posts\/226779\/revisions"}],"predecessor-version":[{"id":226783,"href":"https:\/\/geniwal.be\/es\/wp-json\/wp\/v2\/posts\/226779\/revisions\/226783"}],"wp:featuredmedia":[{"embeddable":true,"href":"https:\/\/geniwal.be\/es\/wp-json\/wp\/v2\/media\/226782"}],"wp:attachment":[{"href":"https:\/\/geniwal.be\/es\/wp-json\/wp\/v2\/media?parent=226779"}],"wp:term":[{"taxonomy":"category","embeddable":true,"href":"https:\/\/geniwal.be\/es\/wp-json\/wp\/v2\/categories?post=226779"},{"taxonomy":"post_tag","embeddable":true,"href":"https:\/\/geniwal.be\/es\/wp-json\/wp\/v2\/tags?post=226779"}],"curies":[{"name":"wp","href":"https:\/\/api.w.org\/{rel}","templated":true}]}}