{"id":226785,"date":"2023-09-29T22:57:35","date_gmt":"2023-09-29T20:57:35","guid":{"rendered":"https:\/\/geniwal.be\/?p=226785"},"modified":"2023-09-29T22:58:26","modified_gmt":"2023-09-29T20:58:26","slug":"goblet-dalviella-albert-joseph-comte-general-et-homme-detat-belge","status":"publish","type":"post","link":"https:\/\/geniwal.be\/es\/nos-pistes\/personnalites-belges\/goblet-dalviella-albert-joseph-comte-general-et-homme-detat-belge\/","title":{"rendered":"GOBLET d'ALVIELLA Albert Joseph Conde general y estadista belga"},"content":{"rendered":"<div class=\"mceTemp\"><\/div>\n<p>&nbsp;<\/p>\n<p style=\"text-align: left;\"><span style=\"font-size: 14pt; font-family: arial, helvetica, sans-serif;\">Nacido en Tournai el 26\/05\/1790 y fallecido en Bruselas el 05\/05\/1873, fue enterrado el jueves 8 de mayo de 1873 en el cementerio de Court-Saint-\u00c9tienne. Su funeral se celebr\u00f3 en el <a href=\"https:\/\/fr.wikipedia.org\/wiki\/Cath%C3%A9drale_Saints-Michel-et-Gudule_de_Bruxelles\">Catedral Saints-Michel-et-Gudule, Bruselas<\/a>\u00a0el 20 de mayo de 1873 y el<a href=\"https:\/\/fr.wikipedia.org\/wiki\/%C3%89glise_Saint-%C3%89tienne_de_Court-Saint-%C3%89tienne\">Iglesia de Saint-\u00c9tienne en Court-Saint-\u00c9tienne<\/a>\u00a0el 21 de mayo de 1873. Catorce a\u00f1os despu\u00e9s de su muerte, los restos mortales de Albert Goblet fueron trasladados a la cripta de la\u00a0<a href=\"https:\/\/fr.wikipedia.org\/wiki\/Mausol%C3%A9e_Goblet_d%27Alviella\">mausoleo<\/a>\u00a0dise\u00f1ado por Eug\u00e8ne Goblet, su nieto, y construido entre 1885 y 1887 en el\u00a0<a href=\"https:\/\/fr.wikipedia.org\/wiki\/Cimeti%C3%A8re_de_Court-Saint-%C3%89tienne\">Cementerio de Court-Saint-\u00c9tienne<\/a>. Hijo de <strong>GOBLET<\/strong> Fran\u00e7ois Magloire Joseph, magistrado y miembro del consejo municipal, y Michelle <strong>DELMARLE<\/strong> Marie. El 14 de enero de 1814 se cas\u00f3 con Marie Anne Ad\u00e9la\u00efde DAMIEN (x - 1863). La pareja tuvo al menos un hijo, Louis Fran\u00e7ois Magloire (1823-1867), y el abuelo de los<a href=\"https:\/\/fr.wikipedia.org\/wiki\/ULB\">ULB<\/a>\u00a0y pol\u00edtico\u00a0<a href=\"https:\/\/fr.wikipedia.org\/wiki\/Eug%C3%A8ne_Goblet_d%27Alviella\"><strong>GOBLET d'ALVIELLA<\/strong><\/a> Eug\u00e8ne (1846-1925).<\/span><\/p>\n<p style=\"text-align: left;\"><strong><span style=\"font-size: 14pt; font-family: arial, helvetica, sans-serif;\">Biograf\u00eda :<\/span><\/strong><\/p>\n<p style=\"text-align: left;\"><span style=\"font-size: 14pt; font-family: arial, helvetica, sans-serif;\">En 1802 ingres\u00f3 en la Prytan\u00e9e militaire de Saint-Cyr, una escuela militar de ense\u00f1anza, y en 1807 gan\u00f3 el premio imperial de matem\u00e1ticas en el concurso general. A continuaci\u00f3n pas\u00f3 a la escuela polit\u00e9cnica, gradu\u00e1ndose en 1811 como oficial de ingenieros al servicio de Francia. Siendo el \u00fanico oficial de ingenieros que quedaba, fue elegido para llevar los detalles del sitio y capitulaci\u00f3n de Par\u00eds, fue nombrado capit\u00e1n y condecorado con la Cruz de Honor. <\/span><span style=\"font-size: 14pt; font-family: arial, helvetica, sans-serif;\">De vuelta al servicio de su pa\u00eds en febrero de 1815, luch\u00f3 en Quatre-Bras y Waterloo, y fue condecorado con la Orden de Guillermo (4\u00aa clase).\u00a0<\/span><span style=\"font-size: 14pt; font-family: arial, helvetica, sans-serif;\">Gracias a su formaci\u00f3n, recibi\u00f3 el encargo de dise\u00f1ar y construir la fortaleza de Nieuport. Supervis\u00f3 las obras durante siete a\u00f1os, fue nombrado caballero (oficial) de 3\u00aa clase de la Orden de Guillermo y acompa\u00f1\u00f3 al Pr\u00edncipe de Orange a Rusia. Alejandro le condecor\u00f3 con la Cruz de Santa Ana.\u00a0<\/span><span style=\"font-size: 14pt; font-family: arial, helvetica, sans-serif;\">A su regreso, se encarg\u00f3 de la reconstrucci\u00f3n de la fortaleza de Menin. Nombrado coronel de ingenieros y director general de este cuerpo el 15 de octubre de 1830, fue ascendido al grado de general de brigada en 1831, y ejerci\u00f3 como ministro de la Guerra bajo el Regente.\u00a0<\/span><span style=\"font-size: 14pt; font-family: arial, helvetica, sans-serif;\">En agosto de 1831, la ciudad de Tournai le env\u00eda a la C\u00e1mara de Representantes, y pocos d\u00edas despu\u00e9s es nombrado Inspector General de Fortificaciones e Ingenier\u00eda.\u00a0<\/span><span style=\"font-size: 14pt; font-family: arial, helvetica, sans-serif;\">El 14 de diciembre de 1831, el general Goblet firm\u00f3 en Londres un tratado con los ministros de Austria, Inglaterra, Prusia y Rusia, acordando la demolici\u00f3n de Menin, Ath, Mons, Philippeville y Marienbourg.\u00a0<\/span><span style=\"font-size: 14pt; font-family: arial, helvetica, sans-serif;\">Como diputado, vot\u00f3 a favor de la adopci\u00f3n de los 24 art\u00edculos. Fue sucesivamente Plenipotenciario en la Conferencia de Londres, Ministro de Estado, Ministro de Asuntos Exteriores en funciones, Comendador de la Legi\u00f3n de Honor y Caballero de la Orden de Leopoldo, Embajador en Berl\u00edn, etc.\u00a0<\/span><span style=\"font-size: 14pt; font-family: arial, helvetica, sans-serif;\">Su trabajo sobre el sistema general de defensa de la frontera norte, desde el Escalda hasta el Mosa, le vali\u00f3 el rango de teniente general en 1835.\u00a0<\/span><span style=\"font-size: 14pt; font-family: arial, helvetica, sans-serif;\">Elegido diputado en 1836 por la ciudad de Bruselas, renunci\u00f3 a sus funciones legislativas para ir a Portugal como ministro plenipotenciario. Fue nombrado Conde de ALVIELLA, y el Rey de los Belgas, al ratificar este nombramiento, hizo hereditario el t\u00edtulo a todos sus descendientes varones.\u00a0<\/span><span style=\"font-size: 14pt; font-family: arial, helvetica, sans-serif;\">En 1850, realiz\u00f3 varias compras para ampliar la finca contigua al castillo de Court-Saint-\u00c9tienne, que hab\u00eda obtenido en 1844 mediante el matrimonio de su hijo Louis con la condesa de Court-Saint-\u00c9tienne. <strong>d'AUXY<\/strong> de Neuville, (familia <strong>d'AUXY<\/strong>). Su busto se encuentra en Court-Saint-Etienne.<\/span><\/p>\n<p style=\"text-align: left;\"><span style=\"font-family: arial, helvetica, sans-serif; font-size: 14pt;\"><strong>Fuentes :<\/strong><br \/>\n<\/span><span style=\"font-size: 14pt; font-family: arial, helvetica, sans-serif;\"><a href=\"https:\/\/fr.wikisource.org\/wiki\/Biographie_des_c%C3%A9l%C3%A9brit%C3%A9s_militaires_des_arm%C3%A9es_de_terre_et_de_mer_de_1789_%C3%A0_1850\/G\">https:\/\/fr.wikisource.org\/wiki\/Biographie_des_c%C3%A9l%C3%A9brit%C3%A9s_militaires_des_arm%C3%A9es_de_terre_et_de_mer_de_1789_%C3%A0_1850\/G<\/a><br \/>\n<\/span><\/p>\n<p style=\"text-align: left;\"><span style=\"font-size: 14pt; font-family: arial, helvetica, sans-serif;\"><strong>Cr\u00e9dito de la foto :<\/strong><br \/>\n<a href=\"https:\/\/fr.wikipedia.org\/wiki\/Albert_Goblet_d%27Alviella#\/media\/Fichier:Albert_Goblet.png\">https:\/\/fr.wikipedia.org\/wiki\/Albert_Goblet_d%27Alviella#\/media\/Fichier:Albert_Goblet.png<\/a><\/span><\/p>\n<p>&nbsp;<\/p>","protected":false},"excerpt":{"rendered":"<p>&nbsp; N\u00e9 \u00e0 Tournai le 26\/05\/1790 et d\u00e9c\u00e9d\u00e9 \u00e0 Bruxelles le 05\/05\/1873 il est inhum\u00e9 le jeudi 8 mai 1873 au cimeti\u00e8re de Court-Saint-\u00c9tienne. Ses fun\u00e9railles ont \u00e9t\u00e9 c\u00e9l\u00e9br\u00e9es \u00e0 [&hellip;]<\/p>\n","protected":false},"author":1,"featured_media":226786,"comment_status":"closed","ping_status":"open","sticky":false,"template":"","format":"standard","meta":{"_et_pb_use_builder":"","_et_pb_old_content":"","_et_gb_content_width":"","footnotes":""},"categories":[93,89],"tags":[],"class_list":["post-226785","post","type-post","status-publish","format-standard","has-post-thumbnail","hentry","category-nos-pistes","category-personnalites-belges","et-has-post-format-content","et_post_format-et-post-format-standard"],"aioseo_notices":[],"_links":{"self":[{"href":"https:\/\/geniwal.be\/es\/wp-json\/wp\/v2\/posts\/226785","targetHints":{"allow":["GET"]}}],"collection":[{"href":"https:\/\/geniwal.be\/es\/wp-json\/wp\/v2\/posts"}],"about":[{"href":"https:\/\/geniwal.be\/es\/wp-json\/wp\/v2\/types\/post"}],"author":[{"embeddable":true,"href":"https:\/\/geniwal.be\/es\/wp-json\/wp\/v2\/users\/1"}],"replies":[{"embeddable":true,"href":"https:\/\/geniwal.be\/es\/wp-json\/wp\/v2\/comments?post=226785"}],"version-history":[{"count":1,"href":"https:\/\/geniwal.be\/es\/wp-json\/wp\/v2\/posts\/226785\/revisions"}],"predecessor-version":[{"id":226787,"href":"https:\/\/geniwal.be\/es\/wp-json\/wp\/v2\/posts\/226785\/revisions\/226787"}],"wp:featuredmedia":[{"embeddable":true,"href":"https:\/\/geniwal.be\/es\/wp-json\/wp\/v2\/media\/226786"}],"wp:attachment":[{"href":"https:\/\/geniwal.be\/es\/wp-json\/wp\/v2\/media?parent=226785"}],"wp:term":[{"taxonomy":"category","embeddable":true,"href":"https:\/\/geniwal.be\/es\/wp-json\/wp\/v2\/categories?post=226785"},{"taxonomy":"post_tag","embeddable":true,"href":"https:\/\/geniwal.be\/es\/wp-json\/wp\/v2\/tags?post=226785"}],"curies":[{"name":"wp","href":"https:\/\/api.w.org\/{rel}","templated":true}]}}