{"id":226788,"date":"2023-09-29T23:11:52","date_gmt":"2023-09-29T21:11:52","guid":{"rendered":"https:\/\/geniwal.be\/?p=226788"},"modified":"2023-09-29T23:11:52","modified_gmt":"2023-09-29T21:11:52","slug":"de-lalieux-de-la-rocq-emile-marie-rene-homme-politique-belge-bourgmestre-de-nivelles","status":"publish","type":"post","link":"https:\/\/geniwal.be\/es\/nos-pistes\/personnalites-belges\/de-lalieux-de-la-rocq-emile-marie-rene-homme-politique-belge-bourgmestre-de-nivelles\/","title":{"rendered":"de LALIEUX de la ROCQ Emile Marie Ren\u00e9 Pol\u00edtico belga, alcalde de Nivelles."},"content":{"rendered":"<div class=\"mceTemp\"><\/div>\n<p>&nbsp;<\/p>\n<div id=\"attachment_8758\" style=\"width: 618px\" class=\"wp-caption alignleft\"><img decoding=\"async\" aria-describedby=\"caption-attachment-8758\" class=\"wp-image-8758 lazyload\" data-src=\"https:\/\/geniwal.be\/wp-content\/uploads\/2023\/08\/LE-LALIEUX_NAISSANCES002.jpg\" alt=\"\" width=\"608\" height=\"318\" src=\"data:image\/svg+xml;base64,PHN2ZyB3aWR0aD0iMSIgaGVpZ2h0PSIxIiB4bWxucz0iaHR0cDovL3d3dy53My5vcmcvMjAwMC9zdmciPjwvc3ZnPg==\" style=\"--smush-placeholder-width: 608px; --smush-placeholder-aspect-ratio: 608\/318;\" \/><p id=\"caption-attachment-8758\" class=\"wp-caption-text\">Partidas de nacimiento de de LALIEUX de la ROCQ<\/p><\/div>\n<div id=\"attachment_8759\" style=\"width: 310px\" class=\"wp-caption alignleft\"><img decoding=\"async\" aria-describedby=\"caption-attachment-8759\" class=\"wp-image-8759 lazyload\" data-src=\"https:\/\/geniwal.be\/wp-content\/uploads\/2023\/08\/DE_LALIEUX_DE_LA_ROCQ_Emile_7642_et_Louis_57061_05.jpg\" alt=\"\" width=\"300\" height=\"471\" src=\"data:image\/svg+xml;base64,PHN2ZyB3aWR0aD0iMSIgaGVpZ2h0PSIxIiB4bWxucz0iaHR0cDovL3d3dy53My5vcmcvMjAwMC9zdmciPjwvc3ZnPg==\" style=\"--smush-placeholder-width: 300px; --smush-placeholder-aspect-ratio: 300\/471;\" \/><p id=\"caption-attachment-8759\" class=\"wp-caption-text\">Cuadros piadosos de LALIEUX de la ROCQ<\/p><\/div>\n<div id=\"attachment_8760\" style=\"width: 526px\" class=\"wp-caption alignleft\"><img decoding=\"async\" aria-describedby=\"caption-attachment-8760\" class=\"wp-image-8760 lazyload\" data-src=\"https:\/\/geniwal.be\/wp-content\/uploads\/2023\/08\/LE-LALIEUX_NAISSANCES003-300x191.jpg\" alt=\"\" width=\"516\" height=\"329\" src=\"data:image\/svg+xml;base64,PHN2ZyB3aWR0aD0iMSIgaGVpZ2h0PSIxIiB4bWxucz0iaHR0cDovL3d3dy53My5vcmcvMjAwMC9zdmciPjwvc3ZnPg==\" style=\"--smush-placeholder-width: 516px; --smush-placeholder-aspect-ratio: 516\/329;\" \/><p id=\"caption-attachment-8760\" class=\"wp-caption-text\">Funeraria del burgomaestre de LALIEUX de la ROCQ en el ayuntamiento de Nivelles<\/p><\/div>\n<p>&nbsp;<\/p>\n<p>&nbsp;<\/p>\n<p>&nbsp;<\/p>\n<p>&nbsp;<\/p>\n<p>&nbsp;<\/p>\n<p>&nbsp;<\/p>\n<p>&nbsp;<\/p>\n<p>&nbsp;<\/p>\n<p>&nbsp;<\/p>\n<p>&nbsp;<\/p>\n<p>&nbsp;<\/p>\n<p>&nbsp;<\/p>\n<div id=\"attachment_8765\" style=\"width: 610px\" class=\"wp-caption aligncenter\"><img decoding=\"async\" aria-describedby=\"caption-attachment-8765\" class=\"wp-image-8765 lazyload\" data-src=\"https:\/\/geniwal.be\/wp-content\/uploads\/2023\/08\/vd-3-lausanne-ouchy-mit-genfersee-und-panorama-ca-1915.jpg\" alt=\"\" width=\"600\" height=\"387\" src=\"data:image\/svg+xml;base64,PHN2ZyB3aWR0aD0iMSIgaGVpZ2h0PSIxIiB4bWxucz0iaHR0cDovL3d3dy53My5vcmcvMjAwMC9zdmciPjwvc3ZnPg==\" style=\"--smush-placeholder-width: 600px; --smush-placeholder-aspect-ratio: 600\/387;\" \/><p id=\"caption-attachment-8765\" class=\"wp-caption-text\">Ouchy lugar de fallecimiento de LALIEUX de la ROCQ<\/p><\/div>\n<p>&nbsp;<\/p>\n<p style=\"text-align: left;\"><span style=\"font-size: 14pt;\"><span style=\"font-family: arial, helvetica, sans-serif;\">Nacido en Nivelles el 25\/11\/1862 y fallecido en Ouchy-Lausanne, Suiza, el 07\/09\/1918, a la edad de 55 a\u00f1os. Hijo de Ren\u00e9 Adolphe <\/span><strong style=\"font-family: arial, helvetica, sans-serif;\">de LALIEUX<\/strong><span style=\"font-family: arial, helvetica, sans-serif;\"> nacido el 1<\/span><sup style=\"font-family: arial, helvetica, sans-serif;\">er<\/sup><span style=\"font-family: arial, helvetica, sans-serif;\"> noviembre de 1822 en Feluy, Seneffe muri\u00f3 el 23\/03\/ 1905 en Nivelles y <\/span><strong style=\"font-family: arial, helvetica, sans-serif;\">de le HOYE<\/strong><span style=\"font-family: arial, helvetica, sans-serif;\"> Julie Marie Jeanne nacida el 11\/10\/1822 en Nivelles y fallecida el 20\/02\/1865 en Nivelles de esta uni\u00f3n nacieron cuatro hijos: <\/span><strong style=\"font-family: arial, helvetica, sans-serif;\">de LALIEUX<\/strong><span style=\"font-family: arial, helvetica, sans-serif;\"> Marie, <\/span><strong style=\"font-family: arial, helvetica, sans-serif;\">de LALIEUX<\/strong><span style=\"font-family: arial, helvetica, sans-serif;\"> L\u00e9ontine, <\/span><strong style=\"font-family: arial, helvetica, sans-serif;\">de LALIEUX<\/strong><span style=\"font-family: arial, helvetica, sans-serif;\"> Marie, <\/span><strong style=\"font-family: arial, helvetica, sans-serif;\">de LALIEUX<\/strong><span style=\"font-family: arial, helvetica, sans-serif;\"> Emile Marie Ren\u00e9.\u00a0<\/span><\/span><span style=\"font-family: arial, helvetica, sans-serif; font-size: 14pt;\">Emile Marie Ren\u00e9 casado el 03\/06\/1890 en Verviers <strong>SIMONIS<\/strong> Maria Euphrosine Amande Jos\u00e9phine nacida el 16\/05\/1866 en Verviers, fallecida el 14\/04\/1945 en Nivelles.<\/span><\/p>\n<p style=\"text-align: left;\"><span style=\"font-family: arial, helvetica, sans-serif; font-size: 14pt;\">De esta uni\u00f3n nacieron 3 hijos.<br \/>\n<\/span><br \/>\n<span style=\"font-family: arial, helvetica, sans-serif; font-size: 14pt;\">Berthe Euphrosine Ren\u00e9e <strong>LALIEUX de la ROCQ<\/strong>nacido en Nivelles el 08\/06\/1891 y fallecido en Bruselas (capital) el 01\/04\/1980. Enterrado en Nivelles el 16\/04\/1980.<br \/>\n<\/span><br \/>\n<span style=\"font-family: arial, helvetica, sans-serif; font-size: 14pt;\">Louis de <strong>LALIEUX de la ROCQ, <\/strong>Nacido en Verviers el 16\/01\/1894, fue herido mortalmente el 14\/09\/1917 en Calais (Francia) con s\u00f3lo 23 a\u00f1os.<\/span><\/p>\n<p style=\"text-align: left;\"><span style=\"font-family: arial, helvetica, sans-serif; font-size: 14pt;\">Ren\u00e9 de <strong>LALIEUX de la ROCQ, <\/strong>nacido en Nivelles el 16\/08\/1895 y fallecido el 28\/11\/1896 en Colonia (Alemania).<\/span><\/p>\n<p style=\"text-align: left;\"><span style=\"font-family: arial, helvetica, sans-serif; font-size: 14pt;\"><strong>N.B.<\/strong><\/span><\/p>\n<p style=\"text-align: left;\"><span style=\"font-family: arial, helvetica, sans-serif; font-size: 14pt;\">Mediante sentencia del Tribunal de 1<sup>era<\/sup> de Nivelles, 1<sup>era<\/sup> Chambre enregistr\u00e9 sur exp\u00e9dition rendu le 15 juillet 1912, transcrit sur les registres de l'\u00e9tat civil des naissances de la ville de Nivelles le 29 juillet 1912 sous le num\u00e9ro 123. La partida de nacimiento ha sido rectificada en el sentido de que el apellido LALIEUX se unir\u00e1 a \"de la ROCQ\". Nivelles 30 de julio de 1912. El concejal del registro civil P de BRULET. Nivelles, 06 de agosto de 1912. El Registrador<\/span><\/p>\n<p style=\"text-align: left;\"><span style=\"font-size: 14pt;\"><strong><span style=\"font-family: arial, helvetica, sans-serif;\">Biograf\u00eda :<\/span><\/strong><\/span><\/p>\n<p style=\"text-align: left;\"><span style=\"font-family: arial, helvetica, sans-serif; font-size: 14pt;\">Doctor en Derecho por la Universidad Cat\u00f3lica de Lovaina y terrateniente, fue uno de los pioneros de la democracia cristiana en el Brabante val\u00f3n. <\/span><br \/>\n<span style=\"font-family: arial, helvetica, sans-serif; font-size: 14pt;\">Dedic\u00f3 su juventud a la clase obrera, a cuya mejora contribuy\u00f3 tanto pol\u00edtica como socialmente. En 1889 fue presidente de la Jeune garde catholique y de la Ligue des Capacitaires de Nivelles, que fund\u00f3 en el distrito de Nivelles. Se mostr\u00f3 especialmente partidario del sufragio universal, matizado por el voto plural. Ese mismo a\u00f1o, el Papa Le\u00f3n XIII fomenta el catolicismo social. Crea la Liga Democr\u00e1tica en la provincia de Brabante.<\/span><br \/>\n<span style=\"font-size: 14pt;\"><span style=\"font-family: arial, helvetica, sans-serif;\">Fue elegido miembro del Consejo Municipal de Nivelles el 19 de octubre de 1890, y luego concejal el 6 de abril de 1891. Tras la instauraci\u00f3n del sufragio universal plural, en 1896 fue nombrado diputado por Nivelles en la C\u00e1mara de Representantes, donde permaneci\u00f3 hasta 1900. En 1908 sustituy\u00f3 a <strong>J. BRABANT<\/strong> fallecido. No fue reelegido en 1910. Al a\u00f1o siguiente, tras la dimisi\u00f3n de <strong>G. SNOY<\/strong> vuelve a ser diputado ocupando su esca\u00f1o. <\/span><span style=\"font-family: arial, helvetica, sans-serif;\">Su mandato termin\u00f3 durante la Gran Guerra. En 1905, el Rey le nombra alcalde de Nivelles (cit\u00e9 des Aclots).<br \/>\nDurante la Primera Guerra Mundial, la ciudad de Nivelles no se vio afectada por las masacres de la invasi\u00f3n alemana, pero estuvo sometida a las condiciones de ocupaci\u00f3n impuestas por las fuerzas de ocupaci\u00f3n. Se implic\u00f3 en su misi\u00f3n moral. En abril de 1915, fue detenido por ayudar a distribuir suministros de socorro a los ferroviarios que se negaban a trabajar para las fuerzas de ocupaci\u00f3n. Se neg\u00f3 a facilitar una lista de los \"parados\" de su ciudad. Fue encarcelado durante cuatro meses en Nivelles y luego deportado a Alemania, donde contrajo una larga y dolorosa enfermedad. Los alemanes le consideraron gravemente enfermo e \"indeseable\". Gracias a la intervenci\u00f3n de la Cruz Roja, fue trasladado a Suiza, donde nunca regres\u00f3 del exilio. Sus restos mortales no volvieron a Nivelles hasta el s\u00e1bado 24 de abril de 1920, d\u00eda de la ceremonia religiosa oficial. Su cuerpo fue transportado entonces al pante\u00f3n familiar de Feluy antes de ser trasladado a Nivelles, donde permanece hasta hoy.<\/span><\/span><\/p>\n<p style=\"text-align: left;\"><span style=\"font-size: 14pt;\"><strong><span style=\"font-family: arial, helvetica, sans-serif;\">Fuentes :<\/span><\/strong><\/span><\/p>\n<p style=\"text-align: left;\"><span style=\"font-family: arial, helvetica, sans-serif; font-size: 14pt;\"><a href=\"https:\/\/fr.wikipedia.org\/wiki\/%C3%89mile_de_Lalieux_de_La_Rocq\">https:\/\/fr.wikipedia.org\/wiki\/%C3%89mile_de_Lalieux_de_La_Rocq<\/a><\/span><br \/>\n<span style=\"font-family: arial, helvetica, sans-serif; font-size: 14pt;\"><a href=\"https:\/\/connaitrelawallonie.wallonie.be\/fr\/wallons-marquants\/dictionnaire\/de-lalieux-de-la-rocq-emile\">https:\/\/connaitrelawallonie.wallonie.be\/fr\/wallons-marquants\/dictionnaire\/de-lalieux-de-la-rocq-emile<\/a><\/span><br \/>\n<span style=\"font-family: arial, helvetica, sans-serif; font-size: 14pt;\"><a href=\"https:\/\/monvieuxnivelles.jimdofree.com\/ev%C3%A9nements\/les-fun%C3%A9railles-d-emile-de-lalieux\/\">https:\/\/monvieuxnivelles.jimdofree.com\/ev%C3%A9nements\/les-fun%C3%A9railles-d-emile-de-lalieux\/<\/a><\/span><\/p>\n<p style=\"text-align: left;\"><span style=\"font-size: 14pt;\"><strong><span style=\"font-family: arial, helvetica, sans-serif;\">Cr\u00e9dito iconogr\u00e1fico :<br \/>\n<\/span><\/strong><a href=\"https:\/\/monvieuxnivelles.jimdofree.com\/ev%C3%A9nements\/les-fun%C3%A9railles-d-emile-de-lalieux\/\"><span style=\"font-family: arial, helvetica, sans-serif;\">https:\/\/monvieuxnivelles.jimdofree.com\/ev%C3%A9nements\/les-fun%C3%A9railles-d-emile-de-lalieux\/<\/span><\/a><\/span><\/p>","protected":false},"excerpt":{"rendered":"<p>&nbsp; &nbsp; &nbsp; &nbsp; &nbsp; &nbsp; &nbsp; &nbsp; &nbsp; &nbsp; &nbsp; &nbsp; &nbsp; &nbsp; N\u00e9 \u00e0 Nivelles le 25\/11\/1862 et d\u00e9c\u00e9d\u00e9 \u00e0 Ouchy-Lausanne, Suisse le 07\/09\/1918 \u00e2g\u00e9 de 55 ans. [&hellip;]<\/p>\n","protected":false},"author":1,"featured_media":226789,"comment_status":"closed","ping_status":"open","sticky":false,"template":"","format":"standard","meta":{"_et_pb_use_builder":"","_et_pb_old_content":"","_et_gb_content_width":"","footnotes":""},"categories":[93,89],"tags":[],"class_list":["post-226788","post","type-post","status-publish","format-standard","has-post-thumbnail","hentry","category-nos-pistes","category-personnalites-belges","et-has-post-format-content","et_post_format-et-post-format-standard"],"aioseo_notices":[],"_links":{"self":[{"href":"https:\/\/geniwal.be\/es\/wp-json\/wp\/v2\/posts\/226788","targetHints":{"allow":["GET"]}}],"collection":[{"href":"https:\/\/geniwal.be\/es\/wp-json\/wp\/v2\/posts"}],"about":[{"href":"https:\/\/geniwal.be\/es\/wp-json\/wp\/v2\/types\/post"}],"author":[{"embeddable":true,"href":"https:\/\/geniwal.be\/es\/wp-json\/wp\/v2\/users\/1"}],"replies":[{"embeddable":true,"href":"https:\/\/geniwal.be\/es\/wp-json\/wp\/v2\/comments?post=226788"}],"version-history":[{"count":1,"href":"https:\/\/geniwal.be\/es\/wp-json\/wp\/v2\/posts\/226788\/revisions"}],"predecessor-version":[{"id":226791,"href":"https:\/\/geniwal.be\/es\/wp-json\/wp\/v2\/posts\/226788\/revisions\/226791"}],"wp:featuredmedia":[{"embeddable":true,"href":"https:\/\/geniwal.be\/es\/wp-json\/wp\/v2\/media\/226789"}],"wp:attachment":[{"href":"https:\/\/geniwal.be\/es\/wp-json\/wp\/v2\/media?parent=226788"}],"wp:term":[{"taxonomy":"category","embeddable":true,"href":"https:\/\/geniwal.be\/es\/wp-json\/wp\/v2\/categories?post=226788"},{"taxonomy":"post_tag","embeddable":true,"href":"https:\/\/geniwal.be\/es\/wp-json\/wp\/v2\/tags?post=226788"}],"curies":[{"name":"wp","href":"https:\/\/api.w.org\/{rel}","templated":true}]}}