{"id":227198,"date":"2024-12-19T11:46:43","date_gmt":"2024-12-19T10:46:43","guid":{"rendered":"https:\/\/geniwal.be\/?p=227198"},"modified":"2025-12-09T19:47:27","modified_gmt":"2025-12-09T18:47:27","slug":"in-memoriam-jean-pierre-uguen","status":"publish","type":"post","link":"https:\/\/geniwal.be\/es\/nos-pistes\/in-memoriam-a-la-memoire\/in-memoriam-jean-pierre-uguen\/","title":{"rendered":"EN MEMORIA Jean Pierre UGUEN"},"content":{"rendered":"<p>Jean Pierre Uguen, antiguo presidente del C\u00edrculo geneal\u00f3gico del Languedoc, se ha marchado para regresar a la tierra de sus antepasados.<br \/>\nTuve la suerte de conocerle poco antes de la primera feria de genealog\u00eda de La Garenne Colombe, en 2006. Desde entonces, nuestros caminos nunca se han separado. Jean-Pierre siempre ha sido un presidente ejemplar, atento a las necesidades de sus miembros, organizador y anfitri\u00f3n de varios salones en Mauguio (Languedoc), etc\u00e9tera. La lista de sus actividades en el mundo geneal\u00f3gico es impresionante.<br \/>\nSiempre ser\u00e1 un amigo leal, aunque la vida le haya obligado a dejar la Presidencia por motivos de salud.<\/p>\n<p>Jean-Pierre, para m\u00ed y para Chantal, siempre ser\u00e1s una persona extraordinaria con la que pod\u00edamos contar.<\/p>\n<p>Descanse en paz<\/p>","protected":false},"excerpt":{"rendered":"<p>Jean Pierre Uguen est parti rejoindre la terre ses anc\u00eatres, ancien pr\u00e9sident du Cercle g\u00e9n\u00e9alogique du Languedoc. J&rsquo;ai eu la chance de le rencontrer quelque temps avant le premier salon [&hellip;]<\/p>\n","protected":false},"author":2,"featured_media":227199,"comment_status":"closed","ping_status":"open","sticky":false,"template":"","format":"standard","meta":{"_et_pb_use_builder":"","_et_pb_old_content":"","_et_gb_content_width":"","footnotes":""},"categories":[49],"tags":[],"class_list":["post-227198","post","type-post","status-publish","format-standard","has-post-thumbnail","hentry","category-in-memoriam-a-la-memoire","et-has-post-format-content","et_post_format-et-post-format-standard"],"aioseo_notices":[],"_links":{"self":[{"href":"https:\/\/geniwal.be\/es\/wp-json\/wp\/v2\/posts\/227198","targetHints":{"allow":["GET"]}}],"collection":[{"href":"https:\/\/geniwal.be\/es\/wp-json\/wp\/v2\/posts"}],"about":[{"href":"https:\/\/geniwal.be\/es\/wp-json\/wp\/v2\/types\/post"}],"author":[{"embeddable":true,"href":"https:\/\/geniwal.be\/es\/wp-json\/wp\/v2\/users\/2"}],"replies":[{"embeddable":true,"href":"https:\/\/geniwal.be\/es\/wp-json\/wp\/v2\/comments?post=227198"}],"version-history":[{"count":6,"href":"https:\/\/geniwal.be\/es\/wp-json\/wp\/v2\/posts\/227198\/revisions"}],"predecessor-version":[{"id":227924,"href":"https:\/\/geniwal.be\/es\/wp-json\/wp\/v2\/posts\/227198\/revisions\/227924"}],"wp:featuredmedia":[{"embeddable":true,"href":"https:\/\/geniwal.be\/es\/wp-json\/wp\/v2\/media\/227199"}],"wp:attachment":[{"href":"https:\/\/geniwal.be\/es\/wp-json\/wp\/v2\/media?parent=227198"}],"wp:term":[{"taxonomy":"category","embeddable":true,"href":"https:\/\/geniwal.be\/es\/wp-json\/wp\/v2\/categories?post=227198"},{"taxonomy":"post_tag","embeddable":true,"href":"https:\/\/geniwal.be\/es\/wp-json\/wp\/v2\/tags?post=227198"}],"curies":[{"name":"wp","href":"https:\/\/api.w.org\/{rel}","templated":true}]}}