{"id":227852,"date":"2025-08-24T09:36:42","date_gmt":"2025-08-24T07:36:42","guid":{"rendered":"https:\/\/geniwal.be\/?p=227852"},"modified":"2025-12-09T19:44:17","modified_gmt":"2025-12-09T18:44:17","slug":"rhisnes-un-patrimoine-funeraire-a-travers-ses-epitaphes","status":"publish","type":"post","link":"https:\/\/geniwal.be\/es\/nos-pistes\/pistes-genealogiques-en-belgique\/cimetiere\/rhisnes-un-patrimoine-funeraire-a-travers-ses-epitaphes\/","title":{"rendered":"Rhisnes, patrimonio funerario a trav\u00e9s de sus epitafios"},"content":{"rendered":"<p>&nbsp;<\/p>\n<div id=\"attachment_227854\" style=\"width: 209px\" class=\"wp-caption alignleft\"><img decoding=\"async\" aria-describedby=\"caption-attachment-227854\" class=\"wp-image-227854 size-medium lazyload\" data-src=\"https:\/\/geniwal.be\/wp-content\/uploads\/2025\/08\/Eglise-de-Rhisnes-199x300.jpg\" alt=\"\" width=\"199\" height=\"300\" data-srcset=\"https:\/\/geniwal.be\/wp-content\/uploads\/2025\/08\/Eglise-de-Rhisnes-199x300.jpg 199w, https:\/\/geniwal.be\/wp-content\/uploads\/2025\/08\/Eglise-de-Rhisnes-681x1024.jpg 681w, https:\/\/geniwal.be\/wp-content\/uploads\/2025\/08\/Eglise-de-Rhisnes-768x1155.jpg 768w, https:\/\/geniwal.be\/wp-content\/uploads\/2025\/08\/Eglise-de-Rhisnes-1021x1536.jpg 1021w, https:\/\/geniwal.be\/wp-content\/uploads\/2025\/08\/Eglise-de-Rhisnes-1362x2048.jpg 1362w, https:\/\/geniwal.be\/wp-content\/uploads\/2025\/08\/Eglise-de-Rhisnes-8x12.jpg 8w, https:\/\/geniwal.be\/wp-content\/uploads\/2025\/08\/Eglise-de-Rhisnes-1080x1624.jpg 1080w, https:\/\/geniwal.be\/wp-content\/uploads\/2025\/08\/Eglise-de-Rhisnes-300x451.jpg 300w, https:\/\/geniwal.be\/wp-content\/uploads\/2025\/08\/Eglise-de-Rhisnes-600x902.jpg 600w, https:\/\/geniwal.be\/wp-content\/uploads\/2025\/08\/Eglise-de-Rhisnes-40x60.jpg 40w, https:\/\/geniwal.be\/wp-content\/uploads\/2025\/08\/Eglise-de-Rhisnes-60x90.jpg 60w, https:\/\/geniwal.be\/wp-content\/uploads\/2025\/08\/Eglise-de-Rhisnes-scaled.jpg 665w\" data-sizes=\"(max-width: 199px) 100vw, 199px\" src=\"data:image\/svg+xml;base64,PHN2ZyB3aWR0aD0iMSIgaGVpZ2h0PSIxIiB4bWxucz0iaHR0cDovL3d3dy53My5vcmcvMjAwMC9zdmciPjwvc3ZnPg==\" style=\"--smush-placeholder-width: 199px; --smush-placeholder-aspect-ratio: 199\/300;\" \/><p id=\"caption-attachment-227854\" class=\"wp-caption-text\">Iglesia de Saint Dizier de Rhisnes (la Bruy\u00e8re) Namur<\/p><\/div>\n<div id=\"attachment_227859\" style=\"width: 209px\" class=\"wp-caption alignright\"><img decoding=\"async\" aria-describedby=\"caption-attachment-227859\" class=\"wp-image-227859 size-medium lazyload\" data-src=\"https:\/\/geniwal.be\/wp-content\/uploads\/2025\/08\/DSC_9544-199x300.jpg\" alt=\"\" width=\"199\" height=\"300\" data-srcset=\"https:\/\/geniwal.be\/wp-content\/uploads\/2025\/08\/DSC_9544-199x300.jpg 199w, https:\/\/geniwal.be\/wp-content\/uploads\/2025\/08\/DSC_9544-681x1024.jpg 681w, https:\/\/geniwal.be\/wp-content\/uploads\/2025\/08\/DSC_9544-768x1155.jpg 768w, https:\/\/geniwal.be\/wp-content\/uploads\/2025\/08\/DSC_9544-1021x1536.jpg 1021w, https:\/\/geniwal.be\/wp-content\/uploads\/2025\/08\/DSC_9544-1362x2048.jpg 1362w, https:\/\/geniwal.be\/wp-content\/uploads\/2025\/08\/DSC_9544-8x12.jpg 8w, https:\/\/geniwal.be\/wp-content\/uploads\/2025\/08\/DSC_9544-1080x1624.jpg 1080w, https:\/\/geniwal.be\/wp-content\/uploads\/2025\/08\/DSC_9544-300x451.jpg 300w, https:\/\/geniwal.be\/wp-content\/uploads\/2025\/08\/DSC_9544-600x902.jpg 600w, https:\/\/geniwal.be\/wp-content\/uploads\/2025\/08\/DSC_9544-40x60.jpg 40w, https:\/\/geniwal.be\/wp-content\/uploads\/2025\/08\/DSC_9544-60x90.jpg 60w, https:\/\/geniwal.be\/wp-content\/uploads\/2025\/08\/DSC_9544-scaled.jpg 665w\" data-sizes=\"(max-width: 199px) 100vw, 199px\" src=\"data:image\/svg+xml;base64,PHN2ZyB3aWR0aD0iMSIgaGVpZ2h0PSIxIiB4bWxucz0iaHR0cDovL3d3dy53My5vcmcvMjAwMC9zdmciPjwvc3ZnPg==\" style=\"--smush-placeholder-width: 199px; --smush-placeholder-aspect-ratio: 199\/300;\" \/><p id=\"caption-attachment-227859\" class=\"wp-caption-text\">Antigua tumba en el cementerio<\/p><\/div>\n<p><span style=\"font-family: arial, helvetica, sans-serif; font-size: 14pt;\">La tarea de transcribir un cementerio consiste en registrar, conservar y aprovechar la informaci\u00f3n grabada en las l\u00e1pidas. Cada inscripci\u00f3n -ya sea un nombre, una fecha o un epitafio- es un fragmento de memoria, un testimonio del pasado y una fuente preciosa para la investigaci\u00f3n hist\u00f3rica y geneal\u00f3gica.<\/span><\/p>\n<p><span style=\"font-family: arial, helvetica, sans-serif; font-size: 14pt;\">El proceso comienza con un <strong>estudio sistem\u00e1tico<\/strong> tumbas: localizaci\u00f3n de las tumbas, fotograf\u00eda de los monumentos y transcripci\u00f3n fiel de las inscripciones. Este trabajo requiere rigor y cuidado, ya que las piedras antiguas a veces est\u00e1n alteradas por el tiempo, lo que dificulta el descifrado de los textos.<\/span><\/p>\n<p><span style=\"font-family: arial, helvetica, sans-serif; font-size: 14pt;\">Una vez transcritos, estos datos se <strong>estructurados e introducidos en nuestra base de datos \u00abIsadora\u00bb<\/strong> (apellidos, nombres, fechas de nacimiento y defunci\u00f3n, datos personales, profesiones, t\u00edtulos, etc.). Este orden permite a los investigadores, descendientes y aficionados al patrimonio acceder f\u00e1cilmente a la informaci\u00f3n.<\/span><\/p>\n<p><span style=\"font-family: arial, helvetica, sans-serif; font-size: 14pt;\">M\u00e1s all\u00e1 de la dimensi\u00f3n pr\u00e1ctica, la transcripci\u00f3n de los cementerios desempe\u00f1a un papel importante. <strong>patrimonio y memoria<\/strong> :<\/span><br \/>\n<span style=\"font-family: arial, helvetica, sans-serif; font-size: 14pt;\">Salva inscripciones en peligro.<\/span><br \/>\n<span style=\"font-family: arial, helvetica, sans-serif; font-size: 14pt;\">Hace revivir generaciones pasadas.<br \/>\nE<\/span><span style=\"font-family: arial, helvetica, sans-serif; font-size: 14pt;\">Arroja luz sobre la evoluci\u00f3n de las pr\u00e1cticas funerarias, el arte funerario y la historia local.<br \/>\n<\/span><span style=\"font-family: arial, helvetica, sans-serif; font-size: 14pt;\">De este modo, el cementerio ya no es s\u00f3lo un lugar de recuerdo, sino tambi\u00e9n de culto. <strong>libro de piedra<\/strong> donde cada tumba cuenta una historia, que la transcripci\u00f3n permite conservar y transmitir.<\/span><\/p>\n<p><span style=\"font-family: arial, helvetica, sans-serif; font-size: 14pt; color: #ff0000;\"><strong data-start=\"240\" data-end=\"259\">Nota importante:<br \/>\n<\/strong><\/span><br data-start=\"259\" data-end=\"262\" \/><span style=\"font-family: arial, helvetica, sans-serif; font-size: 14pt; color: #ff0000;\">La transcripci\u00f3n de las l\u00e1pidas del cementerio se refiere \u00fanicamente a los monumentos antiguos que a\u00fan est\u00e1n presentes y son legibles.<\/span><br data-start=\"386\" data-end=\"389\" \/><span style=\"font-family: arial, helvetica, sans-serif; font-size: 14pt; color: #ff0000;\">S\u00f3lo se han tomado las inscripciones descifrables. Siempre que ha sido posible, hemos verificado la informaci\u00f3n bas\u00e1ndonos en los certificados de nacimiento disponibles en el sitio web <strong data-start=\"569\" data-end=\"579\">AGATHA<\/strong>.<\/span><br data-start=\"580\" data-end=\"583\" \/><span style=\"font-family: arial, helvetica, sans-serif; font-size: 14pt; color: #ff0000;\">No obstante, pueden subsistir algunos errores, ya que la informaci\u00f3n grabada en los monumentos no siempre es exacta o completa.<\/span><\/p>\n<p><span style=\"color: #0000ff;\"><strong><span style=\"font-family: arial, helvetica, sans-serif;\"><a style=\"color: #0000ff;\" href=\"https:\/\/geniwal.be\/wp-content\/uploads\/2025\/08\/NOMS-DE-PERSONNES-TROUVEE-SUR-LES-MONUMENTS.pdf\">NOMBRES DE PERSONAS ENCONTRADOS EN MONUMENTOS<\/a><\/span><\/strong><\/span><\/p>\n<p><span style=\"font-family: arial, helvetica, sans-serif; color: #0000ff;\"><strong><a style=\"color: #0000ff;\" href=\"https:\/\/geniwal.be\/wp-content\/uploads\/2025\/08\/MOMUMENT-FUNERAIRE-DU-CIMETIERE-DE-RHISNES-NAMUR-1-.pdf\">MONUMENTOS FUNERARIOS DEL CEMENTERIO DE RHISNES (NAMUR) 1<\/a><\/strong><\/span><\/p>\n<h2 data-start=\"505\" data-end=\"546\"><span style=\"font-size: 14pt;\">\u26ea <span style=\"font-family: arial, helvetica, sans-serif;\"><strong data-start=\"510\" data-end=\"546\">Iglesia de Saint-Didier en Rhisnes<\/strong><\/span><\/span><\/h2>\n<p data-start=\"549\" data-end=\"638\"><span style=\"font-size: 14pt;\"><span style=\"font-family: arial, helvetica, sans-serif;\"><strong data-start=\"549\" data-end=\"571\">Primeras menciones<\/strong> ya mencionado en 1381 como <em data-start=\"599\" data-end=\"635\">\u00abIglesia de San Dezier en Rienez\u00bb<\/em>.<\/span><\/span><\/p>\n<p><span style=\"font-family: arial, helvetica, sans-serif;\"><strong data-start=\"641\" data-end=\"659\">Edificio actual<\/strong> :<br \/>\n<\/span><span style=\"font-family: arial, helvetica, sans-serif;\">Construido entre <\/span><strong style=\"font-family: arial, helvetica, sans-serif;\" data-start=\"684\" data-end=\"700\">1841 y 1845<\/strong><span style=\"font-family: arial, helvetica, sans-serif;\">, en un estilo <\/span><strong style=\"font-family: arial, helvetica, sans-serif;\" data-start=\"716\" data-end=\"746\">neorromano y neocl\u00e1sico<\/strong><span style=\"font-family: arial, helvetica, sans-serif;\">.<br \/>\n<\/span><span style=\"font-family: arial, helvetica, sans-serif;\">Campanario reconstruido en <\/span><strong style=\"font-family: arial, helvetica, sans-serif;\" data-start=\"777\" data-end=\"785\">1948<\/strong><span style=\"font-family: arial, helvetica, sans-serif;\"> tras ser destruida durante la Segunda Guerra Mundial.<br \/>\n<\/span><strong style=\"font-family: arial, helvetica, sans-serif;\" data-start=\"850\" data-end=\"870\">Caracter\u00edsticas<\/strong><span style=\"font-family: arial, helvetica, sans-serif;\"> :<br \/>\n<\/span><span style=\"font-family: arial, helvetica, sans-serif;\">Sobria planta basilical, t\u00edpica del siglo XIX.<br \/>\n<\/span><span style=\"font-family: arial, helvetica, sans-serif;\">Torre maciza rematada por una aguja moderna.<br \/>\n<\/span><span style=\"font-family: arial, helvetica, sans-serif;\">En el interior: altares secundarios dedicados a la Virgen Mar\u00eda y a San Jos\u00e9.<\/span><\/p>\n<h2 data-start=\"60\" data-end=\"106\"><span style=\"font-family: arial, helvetica, sans-serif; font-size: 14pt;\">\u271d\ufe0f <strong data-start=\"66\" data-end=\"106\">San Didier (o Dizier, Desiderius)<\/strong><\/span><\/h2>\n<p data-start=\"109\" data-end=\"167\"><span style=\"font-size: 12pt;\"><span style=\"font-family: arial, helvetica, sans-serif;\">Obispo de <strong data-start=\"119\" data-end=\"130\">Langres<\/strong> (en Borgo\u00f1a) a <strong data-start=\"149\" data-end=\"164\">Siglo III<\/strong>.<br \/>\n<\/span><span style=\"font-family: arial, helvetica, sans-serif;\">Martirizado hacia 355 (seg\u00fan la tradici\u00f3n), asesinado por invasores cuando intentaba proteger a su pueblo.<br \/>\n<\/span><span style=\"font-family: arial, helvetica, sans-serif;\">Su culto se extendi\u00f3 por toda la Europa medieval, especialmente en Francia y B\u00e9lgica.<br \/>\n<\/span><span style=\"font-family: arial, helvetica, sans-serif;\">A menudo se le invoca como protector de las cosechas y contra<\/span> calamidades.<\/span><br \/>\n<span style=\"font-size: 12pt; font-family: arial, helvetica, sans-serif;\">Su fiesta se celebra el <strong data-start=\"485\" data-end=\"495\">23 de mayo<\/strong>.<\/span><\/p>\n<p>&nbsp;<\/p>\n<ul data-start=\"547\" data-end=\"1056\">\n<li style=\"list-style-type: none;\" data-start=\"848\" data-end=\"1056\"><\/li>\n<\/ul>","protected":false},"excerpt":{"rendered":"<p>&nbsp; Le travail de transcription d\u2019un cimeti\u00e8re consiste \u00e0 relever, conserver et valoriser les informations grav\u00e9es sur les pierres tombales. Chaque inscription \u2013 qu\u2019il s\u2019agisse d\u2019un nom, d\u2019une date ou [&hellip;]<\/p>\n","protected":false},"author":2,"featured_media":227854,"comment_status":"closed","ping_status":"open","sticky":false,"template":"","format":"standard","meta":{"_et_pb_use_builder":"","_et_pb_old_content":"","_et_gb_content_width":"","footnotes":""},"categories":[75],"tags":[],"class_list":["post-227852","post","type-post","status-publish","format-standard","has-post-thumbnail","hentry","category-cimetiere","et-has-post-format-content","et_post_format-et-post-format-standard"],"aioseo_notices":[],"_links":{"self":[{"href":"https:\/\/geniwal.be\/es\/wp-json\/wp\/v2\/posts\/227852","targetHints":{"allow":["GET"]}}],"collection":[{"href":"https:\/\/geniwal.be\/es\/wp-json\/wp\/v2\/posts"}],"about":[{"href":"https:\/\/geniwal.be\/es\/wp-json\/wp\/v2\/types\/post"}],"author":[{"embeddable":true,"href":"https:\/\/geniwal.be\/es\/wp-json\/wp\/v2\/users\/2"}],"replies":[{"embeddable":true,"href":"https:\/\/geniwal.be\/es\/wp-json\/wp\/v2\/comments?post=227852"}],"version-history":[{"count":23,"href":"https:\/\/geniwal.be\/es\/wp-json\/wp\/v2\/posts\/227852\/revisions"}],"predecessor-version":[{"id":227883,"href":"https:\/\/geniwal.be\/es\/wp-json\/wp\/v2\/posts\/227852\/revisions\/227883"}],"wp:featuredmedia":[{"embeddable":true,"href":"https:\/\/geniwal.be\/es\/wp-json\/wp\/v2\/media\/227854"}],"wp:attachment":[{"href":"https:\/\/geniwal.be\/es\/wp-json\/wp\/v2\/media?parent=227852"}],"wp:term":[{"taxonomy":"category","embeddable":true,"href":"https:\/\/geniwal.be\/es\/wp-json\/wp\/v2\/categories?post=227852"},{"taxonomy":"post_tag","embeddable":true,"href":"https:\/\/geniwal.be\/es\/wp-json\/wp\/v2\/tags?post=227852"}],"curies":[{"name":"wp","href":"https:\/\/api.w.org\/{rel}","templated":true}]}}