{"id":228066,"date":"2025-12-30T16:10:12","date_gmt":"2025-12-30T15:10:12","guid":{"rendered":"https:\/\/geniwal.be\/?p=228066"},"modified":"2025-12-30T16:12:24","modified_gmt":"2025-12-30T15:12:24","slug":"correspondance-des-mois-du-calendrier-republicain","status":"publish","type":"post","link":"https:\/\/geniwal.be\/es\/nos-pistes\/non-classe\/correspondance-des-mois-du-calendrier-republicain\/","title":{"rendered":"Correspondencia entre los meses del calendario republicano"},"content":{"rendered":"<p>&nbsp;<\/p>\n<p><img decoding=\"async\" class=\"aligncenter wp-image-228069 size-full lazyload\" data-src=\"https:\/\/geniwal.be\/wp-content\/uploads\/2025\/12\/calrep.jpg\" alt=\"\" width=\"1092\" height=\"626\" data-srcset=\"https:\/\/geniwal.be\/wp-content\/uploads\/2025\/12\/calrep.jpg 1092w, https:\/\/geniwal.be\/wp-content\/uploads\/2025\/12\/calrep-300x172.jpg 300w, https:\/\/geniwal.be\/wp-content\/uploads\/2025\/12\/calrep-1024x587.jpg 1024w, https:\/\/geniwal.be\/wp-content\/uploads\/2025\/12\/calrep-768x440.jpg 768w, https:\/\/geniwal.be\/wp-content\/uploads\/2025\/12\/calrep-18x10.jpg 18w, https:\/\/geniwal.be\/wp-content\/uploads\/2025\/12\/calrep-1080x619.jpg 1080w, https:\/\/geniwal.be\/wp-content\/uploads\/2025\/12\/calrep-600x344.jpg 600w, https:\/\/geniwal.be\/wp-content\/uploads\/2025\/12\/calrep-105x60.jpg 105w, https:\/\/geniwal.be\/wp-content\/uploads\/2025\/12\/calrep-157x90.jpg 157w\" data-sizes=\"(max-width: 1092px) 100vw, 1092px\" src=\"data:image\/svg+xml;base64,PHN2ZyB3aWR0aD0iMSIgaGVpZ2h0PSIxIiB4bWxucz0iaHR0cDovL3d3dy53My5vcmcvMjAwMC9zdmciPjwvc3ZnPg==\" style=\"--smush-placeholder-width: 1092px; --smush-placeholder-aspect-ratio: 1092\/626;\" \/><\/p>\n<p>&nbsp;<\/p>\n<p><strong><span style=\"font-family: arial, helvetica, sans-serif; font-size: 18pt;\">Tabla de conversi\u00f3n clara que permite pasar de una fecha del calendario republicano a una fecha \u201cnormal\u201d (gregoriano).<\/span><\/strong><\/p>\n<p><strong><span style=\"font-size: 16pt; font-family: arial, helvetica, sans-serif;\"><span style=\"color: #993366;\">Mes republicano Per\u00edodo gregoriano aproximado<\/span><br \/>\n<\/span><\/strong><br \/>\n<span style=\"font-size: 16pt; font-family: arial, helvetica, sans-serif;\">Vend\u00e9miaire 22 de septiembre \u2192 21 de octubre<\/span><br \/>\n<span style=\"font-size: 16pt; font-family: arial, helvetica, sans-serif;\">Brumario 22 de octubre \u2192 20 de noviembre<\/span><br \/>\n<span style=\"font-size: 16pt; font-family: arial, helvetica, sans-serif;\">Frimaire 21 de noviembre \u2192 20 de diciembre<\/span><br \/>\n<span style=\"font-size: 16pt; font-family: arial, helvetica, sans-serif;\">Niv\u00f4se 21 de diciembre \u2192 19 de enero<\/span><br \/>\n<span style=\"font-size: 16pt; font-family: arial, helvetica, sans-serif;\">Pluvi\u00f4se 20 de enero \u2192 18 de febrero<\/span><br \/>\n<span style=\"font-size: 16pt; font-family: arial, helvetica, sans-serif;\">Vent\u00f4se 19 de febrero \u2192 20 de marzo<\/span><br \/>\n<span style=\"font-size: 16pt; font-family: arial, helvetica, sans-serif;\">Germinal 21 de marzo \u2192 19 de abril<\/span><br \/>\n<span style=\"font-size: 16pt; font-family: arial, helvetica, sans-serif;\">Flor\u00e9al 20 de abril \u2192 19 de mayo<\/span><br \/>\n<span style=\"font-size: 16pt; font-family: arial, helvetica, sans-serif;\">Prairial 20 de mayo \u2192 18 de junio<\/span><br \/>\n<span style=\"font-size: 16pt; font-family: arial, helvetica, sans-serif;\">Messidor 19 de junio \u2192 18 de julio<\/span><br \/>\n<span style=\"font-size: 16pt; font-family: arial, helvetica, sans-serif;\">Thermidor 19 de julio \u2192 17 de agosto<\/span><br \/>\n<span style=\"font-size: 16pt; font-family: arial, helvetica, sans-serif;\">Fructidor 18 de agosto \u2192 16 de septiembre<\/span><br \/>\n<span style=\"font-size: 16pt; font-family: arial, helvetica, sans-serif;\">Sans-culottides 17 \u2192 21 de septiembre (5 o 6 d\u00edas)<br \/>\n<\/span><br \/>\n<strong><span style=\"font-size: 18pt;\"><span style=\"font-family: arial, helvetica, sans-serif; color: #993366;\">Correspondencia entre los a\u00f1os a<\/span><span style=\"font-family: arial, helvetica, sans-serif;\"><span style=\"color: #993366;\">l a\u00f1o republicano en el a\u00f1o gregoriano<\/span><br \/>\n<\/span><\/span><\/strong><br \/>\n<span style=\"font-size: 16pt; font-family: arial, helvetica, sans-serif;\">Un I 1792-1793<\/span><br \/>\n<span style=\"font-size: 16pt; font-family: arial, helvetica, sans-serif;\">An II 1793-1794<\/span><br \/>\n<span style=\"font-size: 16pt; font-family: arial, helvetica, sans-serif;\">An III 1794-1795<\/span><br \/>\n<span style=\"font-size: 16pt; font-family: arial, helvetica, sans-serif;\">Un IV 1795-1796<\/span><br \/>\n<span style=\"font-size: 16pt; font-family: arial, helvetica, sans-serif;\">An V 1796-1797<\/span><br \/>\n<span style=\"font-size: 16pt; font-family: arial, helvetica, sans-serif;\">An VI 1797-1798<\/span><br \/>\n<span style=\"font-size: 16pt; font-family: arial, helvetica, sans-serif;\">An VII 1798-1799<\/span><br \/>\n<span style=\"font-size: 16pt; font-family: arial, helvetica, sans-serif;\">An VIII 1799-1800<\/span><br \/>\n<span style=\"font-size: 16pt; font-family: arial, helvetica, sans-serif;\">An IX 1800-1801<\/span><br \/>\n<span style=\"font-size: 16pt; font-family: arial, helvetica, sans-serif;\">Una X 1801-1802<\/span><br \/>\n<span style=\"font-size: 16pt; font-family: arial, helvetica, sans-serif;\">An XI 1802-1803<\/span><br \/>\n<span style=\"font-size: 16pt; font-family: arial, helvetica, sans-serif;\">An XII 1803-1804<\/span><br \/>\n<span style=\"font-size: 16pt; font-family: arial, helvetica, sans-serif;\">An XIII 1804-1805<\/span><br \/>\n<span style=\"font-size: 16pt; font-family: arial, helvetica, sans-serif;\">An XIV 1805 (incompleto)<\/span><\/p>","protected":false},"excerpt":{"rendered":"<p>&nbsp; &nbsp; Tableau clair de conversion qui te permet de passer d\u2019une date du calendrier r\u00e9publicain \u00e0 une date \u201cnormale\u201d (gr\u00e9gorienne). Mois r\u00e9publicain P\u00e9riode gr\u00e9gorienne approximative Vend\u00e9miaire 22 septembre \u2192 [&hellip;]<\/p>\n","protected":false},"author":2,"featured_media":9022,"comment_status":"closed","ping_status":"open","sticky":false,"template":"","format":"standard","meta":{"_et_pb_use_builder":"","_et_pb_old_content":"","_et_gb_content_width":"","footnotes":""},"categories":[1],"tags":[],"class_list":["post-228066","post","type-post","status-publish","format-standard","has-post-thumbnail","hentry","category-non-classe","et-has-post-format-content","et_post_format-et-post-format-standard"],"aioseo_notices":[],"_links":{"self":[{"href":"https:\/\/geniwal.be\/es\/wp-json\/wp\/v2\/posts\/228066","targetHints":{"allow":["GET"]}}],"collection":[{"href":"https:\/\/geniwal.be\/es\/wp-json\/wp\/v2\/posts"}],"about":[{"href":"https:\/\/geniwal.be\/es\/wp-json\/wp\/v2\/types\/post"}],"author":[{"embeddable":true,"href":"https:\/\/geniwal.be\/es\/wp-json\/wp\/v2\/users\/2"}],"replies":[{"embeddable":true,"href":"https:\/\/geniwal.be\/es\/wp-json\/wp\/v2\/comments?post=228066"}],"version-history":[{"count":3,"href":"https:\/\/geniwal.be\/es\/wp-json\/wp\/v2\/posts\/228066\/revisions"}],"predecessor-version":[{"id":228070,"href":"https:\/\/geniwal.be\/es\/wp-json\/wp\/v2\/posts\/228066\/revisions\/228070"}],"wp:featuredmedia":[{"embeddable":true,"href":"https:\/\/geniwal.be\/es\/wp-json\/wp\/v2\/media\/9022"}],"wp:attachment":[{"href":"https:\/\/geniwal.be\/es\/wp-json\/wp\/v2\/media?parent=228066"}],"wp:term":[{"taxonomy":"category","embeddable":true,"href":"https:\/\/geniwal.be\/es\/wp-json\/wp\/v2\/categories?post=228066"},{"taxonomy":"post_tag","embeddable":true,"href":"https:\/\/geniwal.be\/es\/wp-json\/wp\/v2\/tags?post=228066"}],"curies":[{"name":"wp","href":"https:\/\/api.w.org\/{rel}","templated":true}]}}