{"id":295,"date":"2013-07-10T17:45:39","date_gmt":"2013-07-10T16:45:39","guid":{"rendered":"https:\/\/geniwal.be\/?p=295"},"modified":"2023-04-04T22:48:36","modified_gmt":"2023-04-04T20:48:36","slug":"gen-iberica","status":"publish","type":"post","link":"https:\/\/geniwal.be\/es\/nos-pistes\/karolus\/gen-iberica\/","title":{"rendered":"Gen-Iberica"},"content":{"rendered":"<p><b>\u00a0<\/b>El objetivo de esta asociaci\u00f3n es reunir a genealogistas principiantes y experimentados que investigan sobre sus antepasados espa\u00f1oles. Con un esp\u00edritu de intercambio, puesta en com\u00fan y ayuda mutua, pretende reconstruir la historia de sus antepasados e informar a los genealogistas interesados en la historia y la cultura de la sociedad espa\u00f1ola. Para ello, la asociaci\u00f3n lleva a cabo investigaciones en los centros de archivos relativos a la inmigraci\u00f3n espa\u00f1ola en los archivos departamentales 37, 16, 57 y 42.<br \/>\nLa asociaci\u00f3n est\u00e1 formada por aficionados con gran experiencia en el campo de la investigaci\u00f3n en Espa\u00f1a, pero tambi\u00e9n en Francia. La asociaci\u00f3n puede orientarle en sus gestiones con Espa\u00f1a y ayudarle a encontrar las direcciones de las distintas autoridades que poseen los documentos que busca. Redacta cartas en espa\u00f1ol y facilita traducciones, adem\u00e1s de proporcionar informaci\u00f3n sobre la historia de Espa\u00f1a y sus antepasados espa\u00f1oles. La asociaci\u00f3n publica una revista trimestral, \"Hola Gen-Ib\u00e9rica\", que est\u00e1 a disposici\u00f3n de los socios y puede descargarse.<br \/>\n<img decoding=\"async\" data-src=\"http:\/\/www.geniwal.eu\/upload\/photo_242_menu_360.jpg\" alt=\"\" width=\"200\" height=\"254\" border=\"5\" src=\"data:image\/svg+xml;base64,PHN2ZyB3aWR0aD0iMSIgaGVpZ2h0PSIxIiB4bWxucz0iaHR0cDovL3d3dy53My5vcmcvMjAwMC9zdmciPjwvc3ZnPg==\" class=\"lazyload\" style=\"--smush-placeholder-width: 200px; --smush-placeholder-aspect-ratio: 200\/254;\" \/><br \/>\nObjetivos:<\/p>\n<ul>\n<li>Reunir a personas que practican la genealog\u00eda o est\u00e1n interesadas en la historia familiar<\/li>\n<li>Promover el intercambio mutuo de informaci\u00f3n y difundir el conocimiento de la genealog\u00eda.<\/li>\n<li>Conozca a gente de la misma zona, un pueblo que puede que ya haya investigado sobre las familias que le interesan.<\/li>\n<\/ul>\n<p><strong>Contacto:<\/strong><br \/>\nVal\u00e9rie Franco-Courtillet<br \/>\n8, rue Anatole France<br \/>\n33200 Burdeos<br \/>\nFrancia<br \/>\n<strong>P\u00e1gina web :\u00a0<\/strong><a href=\"http:\/\/geniberica.free.fr\/association_geniberica.htm\">http:\/\/geniberica.free.fr\/geniberica_presentation.htm<\/a><br \/>\nCorreo electr\u00f3nico: geniberica@orange.fr<br \/>\nAfiliado a la Federaci\u00f3n Francesa de Genealog\u00eda<\/p>","protected":false},"excerpt":{"rendered":"<p>\u00a0Cette association a pour but de rassembler des g\u00e9n\u00e9alogistes d\u00e9butants ou confirm\u00e9s, recherchant leurs anc\u00eatres espagnols. Dans un esprit d&rsquo;\u00e9change, de partage et d&rsquo;entraide elle souhaite reconstituer l&rsquo;histoire et celle [&hellip;]<\/p>\n","protected":false},"author":2,"featured_media":1825,"comment_status":"closed","ping_status":"closed","sticky":false,"template":"","format":"standard","meta":{"_et_pb_use_builder":"","_et_pb_old_content":"","_et_gb_content_width":"","footnotes":""},"categories":[65],"tags":[],"class_list":["post-295","post","type-post","status-publish","format-standard","has-post-thumbnail","hentry","category-karolus","et-has-post-format-content","et_post_format-et-post-format-standard"],"aioseo_notices":[],"_links":{"self":[{"href":"https:\/\/geniwal.be\/es\/wp-json\/wp\/v2\/posts\/295","targetHints":{"allow":["GET"]}}],"collection":[{"href":"https:\/\/geniwal.be\/es\/wp-json\/wp\/v2\/posts"}],"about":[{"href":"https:\/\/geniwal.be\/es\/wp-json\/wp\/v2\/types\/post"}],"author":[{"embeddable":true,"href":"https:\/\/geniwal.be\/es\/wp-json\/wp\/v2\/users\/2"}],"replies":[{"embeddable":true,"href":"https:\/\/geniwal.be\/es\/wp-json\/wp\/v2\/comments?post=295"}],"version-history":[{"count":0,"href":"https:\/\/geniwal.be\/es\/wp-json\/wp\/v2\/posts\/295\/revisions"}],"wp:featuredmedia":[{"embeddable":true,"href":"https:\/\/geniwal.be\/es\/wp-json\/wp\/v2\/media\/1825"}],"wp:attachment":[{"href":"https:\/\/geniwal.be\/es\/wp-json\/wp\/v2\/media?parent=295"}],"wp:term":[{"taxonomy":"category","embeddable":true,"href":"https:\/\/geniwal.be\/es\/wp-json\/wp\/v2\/categories?post=295"},{"taxonomy":"post_tag","embeddable":true,"href":"https:\/\/geniwal.be\/es\/wp-json\/wp\/v2\/tags?post=295"}],"curies":[{"name":"wp","href":"https:\/\/api.w.org\/{rel}","templated":true}]}}