{"id":3094,"date":"2019-04-10T21:28:08","date_gmt":"2019-04-10T19:28:08","guid":{"rendered":"https:\/\/geniwal.be\/?p=3094"},"modified":"2023-04-10T01:49:33","modified_gmt":"2023-04-09T23:49:33","slug":"letat-civil","status":"publish","type":"post","link":"https:\/\/geniwal.be\/es\/nos-pistes\/pistes-genealogiques-en-belgique\/archive-en-belgique\/letat-civil\/","title":{"rendered":"Estado civil"},"content":{"rendered":"<p><span style=\"font-family: arial,helvetica,sans-serif;\"><b>Registros civiles: una de las fuentes favoritas de los genealogistas<\/b><\/span><\/p>\n<p>Se cre\u00f3 por decreto de la asamblea legislativa, la Convenci\u00f3n Nacional, el 20 de septiembre de 1792. Nuestro pa\u00eds estaba bajo ocupaci\u00f3n francesa tras la retirada de los prusianos despu\u00e9s de su derrota en Valmy.<br \/>\n<span style=\"font-family: arial,helvetica,sans-serif;\">Este acuerdo estipula que los registros parroquiales deben cerrarse e inventariarse en el plazo de una semana. Se depositan en las casas comunes donde se conservar\u00e1n.<\/span><br \/>\n<span style=\"font-family: arial,helvetica,sans-serif;\">Los registros ya no son elaborados por el clero (tras el Concordato, el clero sigui\u00f3 llevando sus propios registros, pero carec\u00edan de valor legal), sino por el funcionario del registro civil del municipio, normalmente el alcalde (actual burgomaestre) o uno de sus adjuntos. Todos los habitantes (ciudadanos) de un municipio, independientemente de su religi\u00f3n, est\u00e1n inscritos en el registro.<\/span><br \/>\n<span style=\"font-family: arial,helvetica,sans-serif;\">Los 3 actos principales en la vida de un hombre son: el nacimiento, el matrimonio y la muerte.<\/span><\/p>\n<p><span style=\"font-family: arial,helvetica,sans-serif;\"><img decoding=\"async\" class=\"aligncenter lazyload\" data-src=\"http:\/\/www.geniwal.eu\/upload\/photo_496_menu_377.jpg\" alt=\"\" width=\"170\" height=\"114\" border=\"5\" src=\"data:image\/svg+xml;base64,PHN2ZyB3aWR0aD0iMSIgaGVpZ2h0PSIxIiB4bWxucz0iaHR0cDovL3d3dy53My5vcmcvMjAwMC9zdmciPjwvc3ZnPg==\" style=\"--smush-placeholder-width: 170px; --smush-placeholder-aspect-ratio: 170\/114;\" \/><img decoding=\"async\" class=\"aligncenter lazyload\" data-src=\"http:\/\/www.geniwal.eu\/upload\/photo_499_menu_377.jpg\" alt=\"\" width=\"170\" height=\"241\" border=\"5\" src=\"data:image\/svg+xml;base64,PHN2ZyB3aWR0aD0iMSIgaGVpZ2h0PSIxIiB4bWxucz0iaHR0cDovL3d3dy53My5vcmcvMjAwMC9zdmciPjwvc3ZnPg==\" style=\"--smush-placeholder-width: 170px; --smush-placeholder-aspect-ratio: 170\/241;\" \/><img decoding=\"async\" class=\"aligncenter lazyload\" data-src=\"http:\/\/www.geniwal.eu\/upload\/photo_498_menu_377.jpg\" alt=\"\" width=\"170\" height=\"129\" border=\"5\" src=\"data:image\/svg+xml;base64,PHN2ZyB3aWR0aD0iMSIgaGVpZ2h0PSIxIiB4bWxucz0iaHR0cDovL3d3dy53My5vcmcvMjAwMC9zdmciPjwvc3ZnPg==\" style=\"--smush-placeholder-width: 170px; --smush-placeholder-aspect-ratio: 170\/129;\" \/><\/span><br \/>\n<span style=\"font-family: arial,helvetica,sans-serif;\">\u00a0<\/span><\/p>\n<p><span style=\"font-family: arial,helvetica,sans-serif;\"><b>NB. Por la ley de 13 fructitor a\u00f1o IV ( 30 agosto 1798 )<\/b>\u00a0se celebran bodas\u00a0<b>en la capital de comarca<\/b>\u00a0y s\u00f3lo decadis.<\/span><br \/>\n<span style=\"font-family: arial,helvetica,sans-serif;\">La celebraci\u00f3n de matrimonios en las comunas se restableci\u00f3 el\u00a0<b>7 thermidor a\u00f1o VIII ( 26 julio 1800 )<\/b>.\u00a0<\/span><\/p>\n<p><span style=\"font-family: arial,helvetica,sans-serif;\">* Es posible obtener una escritura a trav\u00e9s de nuestra asociaci\u00f3n<\/span><\/p>\n<p><span style=\"font-family: arial,helvetica,sans-serif;\"><b>Fuentes :<\/b><\/span><br \/>\n<span style=\"font-family: arial,helvetica,sans-serif;\"><b>L\u00e9on Roy<\/b>,\u00a0<i>Manual de genealog\u00eda, Taller de genealog\u00eda del C\u00edrculo de Historia de Rixensart<\/i>, 2000, p 85.<\/span><br \/>\n<span style=\"font-family: arial,helvetica,sans-serif;\"><b>Tony Neulat<\/b>,\u00a0<i>estado civil<\/i>Votre g\u00e9n\u00e9alogie n\u00b034, pp 40-41.<\/span><br \/>\n<span style=\"font-family: arial,helvetica,sans-serif;\"><b>Documento fotogr\u00e1fico<\/b>\u00a0: G\u00e9niWal asbl\u00a0<span style=\"font-size: 12pt;\">\u00a9<\/span>\u00a0todos los derechos reservados<\/span><\/p>","protected":false},"excerpt":{"rendered":"<p>L&rsquo;\u00e9tat civil une source de pr\u00e9dilection du g\u00e9n\u00e9alogiste A \u00e9t\u00e9 instaur\u00e9 par d\u00e9cret de l&rsquo;assembl\u00e9e l\u00e9gislative la convention nationale du 20 septembre 1792. Notre pays est sous l&rsquo;occupation Fran\u00e7aise qui [&hellip;]<\/p>\n","protected":false},"author":2,"featured_media":3095,"comment_status":"open","ping_status":"open","sticky":false,"template":"","format":"standard","meta":{"_et_pb_use_builder":"","_et_pb_old_content":"","_et_gb_content_width":"","footnotes":""},"categories":[74,85],"tags":[],"class_list":["post-3094","post","type-post","status-publish","format-standard","has-post-thumbnail","hentry","category-archive-en-belgique","category-archives-modernes-1796-1918","et-has-post-format-content","et_post_format-et-post-format-standard"],"aioseo_notices":[],"_links":{"self":[{"href":"https:\/\/geniwal.be\/es\/wp-json\/wp\/v2\/posts\/3094","targetHints":{"allow":["GET"]}}],"collection":[{"href":"https:\/\/geniwal.be\/es\/wp-json\/wp\/v2\/posts"}],"about":[{"href":"https:\/\/geniwal.be\/es\/wp-json\/wp\/v2\/types\/post"}],"author":[{"embeddable":true,"href":"https:\/\/geniwal.be\/es\/wp-json\/wp\/v2\/users\/2"}],"replies":[{"embeddable":true,"href":"https:\/\/geniwal.be\/es\/wp-json\/wp\/v2\/comments?post=3094"}],"version-history":[{"count":0,"href":"https:\/\/geniwal.be\/es\/wp-json\/wp\/v2\/posts\/3094\/revisions"}],"wp:featuredmedia":[{"embeddable":true,"href":"https:\/\/geniwal.be\/es\/wp-json\/wp\/v2\/media\/3095"}],"wp:attachment":[{"href":"https:\/\/geniwal.be\/es\/wp-json\/wp\/v2\/media?parent=3094"}],"wp:term":[{"taxonomy":"category","embeddable":true,"href":"https:\/\/geniwal.be\/es\/wp-json\/wp\/v2\/categories?post=3094"},{"taxonomy":"post_tag","embeddable":true,"href":"https:\/\/geniwal.be\/es\/wp-json\/wp\/v2\/tags?post=3094"}],"curies":[{"name":"wp","href":"https:\/\/api.w.org\/{rel}","templated":true}]}}