{"id":3428,"date":"2019-05-14T22:18:35","date_gmt":"2019-05-14T20:18:35","guid":{"rendered":"https:\/\/geniwal.be\/?p=3428"},"modified":"2023-04-09T21:29:10","modified_gmt":"2023-04-09T19:29:10","slug":"concile-de-trente","status":"publish","type":"post","link":"https:\/\/geniwal.be\/es\/nos-pistes\/pistes-genealogiques-en-belgique\/archive-en-belgique\/concile-de-trente\/","title":{"rendered":"Pre\u00e1mbulo del Concilio de Trento"},"content":{"rendered":"<p><span style=\"font-family: arial, helvetica, sans-serif;\"> Ya en el siglo XV se hab\u00eda hecho patente la necesidad de una profunda reforma de la Iglesia y de sus instituciones. <strong>P\u00edo II, Enea Silvio Piccolomini<\/strong>nacido en Corsignano, cerca de Siena, el 18 de octubre de 1405 y fallecido en Roma el 14 de agosto de 1464, hab\u00eda descartado la idea de un concilio general en 1460, opini\u00f3n confirmada por <strong>Julio II, Giuliano Della Rovere<\/strong>nacido en Albissola, cerca de Savona, el 05 de septiembre de 1443 y fallecido en Roma el 20 de febrero de 1513, en 1512 en el Concilio de Letr\u00e1n (all\u00ed no se hab\u00edan abordado los verdaderos problemas planteados por la reforma protestante). De hecho, la intenci\u00f3n de la Iglesia era no precipitar los debates, evitar un Concilio de crisis y llevar a cabo, en cambio, reformas meditadas y de gran alcance.<\/span><span style=\"font-family: arial, helvetica, sans-serif;\">\u00a0\u00a0<\/span><span style=\"font-family: arial, helvetica, sans-serif; font-size: 8pt;\">\u00a0 \u00a0 \u00a0 \u00a0\u00a0<\/span><\/p>\n<p><span style=\"font-family: arial, helvetica, sans-serif;\">En 1530, <strong>Carlos V<\/strong> que ve\u00eda c\u00f3mo su imperio empezaba a desmoronarse a causa de las disputas religiosas, anunci\u00f3 a la Dieta de Augsburgo que pronto se celebrar\u00eda un concilio. Temiendo ser superado, el Papa <strong>Clemente VII, Giullo de Medici<\/strong>nacido en Florencia el 26 de mayo de 1478 y fallecido en Roma el 25 de septiembre de 1534, convoc\u00f3 poco despu\u00e9s una reuni\u00f3n, pero sin precisar ni el lugar ni la fecha. Fue su sucesor <strong>Pablo III, Alessandro Farnesio<\/strong>Naci\u00f3 en Canino en febrero de 1468 y muri\u00f3 en Roma en noviembre de 1549. A instancias de Carlos V, el duque de Mantua fij\u00f3 la fecha de su matrimonio para el 27 de mayo de 1537. El duque de Mantua hab\u00eda impuesto condiciones demasiado restrictivas, <strong>Pablo III<\/strong> Primero se aplaz\u00f3 a Vicenza y finalmente a Trento, una peque\u00f1a ciudad episcopal del Tirol italiano. La primera sesi\u00f3n del Concilio Ecum\u00e9nico de Trento no se inaugur\u00f3 hasta el 13 de diciembre de 1545, m\u00e1s de 8 a\u00f1os despu\u00e9s de lo previsto inicialmente. Su objetivo era permitir a la Iglesia llevar a cabo su propia reforma y reunir de nuevo a los cristianos. Aunque tuvo el m\u00e9rito de abolir algunos de los abusos de la Iglesia cat\u00f3lica y de revisar sus instituciones, el resultado fue la separaci\u00f3n definitiva de la Iglesia de la Iglesia.\u00a0<\/span><span style=\"font-family: arial, helvetica, sans-serif;\">de las dos religiones.<\/span><\/p>\n<p><img decoding=\"async\" class=\"alignnone wp-image-3452 aligncenter lazyload\" data-src=\"https:\/\/geniwal.be\/wp-content\/uploads\/2019\/05\/PIE-12--217x300.jpg\" alt=\"\" width=\"200\" height=\"276\" data-srcset=\"https:\/\/geniwal.be\/wp-content\/uploads\/2019\/05\/PIE-12--217x300.jpg 217w, https:\/\/geniwal.be\/wp-content\/uploads\/2019\/05\/PIE-12--300x414.jpg 300w, https:\/\/geniwal.be\/wp-content\/uploads\/2019\/05\/PIE-12-.jpg 505w\" data-sizes=\"(max-width: 200px) 100vw, 200px\" src=\"data:image\/svg+xml;base64,PHN2ZyB3aWR0aD0iMSIgaGVpZ2h0PSIxIiB4bWxucz0iaHR0cDovL3d3dy53My5vcmcvMjAwMC9zdmciPjwvc3ZnPg==\" style=\"--smush-placeholder-width: 200px; --smush-placeholder-aspect-ratio: 200\/276;\" \/><img decoding=\"async\" class=\"alignnone wp-image-3450 aligncenter lazyload\" data-src=\"https:\/\/geniwal.be\/wp-content\/uploads\/2019\/05\/JULES-2-213x300.jpg\" alt=\"\" width=\"198\" height=\"278\" data-srcset=\"https:\/\/geniwal.be\/wp-content\/uploads\/2019\/05\/JULES-2-213x300.jpg 213w, https:\/\/geniwal.be\/wp-content\/uploads\/2019\/05\/JULES-2-300x422.jpg 300w, https:\/\/geniwal.be\/wp-content\/uploads\/2019\/05\/JULES-2.jpg 500w\" data-sizes=\"(max-width: 198px) 100vw, 198px\" src=\"data:image\/svg+xml;base64,PHN2ZyB3aWR0aD0iMSIgaGVpZ2h0PSIxIiB4bWxucz0iaHR0cDovL3d3dy53My5vcmcvMjAwMC9zdmciPjwvc3ZnPg==\" style=\"--smush-placeholder-width: 198px; --smush-placeholder-aspect-ratio: 198\/278;\" \/><img decoding=\"async\" class=\"alignnone wp-image-3453 aligncenter lazyload\" data-src=\"https:\/\/geniwal.be\/wp-content\/uploads\/2019\/05\/CLEMENT-7-1-200x300.jpg\" alt=\"\" width=\"185\" height=\"278\" data-srcset=\"https:\/\/geniwal.be\/wp-content\/uploads\/2019\/05\/CLEMENT-7-1-200x300.jpg 200w, https:\/\/geniwal.be\/wp-content\/uploads\/2019\/05\/CLEMENT-7-1-300x450.jpg 300w, https:\/\/geniwal.be\/wp-content\/uploads\/2019\/05\/CLEMENT-7-1.jpg 450w\" data-sizes=\"(max-width: 185px) 100vw, 185px\" src=\"data:image\/svg+xml;base64,PHN2ZyB3aWR0aD0iMSIgaGVpZ2h0PSIxIiB4bWxucz0iaHR0cDovL3d3dy53My5vcmcvMjAwMC9zdmciPjwvc3ZnPg==\" style=\"--smush-placeholder-width: 185px; --smush-placeholder-aspect-ratio: 185\/278;\" \/><img decoding=\"async\" class=\"alignnone wp-image-3451 aligncenter lazyload\" data-src=\"https:\/\/geniwal.be\/wp-content\/uploads\/2019\/05\/PAUL-3-237x300.jpg\" alt=\"\" width=\"219\" height=\"277\" data-srcset=\"https:\/\/geniwal.be\/wp-content\/uploads\/2019\/05\/PAUL-3-237x300.jpg 237w, https:\/\/geniwal.be\/wp-content\/uploads\/2019\/05\/PAUL-3-300x380.jpg 300w, https:\/\/geniwal.be\/wp-content\/uploads\/2019\/05\/PAUL-3.jpg 550w\" data-sizes=\"(max-width: 219px) 100vw, 219px\" src=\"data:image\/svg+xml;base64,PHN2ZyB3aWR0aD0iMSIgaGVpZ2h0PSIxIiB4bWxucz0iaHR0cDovL3d3dy53My5vcmcvMjAwMC9zdmciPjwvc3ZnPg==\" style=\"--smush-placeholder-width: 219px; --smush-placeholder-aspect-ratio: 219\/277;\" \/><\/p>\n<p><span style=\"font-family: arial, helvetica, sans-serif;\"><span style=\"font-family: arial, helvetica, sans-serif; font-size: 8pt;\">\u00a0 \u00a0 \u00a0 \u00a0 \u00a0 Enea Silvio Piccolomini (P\u00edo II) Giuliono Della Rovere (Julio II) Guillio de Medici ( Clemente VII) Alessandro Farnese (Pablo III)\u00a0 \u00a0\u00a0<\/span><br \/>\n<\/span><\/p>\n<p><span style=\"color: #0000ff; font-size: 10pt;\"><span style=\"font-family: arial,helvetica,sans-serif;\"><strong>A<\/strong> :<\/span>\u00a0<a href=\"https:\/\/geniwal.be\/es\/concile-de-trente-sessions-1-a-8-13-12-1745-17-09-1547\/\">Consejo de Trento - Sesiones 1 a 8 (13\/12\/1745 - 17\/09\/1547)<\/a><\/span><\/p>\n<p><span style=\"font-family: arial,helvetica,sans-serif;\">2019 Heraly Yves - G\u00e9niWal Magazine n\u00b0 21, 2004 todos los derechos reservados<\/span><\/p>","protected":false},"excerpt":{"rendered":"<p>D\u00e9j\u00e0 au XV\u00e8me si\u00e8cle s&rsquo;\u00e9tait fait sentir la n\u00e9cessit\u00e9 dune r\u00e9forme profonde de l&rsquo;\u00c9glise et de ses institutions, le pape Pie II, Enea Silvio Piccolomini, n\u00e9 \u00e0 Corsignano,\u00a0pr\u00e8s de Sienne [&hellip;]<\/p>\n","protected":false},"author":2,"featured_media":3452,"comment_status":"open","ping_status":"open","sticky":false,"template":"","format":"standard","meta":{"_et_pb_use_builder":"","_et_pb_old_content":"","_et_gb_content_width":"","footnotes":""},"categories":[74,86],"tags":[],"class_list":["post-3428","post","type-post","status-publish","format-standard","has-post-thumbnail","hentry","category-archive-en-belgique","category-archives-religieuses-1600-1796","et-has-post-format-content","et_post_format-et-post-format-standard"],"aioseo_notices":[],"_links":{"self":[{"href":"https:\/\/geniwal.be\/es\/wp-json\/wp\/v2\/posts\/3428","targetHints":{"allow":["GET"]}}],"collection":[{"href":"https:\/\/geniwal.be\/es\/wp-json\/wp\/v2\/posts"}],"about":[{"href":"https:\/\/geniwal.be\/es\/wp-json\/wp\/v2\/types\/post"}],"author":[{"embeddable":true,"href":"https:\/\/geniwal.be\/es\/wp-json\/wp\/v2\/users\/2"}],"replies":[{"embeddable":true,"href":"https:\/\/geniwal.be\/es\/wp-json\/wp\/v2\/comments?post=3428"}],"version-history":[{"count":0,"href":"https:\/\/geniwal.be\/es\/wp-json\/wp\/v2\/posts\/3428\/revisions"}],"wp:featuredmedia":[{"embeddable":true,"href":"https:\/\/geniwal.be\/es\/wp-json\/wp\/v2\/media\/3452"}],"wp:attachment":[{"href":"https:\/\/geniwal.be\/es\/wp-json\/wp\/v2\/media?parent=3428"}],"wp:term":[{"taxonomy":"category","embeddable":true,"href":"https:\/\/geniwal.be\/es\/wp-json\/wp\/v2\/categories?post=3428"},{"taxonomy":"post_tag","embeddable":true,"href":"https:\/\/geniwal.be\/es\/wp-json\/wp\/v2\/tags?post=3428"}],"curies":[{"name":"wp","href":"https:\/\/api.w.org\/{rel}","templated":true}]}}