{"id":3457,"date":"2019-05-15T12:18:37","date_gmt":"2019-05-15T10:18:37","guid":{"rendered":"https:\/\/geniwal.be\/?p=3457"},"modified":"2023-04-09T21:30:05","modified_gmt":"2023-04-09T19:30:05","slug":"concile-de-trente-sessions-1-a-8-13-12-1745-17-09-1547","status":"publish","type":"post","link":"https:\/\/geniwal.be\/es\/nos-pistes\/pistes-genealogiques-en-belgique\/archive-en-belgique\/concile-de-trente-sessions-1-a-8-13-12-1745-17-09-1547\/","title":{"rendered":"Consejo de Trento - Sesiones 1 a 8 (13\/12\/1745 - 17\/09\/1547)"},"content":{"rendered":"<p><span style=\"font-size: 8pt; font-family: arial, helvetica, sans-serif;\">Cattedrale di San Vigillio, treto, Italia<\/span><\/p>\n<p><span style=\"font-family: arial, helvetica, sans-serif;\">El Papa se asegur\u00f3 de que el funcionamiento del concilio le permitiera controlar y dirigir sus deliberaciones a su antojo. La asamblea de obispos (en su mayor\u00eda italianos) s\u00f3lo ten\u00eda que tomar decisiones debatidas y propuestas por comisiones nombradas por legados papales.<\/span><\/p>\n<p><span style=\"font-family: arial, helvetica, sans-serif;\">Las primeras sesiones fueron un fracaso debido a la discrepancia entre las aspiraciones del pueblo y sus soberanos, y los temas abordados por el Concilio. Algunos deseaban el fin de los abusos de la Iglesia y reformas completas de sus instituciones, mientras que los debates se centraron en la elecci\u00f3n de los textos can\u00f3nicos, la justificaci\u00f3n por la fe y los siete sacramentos (matrimonio, bautismo, etc.). De hecho, la Iglesia dej\u00f3 clara su postura respecto a la doctrina protestante, pero no hizo autocr\u00edtica.<\/span><\/p>\n<p><span style=\"font-family: arial, helvetica, sans-serif;\">En 1547, las reiteradas protestas de los prelados de que la peste estaba a las puertas de la ciudad obligaron a trasladar el concilio a Bolonia. Carlos V prohibi\u00f3 a sus obispos seguir el traslado y, al no haber suficientes participantes, el Papa tuvo que suspender el concilio el 17 de septiembre de 1549.<\/span><\/p>\n<p>&nbsp;<\/p>\n<p><a href=\"https:\/\/geniwal.be\/es\/le-concile-de-trente-sessions-9-16-01-5-1551-28-04-1552\/\"><span style=\"font-family: arial, helvetica, sans-serif;\"><strong>Vers : El Consejo de los Treinta Sesiones 9 a 16 (01\/5\/1551 - 28\/04\/1552)<\/strong><\/span><\/a><\/p>\n<p><span style=\"font-family: arial, helvetica, sans-serif;\"><span style=\"font-size: 8pt;\"><strong><span style=\"font-size: 10pt;\">Fuentes :<\/span><\/strong><br \/>\n<\/span><\/span><span style=\"font-family: arial, helvetica, sans-serif; font-size: 10pt;\">Imagen: https:\/\/fr.tripadvisor.be\/Attraction_Review-g187861-d2325632-Reviews-Cattedrale_di_San_Vigilio-Trento_Province_of_Trento_Trentino_Alto_Adige.html<\/span><\/p>\n<p><span style=\"font-family: arial, helvetica, sans-serif; font-size: 10pt;\">2019 Heraly Yves - Revista G\u00e9niWal n\u00b0 21, 2004<\/span><\/p>","protected":false},"excerpt":{"rendered":"<p>Cattedrale di San Vigillio, treto, Italie Le pape s&rsquo;assura que le fonctionnement du concile lui permettrait de contr\u00f4ler et d&rsquo;orienter les d\u00e9lib\u00e9rations comme il l&rsquo;entendait. L&rsquo;assembl\u00e9e des \u00e9v\u00eaques (en majorit\u00e9 [&hellip;]<\/p>\n","protected":false},"author":2,"featured_media":3458,"comment_status":"open","ping_status":"open","sticky":false,"template":"","format":"standard","meta":{"_et_pb_use_builder":"","_et_pb_old_content":"","_et_gb_content_width":"","footnotes":""},"categories":[74,86],"tags":[],"class_list":["post-3457","post","type-post","status-publish","format-standard","has-post-thumbnail","hentry","category-archive-en-belgique","category-archives-religieuses-1600-1796","et-has-post-format-content","et_post_format-et-post-format-standard"],"aioseo_notices":[],"_links":{"self":[{"href":"https:\/\/geniwal.be\/es\/wp-json\/wp\/v2\/posts\/3457","targetHints":{"allow":["GET"]}}],"collection":[{"href":"https:\/\/geniwal.be\/es\/wp-json\/wp\/v2\/posts"}],"about":[{"href":"https:\/\/geniwal.be\/es\/wp-json\/wp\/v2\/types\/post"}],"author":[{"embeddable":true,"href":"https:\/\/geniwal.be\/es\/wp-json\/wp\/v2\/users\/2"}],"replies":[{"embeddable":true,"href":"https:\/\/geniwal.be\/es\/wp-json\/wp\/v2\/comments?post=3457"}],"version-history":[{"count":0,"href":"https:\/\/geniwal.be\/es\/wp-json\/wp\/v2\/posts\/3457\/revisions"}],"wp:featuredmedia":[{"embeddable":true,"href":"https:\/\/geniwal.be\/es\/wp-json\/wp\/v2\/media\/3458"}],"wp:attachment":[{"href":"https:\/\/geniwal.be\/es\/wp-json\/wp\/v2\/media?parent=3457"}],"wp:term":[{"taxonomy":"category","embeddable":true,"href":"https:\/\/geniwal.be\/es\/wp-json\/wp\/v2\/categories?post=3457"},{"taxonomy":"post_tag","embeddable":true,"href":"https:\/\/geniwal.be\/es\/wp-json\/wp\/v2\/tags?post=3457"}],"curies":[{"name":"wp","href":"https:\/\/api.w.org\/{rel}","templated":true}]}}