{"id":346,"date":"2013-07-11T19:41:45","date_gmt":"2013-07-11T18:41:45","guid":{"rendered":"https:\/\/geniwal.be\/?p=346"},"modified":"2023-04-04T22:39:55","modified_gmt":"2023-04-04T20:39:55","slug":"cercle-genealogique-de-versailles-et-des-yvelines","status":"publish","type":"post","link":"https:\/\/geniwal.be\/es\/nos-pistes\/karolus\/cercle-genealogique-de-versailles-et-des-yvelines\/","title":{"rendered":"C\u00edrculo geneal\u00f3gico de Versalles e Yvelines"},"content":{"rendered":"<p><b>Presentaci\u00f3n:<\/b><br \/>\nLa asociaci\u00f3n fue fundada en 1976 al amparo de la ley de 1901 y registrada en la Prefectura con el n\u00ba 6.459 por un grupo de genealogistas apasionados. Pero la buena voluntad de todos le permiti\u00f3 desarrollarse r\u00e1pidamente. Su trabajo y la seriedad de sus acciones la han hecho muy conocida tanto en los c\u00edrculos geneal\u00f3gicos como en los archivos franceses. La asociaci\u00f3n publica una revista trimestral, \"G\u00e9n\u00e9alogie en Yvelines\". Dispone de una biblioteca que contiene 2.000 obras geneal\u00f3gicas y una lista de las familias estudiadas por los miembros y las de los c\u00edrculos regionales y departamentales. Los cursos de paleograf\u00eda son un complemento indispensable de la investigaci\u00f3n geneal\u00f3gica. La asociaci\u00f3n dispone de locales que albergan la biblioteca, archivos informatizados de registros de Yvelines (matrimonios, bautizos, entierros) que pueden consultarse en r\u00e9gimen de autoservicio, una p\u00e1gina web y voluntarios que participan en las actividades, y que podr\u00edan hacerlo a\u00fan mejor si fueran m\u00e1s numerosos.<br \/>\n<b>C\u00f3mo encontrarnos:<\/b><\/p>\n<ul>\n<li>Establecer su genealog\u00eda<\/li>\n<li>Superar la investigaci\u00f3n<\/li>\n<li>Rastrear la historia de su familia<\/li>\n<li>Buscar asesoramiento<\/li>\n<li>Conozca a genealogistas experimentados.<\/li>\n<li>Participar en acciones conjuntas<\/li>\n<\/ul>\n<p>Horario de apertura :<br \/>\nSoporte de <b>14\u00a0<\/b><b> a las 19.00 horas<\/b> en los locales del C\u00edrculo: <b>Centro de Documentaci\u00f3n Geneal\u00f3gica Viroflay<\/b>situado en el <b>Edificio de servicios t\u00e9cnicos para la ciudad de Viroflay<\/b>. (183, avenue du G\u00e9n\u00e9ral Leclerc). La entrada a la sala est\u00e1 a la derecha del edificio municipal: baje las escaleras para llegar a la sala.<br \/>\nDirecci\u00f3n de contacto:<br \/>\nCGVY - en Versalles Asociaciones<br \/>\n2bis place de Touraine - 78000 Versalles<br \/>\nCorreo electr\u00f3nico : <a href=\"mailto:cgvy@free.fr\"><span style=\"color: #000000;\">cgvy@free.fr<\/span><\/a>,<br \/>\nP\u00e1gina web : <a href=\"http:\/\/www.cgvy.org\/index.html\">http:\/\/www.cgvy.org\/index.html<\/a><br \/>\nMiembro de la F\u00e9d\u00e9ration Fran\u00e7aise de G\u00e9n\u00e9alogie<br \/>\nMiembro fundador de la Union G\u00e9n\u00e9alogique Francilienne<br \/>\nMiembro del Comit\u00e9 de Trabajos Hist\u00f3ricos y Cient\u00edficos<br \/>\nC\u00edrculo de miembros de G\u00e9n\u00e9abank<\/p>","protected":false},"excerpt":{"rendered":"<p>Pr\u00e9sentation : Est\u00a0une association\u00a0loi 1901\u00a0fond\u00e9e en 1976,\u00a0d\u00e9clar\u00e9e \u00e0 la Pr\u00e9fecture, sous le n\u00b0 6.459 par un groupe de g\u00e9n\u00e9alogistes passionn\u00e9s, les d\u00e9buts furent modestes. Mais la bonne volont\u00e9 de tous [&hellip;]<\/p>\n","protected":false},"author":2,"featured_media":1824,"comment_status":"closed","ping_status":"closed","sticky":false,"template":"","format":"standard","meta":{"_et_pb_use_builder":"","_et_pb_old_content":"","_et_gb_content_width":"","footnotes":""},"categories":[65],"tags":[],"class_list":["post-346","post","type-post","status-publish","format-standard","has-post-thumbnail","hentry","category-karolus","et-has-post-format-content","et_post_format-et-post-format-standard"],"aioseo_notices":[],"_links":{"self":[{"href":"https:\/\/geniwal.be\/es\/wp-json\/wp\/v2\/posts\/346","targetHints":{"allow":["GET"]}}],"collection":[{"href":"https:\/\/geniwal.be\/es\/wp-json\/wp\/v2\/posts"}],"about":[{"href":"https:\/\/geniwal.be\/es\/wp-json\/wp\/v2\/types\/post"}],"author":[{"embeddable":true,"href":"https:\/\/geniwal.be\/es\/wp-json\/wp\/v2\/users\/2"}],"replies":[{"embeddable":true,"href":"https:\/\/geniwal.be\/es\/wp-json\/wp\/v2\/comments?post=346"}],"version-history":[{"count":0,"href":"https:\/\/geniwal.be\/es\/wp-json\/wp\/v2\/posts\/346\/revisions"}],"wp:featuredmedia":[{"embeddable":true,"href":"https:\/\/geniwal.be\/es\/wp-json\/wp\/v2\/media\/1824"}],"wp:attachment":[{"href":"https:\/\/geniwal.be\/es\/wp-json\/wp\/v2\/media?parent=346"}],"wp:term":[{"taxonomy":"category","embeddable":true,"href":"https:\/\/geniwal.be\/es\/wp-json\/wp\/v2\/categories?post=346"},{"taxonomy":"post_tag","embeddable":true,"href":"https:\/\/geniwal.be\/es\/wp-json\/wp\/v2\/tags?post=346"}],"curies":[{"name":"wp","href":"https:\/\/api.w.org\/{rel}","templated":true}]}}